{"id":8046,"date":"2024-04-22T13:31:23","date_gmt":"2024-04-22T13:31:23","guid":{"rendered":"https:\/\/www.upo.es\/patio-colorado\/?p=8046"},"modified":"2024-04-22T14:21:47","modified_gmt":"2024-04-22T14:21:47","slug":"el-ballet-en-el-teatro-de-la-maestra-danza","status":"publish","type":"post","link":"https:\/\/www.upo.es\/patio-colorado\/2024\/04\/22\/el-ballet-en-el-teatro-de-la-maestra-danza\/","title":{"rendered":"El ballet en el Teatro de la maestra danza"},"content":{"rendered":"<p>&nbsp;<\/p>\n<p><img loading=\"lazy\" decoding=\"async\" class=\"wp-image-8047 size-medium alignleft\" src=\"https:\/\/www.upo.es\/patio-colorado\/wp-content\/uploads\/2024\/04\/El-Ballet-Preljocaj-funde-el-medio-ambiente-y-el-cambio-climatico-con-la-musica-de-Chaikovski.jpeg-266x300.png\" alt=\"\" width=\"266\" height=\"300\" srcset=\"https:\/\/www.upo.es\/patio-colorado\/wp-content\/uploads\/2024\/04\/El-Ballet-Preljocaj-funde-el-medio-ambiente-y-el-cambio-climatico-con-la-musica-de-Chaikovski.jpeg-266x300.png 266w, https:\/\/www.upo.es\/patio-colorado\/wp-content\/uploads\/2024\/04\/El-Ballet-Preljocaj-funde-el-medio-ambiente-y-el-cambio-climatico-con-la-musica-de-Chaikovski.jpeg-907x1024.png 907w, https:\/\/www.upo.es\/patio-colorado\/wp-content\/uploads\/2024\/04\/El-Ballet-Preljocaj-funde-el-medio-ambiente-y-el-cambio-climatico-con-la-musica-de-Chaikovski.jpeg-768x867.png 768w, https:\/\/www.upo.es\/patio-colorado\/wp-content\/uploads\/2024\/04\/El-Ballet-Preljocaj-funde-el-medio-ambiente-y-el-cambio-climatico-con-la-musica-de-Chaikovski.jpeg.png 1189w\" sizes=\"auto, (max-width: 266px) 100vw, 266px\" \/><\/p>\n<p>&nbsp;<\/p>\n<p>Durante dos d\u00edas se pudo ver en el teatro de la maestra danza de Sevilla una nueva versi\u00f3n de El lago de los cisnes de Tchaikovsky. Esta obra de ballet se present\u00f3 en febrero de 2024, los d\u00edas 24\/02\/2024 y 25\/02\/2024. El ballet dur\u00f3 unas dos horas. El ballet comenz\u00f3 a las 19:00 y termin\u00f3 a las 21:00. A continuaci\u00f3n se aplaud\u00eda a todos los bailarines, lo que tambi\u00e9n duraba unos 10 minutos. La sala del teatro estaba siempre llena de p\u00fablico. El p\u00fablico era algo mayor, pero tambi\u00e9n hab\u00eda algunos m\u00e1s j\u00f3venes. El ballet era una nueva puesta en escena del core\u00f3grafo Angelin Preljocaj. Una parte del antiguo ballet cl\u00e1sico se volvi\u00f3 a escenificar por completo y la protagonista, Odette, se convirti\u00f3 en ecologista. La obra de ballet era muy bonita de ver, ya que ten\u00eda muchos cl\u00e1sicos, pero tambi\u00e9n muchas versiones nuevas. Las nuevas versiones se caracterizaban por muchos segmentos tecno. En s\u00ed, era algo fresco y nuevo que nunca antes hab\u00eda existido, pero personalmente me habr\u00eda gustado ver m\u00e1s cl\u00e1sicos antiguos. Adem\u00e1s, las bailarinas s\u00f3lo bailaban descalzas y no hab\u00eda ning\u00fan elemento en puntas.<\/p>\n<p>Para la gente que no tenga relaci\u00f3n con el ballet, explicar\u00e9 brevemente en qu\u00e9 consiste esta pieza de ballet.<br \/>\n\u00abEl lago de los cisnes\u00bb es uno de los ballets m\u00e1s conocidos y populares del mundo, dentro de la tradici\u00f3n del ballet cl\u00e1sico. Fue compuesto en 1876 por el compositor ruso Piotr Ilich Chaikovski y se basa en un libreto de Vladimir Petrovich Begichev y Wenceslao Reisinger. La coreograf\u00eda del ballet es obra de Marius Petipa y Lev Ivanov.<br \/>\nEl argumento de \u00abEl lago de los cisnes\u00bb gira en torno al joven pr\u00edncipe Sigfrido, que se enamora de Odette, una princesa que ha sido transformada en cisne por un malvado hechicero. La hechicera, Odiles, se presenta como un cisne negro e intenta enga\u00f1ar a Sigfrido, pero \u00e9ste acaba por darse cuenta de su enga\u00f1o y vuelve con Odette. Juntos luchan contra el malvado hechicero y liberan a Odette y a los dem\u00e1s de la maldici\u00f3n.<br \/>\nEn \u00abEl lago de los cisnes\u00bb destaca la m\u00fasica de Chaikovski, que incluye muchas melod\u00edas emblem\u00e1ticas, entre ellas el famoso \u00abTema de los cisnes\u00bb. La coreograf\u00eda de Petipa e Ivanov tambi\u00e9n destaca por su elegancia y belleza, especialmente en las escenas del Lago de los Cisnes.<\/p>\n<p>\u00abEl lago de los cisnes\u00bb es una obra maestra atemporal del ballet y es representada en todo el mundo por renombradas compa\u00f1\u00edas de ballet. Sigue siendo una producci\u00f3n fascinante y muy apreciada por los amantes del ballet y una parte importante del repertorio de ballet cl\u00e1sico. En la nueva edici\u00f3n tambi\u00e9n se pudieron reconocer algunas secuencias antiguas de la obra de ballet, como la lucha por el pr\u00edncipe y la hermosa danza de las cuatro o cinco bailarinas.<br \/>\nEn definitiva, se trata de una pieza muy hermosa, que ahora gusta por igual a j\u00f3venes y mayores. Aun as\u00ed, recomiendo ver el original al menos una vez antes de ver el remake, para reconocer mejor las diferencias.<\/p>\n<p>&nbsp;<\/p>\n","protected":false},"excerpt":{"rendered":"<p>&nbsp; &nbsp; Durante dos d\u00edas se pudo ver en el teatro de la maestra danza de Sevilla una nueva versi\u00f3n de El lago de los cisnes de Tchaikovsky. Esta obra de ballet se present\u00f3 en febrero de 2024, los d\u00edas 24\/02\/2024 y 25\/02\/2024. El ballet dur\u00f3 unas dos horas. El ballet comenz\u00f3 a las 19:00 [&hellip;]<\/p>\n","protected":false},"author":148,"featured_media":0,"comment_status":"open","ping_status":"open","sticky":false,"template":"","format":"image","meta":{"_acf_changed":false,"_monsterinsights_skip_tracking":false,"_monsterinsights_sitenote_active":false,"_monsterinsights_sitenote_note":"","_monsterinsights_sitenote_category":0,"footnotes":""},"categories":[301],"tags":[],"class_list":["post-8046","post","type-post","status-publish","format-image","hentry","category-sevilla","post_format-post-format-image"],"blocksy_meta":[],"acf":[],"jetpack_featured_media_url":"","_links":{"self":[{"href":"https:\/\/www.upo.es\/patio-colorado\/wp-json\/wp\/v2\/posts\/8046","targetHints":{"allow":["GET"]}}],"collection":[{"href":"https:\/\/www.upo.es\/patio-colorado\/wp-json\/wp\/v2\/posts"}],"about":[{"href":"https:\/\/www.upo.es\/patio-colorado\/wp-json\/wp\/v2\/types\/post"}],"author":[{"embeddable":true,"href":"https:\/\/www.upo.es\/patio-colorado\/wp-json\/wp\/v2\/users\/148"}],"replies":[{"embeddable":true,"href":"https:\/\/www.upo.es\/patio-colorado\/wp-json\/wp\/v2\/comments?post=8046"}],"version-history":[{"count":1,"href":"https:\/\/www.upo.es\/patio-colorado\/wp-json\/wp\/v2\/posts\/8046\/revisions"}],"predecessor-version":[{"id":8048,"href":"https:\/\/www.upo.es\/patio-colorado\/wp-json\/wp\/v2\/posts\/8046\/revisions\/8048"}],"wp:attachment":[{"href":"https:\/\/www.upo.es\/patio-colorado\/wp-json\/wp\/v2\/media?parent=8046"}],"wp:term":[{"taxonomy":"category","embeddable":true,"href":"https:\/\/www.upo.es\/patio-colorado\/wp-json\/wp\/v2\/categories?post=8046"},{"taxonomy":"post_tag","embeddable":true,"href":"https:\/\/www.upo.es\/patio-colorado\/wp-json\/wp\/v2\/tags?post=8046"}],"curies":[{"name":"wp","href":"https:\/\/api.w.org\/{rel}","templated":true}]}}