{"id":8049,"date":"2024-04-22T13:38:00","date_gmt":"2024-04-22T13:38:00","guid":{"rendered":"https:\/\/www.upo.es\/patio-colorado\/?p=8049"},"modified":"2024-04-22T14:21:25","modified_gmt":"2024-04-22T14:21:25","slug":"el-museo-del-flamenco-de-sevilla","status":"publish","type":"post","link":"https:\/\/www.upo.es\/patio-colorado\/2024\/04\/22\/el-museo-del-flamenco-de-sevilla\/","title":{"rendered":"El Museo del Flamenco de Sevilla"},"content":{"rendered":"<p><img loading=\"lazy\" decoding=\"async\" class=\"size-medium wp-image-8050 alignleft\" src=\"https:\/\/www.upo.es\/patio-colorado\/wp-content\/uploads\/2024\/04\/IMG_0920-300x300.png\" alt=\"\" width=\"300\" height=\"300\" srcset=\"https:\/\/www.upo.es\/patio-colorado\/wp-content\/uploads\/2024\/04\/IMG_0920-300x300.png 300w, https:\/\/www.upo.es\/patio-colorado\/wp-content\/uploads\/2024\/04\/IMG_0920-150x150.png 150w, https:\/\/www.upo.es\/patio-colorado\/wp-content\/uploads\/2024\/04\/IMG_0920-768x768.png 768w, https:\/\/www.upo.es\/patio-colorado\/wp-content\/uploads\/2024\/04\/IMG_0920.png 800w\" sizes=\"auto, (max-width: 300px) 100vw, 300px\" \/><\/p>\n<p>El Museo del Flamenco de Sevilla est\u00e1 un poco escondido en el centro de la ciudad, pero sin duda merece la pena visitar este museo tan especial.<\/p>\n<p>Sevilla es la cuna del flamenco, por lo que es muy interesante saber c\u00f3mo surgi\u00f3 y por qu\u00e9 es tan popular. El museo se encuentra en pleno centro de Sevilla. Puede visitarlo todos los d\u00edas entre las 11:00 y las 18:30 horas. La entrada normal tambi\u00e9n es muy asequible, 10 euros por persona. Este hermoso museo abri\u00f3 sus puertas en 2006 y, desde entonces, numerosos visitantes de todos los pa\u00edses vienen a verlo cada a\u00f1o.<\/p>\n<p>El museo no s\u00f3lo explica de d\u00f3nde viene el flamenco, sino tambi\u00e9n qu\u00e9 significa la indumentaria y c\u00f3mo se baila flamenco. Al entrar en el Museo del Flamenco, lo primero que se ve es una casa muy bonita, hecha en su mayor parte de madera. Est\u00e1 decorada en rojo y madera oscura, ya que el rojo es tambi\u00e9n el color del flamenco. Si se toma su tiempo, la visita al museo dura algo menos de una hora. El museo tiene un total de tres plantas para explorar.<\/p>\n<p><img loading=\"lazy\" decoding=\"async\" class=\"size-medium wp-image-8051 alignleft\" src=\"https:\/\/www.upo.es\/patio-colorado\/wp-content\/uploads\/2024\/04\/IMG_3088-225x300.jpeg\" alt=\"\" width=\"225\" height=\"300\" srcset=\"https:\/\/www.upo.es\/patio-colorado\/wp-content\/uploads\/2024\/04\/IMG_3088-225x300.jpeg 225w, https:\/\/www.upo.es\/patio-colorado\/wp-content\/uploads\/2024\/04\/IMG_3088-768x1024.jpeg 768w, https:\/\/www.upo.es\/patio-colorado\/wp-content\/uploads\/2024\/04\/IMG_3088-1152x1536.jpeg 1152w, https:\/\/www.upo.es\/patio-colorado\/wp-content\/uploads\/2024\/04\/IMG_3088-1536x2048.jpeg 1536w, https:\/\/www.upo.es\/patio-colorado\/wp-content\/uploads\/2024\/04\/IMG_3088-scaled.jpeg 1920w\" sizes=\"auto, (max-width: 225px) 100vw, 225px\" \/> La primera planta trata de la historia del flamenco, c\u00f3mo surgi\u00f3 y las influencias de varias culturas. Tambi\u00e9n hay una sala con una pantalla gigante donde se muestran varios bailes y t\u00e9cnicas flamencas. All\u00ed podr\u00e1 sentarse y disfrutar de varios cortometrajes. La \u00faltima sala de este nivel muestra la indumentaria tradicional flamenca y su evoluci\u00f3n a lo largo de los a\u00f1os.<\/p>\n<p>&nbsp;<\/p>\n<p>&nbsp;<\/p>\n<p>&nbsp;<\/p>\n<p>&nbsp;<\/p>\n<p><img loading=\"lazy\" decoding=\"async\" class=\"size-medium wp-image-8052 alignright\" src=\"https:\/\/www.upo.es\/patio-colorado\/wp-content\/uploads\/2024\/04\/IMG_3094-225x300.jpeg\" alt=\"\" width=\"225\" height=\"300\" srcset=\"https:\/\/www.upo.es\/patio-colorado\/wp-content\/uploads\/2024\/04\/IMG_3094-225x300.jpeg 225w, https:\/\/www.upo.es\/patio-colorado\/wp-content\/uploads\/2024\/04\/IMG_3094-768x1024.jpeg 768w, https:\/\/www.upo.es\/patio-colorado\/wp-content\/uploads\/2024\/04\/IMG_3094-1152x1536.jpeg 1152w, https:\/\/www.upo.es\/patio-colorado\/wp-content\/uploads\/2024\/04\/IMG_3094-1536x2048.jpeg 1536w, https:\/\/www.upo.es\/patio-colorado\/wp-content\/uploads\/2024\/04\/IMG_3094-scaled.jpeg 1920w\" sizes=\"auto, (max-width: 225px) 100vw, 225px\" \/> <img loading=\"lazy\" decoding=\"async\" class=\"size-medium wp-image-8053 alignright\" src=\"https:\/\/www.upo.es\/patio-colorado\/wp-content\/uploads\/2024\/04\/IMG_3096-225x300.jpeg\" alt=\"\" width=\"225\" height=\"300\" srcset=\"https:\/\/www.upo.es\/patio-colorado\/wp-content\/uploads\/2024\/04\/IMG_3096-225x300.jpeg 225w, https:\/\/www.upo.es\/patio-colorado\/wp-content\/uploads\/2024\/04\/IMG_3096-768x1024.jpeg 768w, https:\/\/www.upo.es\/patio-colorado\/wp-content\/uploads\/2024\/04\/IMG_3096-1152x1536.jpeg 1152w, https:\/\/www.upo.es\/patio-colorado\/wp-content\/uploads\/2024\/04\/IMG_3096-1536x2048.jpeg 1536w, https:\/\/www.upo.es\/patio-colorado\/wp-content\/uploads\/2024\/04\/IMG_3096-scaled.jpeg 1920w\" sizes=\"auto, (max-width: 225px) 100vw, 225px\" \/> <img loading=\"lazy\" decoding=\"async\" class=\"size-medium wp-image-8054 alignright\" src=\"https:\/\/www.upo.es\/patio-colorado\/wp-content\/uploads\/2024\/04\/IMG_3095-225x300.jpeg\" alt=\"\" width=\"225\" height=\"300\" srcset=\"https:\/\/www.upo.es\/patio-colorado\/wp-content\/uploads\/2024\/04\/IMG_3095-225x300.jpeg 225w, https:\/\/www.upo.es\/patio-colorado\/wp-content\/uploads\/2024\/04\/IMG_3095-768x1024.jpeg 768w, https:\/\/www.upo.es\/patio-colorado\/wp-content\/uploads\/2024\/04\/IMG_3095-1152x1536.jpeg 1152w, https:\/\/www.upo.es\/patio-colorado\/wp-content\/uploads\/2024\/04\/IMG_3095-1536x2048.jpeg 1536w, https:\/\/www.upo.es\/patio-colorado\/wp-content\/uploads\/2024\/04\/IMG_3095-scaled.jpeg 1920w\" sizes=\"auto, (max-width: 225px) 100vw, 225px\" \/>Cuando llegue al segundo nivel del Museo del Flamenco, que es la planta superior. Encontrar\u00e1 muchas obras de arte que muestran el flamenco. Hay varias pinturas y esculturas centradas en el flamenco.<\/p>\n<p>El \u00faltimo nivel est\u00e1 en el s\u00f3tano. All\u00ed podr\u00e1 visitar un antiguo teatro flamenco tradicional. All\u00ed se conserva todo lo del siglo pasado. Incluso se pueden reconocer varias pistas de baile en el suelo.<\/p>\n<p>El museo del flamenco tambi\u00e9n ofrece clases de baile e incluso puede asistir a un espect\u00e1culo de baile flamenco tradicional varias veces a la semana.<\/p>\n<p>Como ve, la visita al Museo del Flamenco no s\u00f3lo merece la pena para los aficionados al baile.<\/p>\n<p>Si est\u00e1 en Sevilla, no pierda la oportunidad de visitar el museo.<\/p>\n<p>&nbsp;<\/p>\n","protected":false},"excerpt":{"rendered":"<p>El Museo del Flamenco de Sevilla est\u00e1 un poco escondido en el centro de la ciudad, pero sin duda merece la pena visitar este museo tan especial. Sevilla es la cuna del flamenco, por lo que es muy interesante saber c\u00f3mo surgi\u00f3 y por qu\u00e9 es tan popular. El museo se encuentra en pleno centro [&hellip;]<\/p>\n","protected":false},"author":148,"featured_media":0,"comment_status":"open","ping_status":"open","sticky":false,"template":"","format":"standard","meta":{"_acf_changed":false,"_monsterinsights_skip_tracking":false,"_monsterinsights_sitenote_active":false,"_monsterinsights_sitenote_note":"","_monsterinsights_sitenote_category":0,"footnotes":""},"categories":[166,301],"tags":[],"class_list":["post-8049","post","type-post","status-publish","format-standard","hentry","category-historia-arqueologia","category-sevilla"],"blocksy_meta":[],"acf":[],"jetpack_featured_media_url":"","_links":{"self":[{"href":"https:\/\/www.upo.es\/patio-colorado\/wp-json\/wp\/v2\/posts\/8049","targetHints":{"allow":["GET"]}}],"collection":[{"href":"https:\/\/www.upo.es\/patio-colorado\/wp-json\/wp\/v2\/posts"}],"about":[{"href":"https:\/\/www.upo.es\/patio-colorado\/wp-json\/wp\/v2\/types\/post"}],"author":[{"embeddable":true,"href":"https:\/\/www.upo.es\/patio-colorado\/wp-json\/wp\/v2\/users\/148"}],"replies":[{"embeddable":true,"href":"https:\/\/www.upo.es\/patio-colorado\/wp-json\/wp\/v2\/comments?post=8049"}],"version-history":[{"count":1,"href":"https:\/\/www.upo.es\/patio-colorado\/wp-json\/wp\/v2\/posts\/8049\/revisions"}],"predecessor-version":[{"id":8055,"href":"https:\/\/www.upo.es\/patio-colorado\/wp-json\/wp\/v2\/posts\/8049\/revisions\/8055"}],"wp:attachment":[{"href":"https:\/\/www.upo.es\/patio-colorado\/wp-json\/wp\/v2\/media?parent=8049"}],"wp:term":[{"taxonomy":"category","embeddable":true,"href":"https:\/\/www.upo.es\/patio-colorado\/wp-json\/wp\/v2\/categories?post=8049"},{"taxonomy":"post_tag","embeddable":true,"href":"https:\/\/www.upo.es\/patio-colorado\/wp-json\/wp\/v2\/tags?post=8049"}],"curies":[{"name":"wp","href":"https:\/\/api.w.org\/{rel}","templated":true}]}}