{"id":8074,"date":"2024-04-22T20:13:24","date_gmt":"2024-04-22T20:13:24","guid":{"rendered":"https:\/\/www.upo.es\/patio-colorado\/?p=8074"},"modified":"2024-05-01T17:33:17","modified_gmt":"2024-05-01T17:33:17","slug":"la-segunda-catedral-de-sevilla","status":"publish","type":"post","link":"https:\/\/www.upo.es\/patio-colorado\/2024\/04\/22\/la-segunda-catedral-de-sevilla\/","title":{"rendered":"La segunda catedral de Sevilla."},"content":{"rendered":"<figure style=\"width: 155px\" class=\"wp-caption alignright\"><img loading=\"lazy\" decoding=\"async\" src=\"https:\/\/6578f8166e.cbaul-cdnwnd.com\/b8ba2ca6486c13fd2f7ebaced23621f9\/200000013-b7627b85b5\/05_Plaza_Espa%C3%B1a.jpg\" alt=\"Anibal Gonzalez\" width=\"155\" height=\"227\" \/><figcaption class=\"wp-caption-text\">An\u00edbal Gonz\u00e1lez<\/figcaption><\/figure>\n<p>An\u00edbal Gonz\u00e1lez \u00c1lvarez-Ossorio (1876-1929) fue un arquitecto sevillano que llev\u00f3 a cabo important\u00edsimos proyectos arquitect\u00f3nicos en varias ciudades de Espa\u00f1a, pero muy especialmente, revitaliz\u00f3 Sevilla con construcciones innovadoras y muy originales que incluso se conservan hoy en d\u00eda debido a su gran creatividad y belleza. Si bien es cierto que la mayor\u00eda de las obras de An\u00edbal Gonz\u00e1lez fueron casas particulares y edificios, tuvo la oportunidad de dise\u00f1ar otros grandes proyectos para la Exposici\u00f3n Iberoamericana de 1929 que han marcado especialmente la historia de Sevilla.<\/p>\n<p>Sin embargo, hoy no vamos a hablar de los proyectos que ejecut\u00f3, sino de uno que no pudo llevar a cabo del todo y se trata de la Bas\u00edlica de la Inmaculada Milagrosa, que estuvo pensada para ser la segunda catedral de la ciudad de Sevilla.<\/p>\n<p>Su construcci\u00f3n se inici\u00f3 en mayo de 1928 en la actual avenida de La Buhaira, muy cerca de San Bernardo. El rey Alfonso XIII y el cardenal Ilundai asistieron a la bendici\u00f3n de los terrenos y colocaci\u00f3n de la primera piedra, por lo que el proyecto no solo interesaba a la ciudad de Sevilla, sino a todo el pa\u00eds. La bas\u00edlica ser\u00eda de estilo neog\u00f3tico, flanqueada por dos torres especialmente altas, naves de 45m de altura y una plaza alrededor de 120m de di\u00e1metro. La bas\u00edlica tambi\u00e9n inclu\u00eda un proyecto de plaza alrededor de todo el complejo en el que habr\u00eda un colegio, un internado, una sala de conferencias y la residencia de los Jesuitas, con un gran obelisco en el centro.<\/p>\n<figure style=\"width: 701px\" class=\"wp-caption aligncenter\"><img loading=\"lazy\" decoding=\"async\" src=\"https:\/\/cdnb.artstation.com\/p\/assets\/images\/images\/059\/611\/833\/large\/m3di-enscape-2023-02-19-01-00-44.jpg?1676765521\" alt=\"ArtStation - BASILICA de LA INMACULADA MILAGROSA\" width=\"701\" height=\"394\" \/><figcaption class=\"wp-caption-text\">Proyecto de la bas\u00edlica<\/figcaption><\/figure>\n<p><img loading=\"lazy\" decoding=\"async\" class=\"alignleft\" src=\"https:\/\/fastly.4sqi.net\/img\/general\/600x600\/30673876_QaaYyBQKtxPfimQ75AmLMXhw6V7nOnYdSYp5Jwmyj5c.jpg\" alt=\"Restos de la Bas\u00edlica de la Inmaculada Milagrosa - La Buhaira - 2 tips de 3 visitantes\" width=\"335\" height=\"335\" \/><\/p>\n<p>Si bien este proyecto suena impresionante, An\u00edbal Gonz\u00e1lez falleci\u00f3 al a\u00f1o de iniciarse, lo cual hizo que las obras se parasen y finalmente, fuera cancelado el proyecto. Imaginar esta bas\u00edlica terminada es casi impensable, tambi\u00e9n teniendo en cuenta que est\u00e1 dedicada a la Inmaculada Milagrosa, una devoci\u00f3n que estaba muy arraigada en la ciudad pero que se perdi\u00f3. Las obras abandonadas cayeron en el olvido y lo \u00fanico que s\u00ed se llev\u00f3 a cabo de todo el proyecto fue el colegio, que es hoy en d\u00eda el colegio Portaceli, de los jesuitas. Si bien las obras apenas comenzaron, a\u00fan se pueden ver los restos de la bas\u00edlica, ya que los primeros ladrillos que le daban la forma a la planta de cruz latina de la iglesia se han conservado.<\/p>\n<p>&nbsp;<\/p>\n<p>Hasta hace algunos a\u00f1os, hubo un restaurante sobre las ruinas que trataba de mantener con algo de vida los restos de lo que habr\u00eda sido un important\u00edsimo monumento para la ciudad, pero ya ha cerrado. Si alguna vez quieres pasearte por los restos, en los jardines de la Buhaira los encontrar\u00e1s.<\/p>\n<p>&nbsp;<\/p>\n<p>BIBLIOGRAF\u00cdA:<\/p>\n<div>\n<p>Secreta, S. (2018, 5 febrero). La Milagrosa: el gran proyecto de An\u00edbal Gonz\u00e1lez que no vio la luz. <i>Sevilla Secreta<\/i>. <span class=\"url\">https:\/\/sevillasecreta.co\/sevilla-casi-tuvo-una-sagrada-familia-la-barcelona\/<\/span><\/p>\n<div>\n<p>De Sevilla, P. (2015, 21 septiembre). <i>La Bas\u00edlica de la Milagrosa<\/i>. <span class=\"url\">https:\/\/www.patrimoniodesevilla.es\/sabias-que-en-la-avenida-de-la-buhaira-estuvo-a-punto-de-levantarse-una-basilica<\/span><\/p>\n<div>\n<p>Maldonati. (2015, 12 febrero). <i>La Gran Bas\u00edlica que pudo tener Sevilla<\/i>. Maldonati Photography. <span class=\"url\">https:\/\/maldonatiphotography.wordpress.com\/2015\/02\/12\/la-gran-basilica-que-pudo-tener-sevilla\/<\/span><\/p>\n<div>\n<p>Manuel. (s.\u00a0f.). <i>La Bas\u00edlica de la Inmaculada Milagrosa.<\/i> <span class=\"url\">https:\/\/postalesyfotosantiguasdesevilla.blogspot.com\/2015\/05\/la-basilica-de-la-inmaculada-milagrosa.html<\/span><\/p>\n<\/div>\n<\/div>\n<\/div>\n<\/div>\n","protected":false},"excerpt":{"rendered":"<p>An\u00edbal Gonz\u00e1lez \u00c1lvarez-Ossorio (1876-1929) fue un arquitecto sevillano que llev\u00f3 a cabo important\u00edsimos proyectos arquitect\u00f3nicos en varias ciudades de Espa\u00f1a, pero muy especialmente, revitaliz\u00f3 Sevilla con construcciones innovadoras y muy originales que incluso se conservan hoy en d\u00eda debido a su gran creatividad y belleza. Si bien es cierto que la mayor\u00eda de las obras [&hellip;]<\/p>\n","protected":false},"author":130,"featured_media":8227,"comment_status":"open","ping_status":"open","sticky":false,"template":"","format":"standard","meta":{"_acf_changed":false,"_monsterinsights_skip_tracking":false,"_monsterinsights_sitenote_active":false,"_monsterinsights_sitenote_note":"","_monsterinsights_sitenote_category":0,"footnotes":""},"categories":[1],"tags":[],"class_list":["post-8074","post","type-post","status-publish","format-standard","has-post-thumbnail","hentry","category-sin-categoria"],"blocksy_meta":[],"acf":[],"jetpack_featured_media_url":"https:\/\/www.upo.es\/patio-colorado\/wp-content\/uploads\/2024\/04\/m3di-enscape-2023-02-19-01-00-44.jpg","_links":{"self":[{"href":"https:\/\/www.upo.es\/patio-colorado\/wp-json\/wp\/v2\/posts\/8074","targetHints":{"allow":["GET"]}}],"collection":[{"href":"https:\/\/www.upo.es\/patio-colorado\/wp-json\/wp\/v2\/posts"}],"about":[{"href":"https:\/\/www.upo.es\/patio-colorado\/wp-json\/wp\/v2\/types\/post"}],"author":[{"embeddable":true,"href":"https:\/\/www.upo.es\/patio-colorado\/wp-json\/wp\/v2\/users\/130"}],"replies":[{"embeddable":true,"href":"https:\/\/www.upo.es\/patio-colorado\/wp-json\/wp\/v2\/comments?post=8074"}],"version-history":[{"count":2,"href":"https:\/\/www.upo.es\/patio-colorado\/wp-json\/wp\/v2\/posts\/8074\/revisions"}],"predecessor-version":[{"id":8081,"href":"https:\/\/www.upo.es\/patio-colorado\/wp-json\/wp\/v2\/posts\/8074\/revisions\/8081"}],"wp:featuredmedia":[{"embeddable":true,"href":"https:\/\/www.upo.es\/patio-colorado\/wp-json\/wp\/v2\/media\/8227"}],"wp:attachment":[{"href":"https:\/\/www.upo.es\/patio-colorado\/wp-json\/wp\/v2\/media?parent=8074"}],"wp:term":[{"taxonomy":"category","embeddable":true,"href":"https:\/\/www.upo.es\/patio-colorado\/wp-json\/wp\/v2\/categories?post=8074"},{"taxonomy":"post_tag","embeddable":true,"href":"https:\/\/www.upo.es\/patio-colorado\/wp-json\/wp\/v2\/tags?post=8074"}],"curies":[{"name":"wp","href":"https:\/\/api.w.org\/{rel}","templated":true}]}}