{"id":8095,"date":"2024-04-23T15:34:22","date_gmt":"2024-04-23T15:34:22","guid":{"rendered":"https:\/\/www.upo.es\/patio-colorado\/?p=8095"},"modified":"2024-04-23T15:34:22","modified_gmt":"2024-04-23T15:34:22","slug":"se-ha-encontrado-la-tumba-de-platon","status":"publish","type":"post","link":"https:\/\/www.upo.es\/patio-colorado\/2024\/04\/23\/se-ha-encontrado-la-tumba-de-platon\/","title":{"rendered":"\u00bfSe ha encontrado la tumba de Plat\u00f3n?"},"content":{"rendered":"<p>El proyecto de investigaci\u00f3n sobre los papiros carbonizados de Herculano ha desencadenado una revoluci\u00f3n con un nuevo y sorprendente descubrimiento: la ubicaci\u00f3n exacta de la tumba del fil\u00f3sofo griego Plat\u00f3n en la Academia de Atenas. Este emocionante hallazgo fue anunciado por Graziano Ranocchia, papir\u00f3logo de la Universidad de Pisa, durante una conferencia de prensa en la Biblioteca Nacional de N\u00e1poles.<\/p>\n<p><img loading=\"lazy\" decoding=\"async\" class=\"\" src=\"https:\/\/historia.nationalgeographic.com.es\/medio\/2023\/09\/21\/posicion-preminente_c3a49221_230921092201_2000x1505.jpg\" alt=\"La Escuela de Atenas: conoce a todos sus personajes\" width=\"323\" height=\"243\" \/> Plat\u00f3n y Arist\u00f3teles en la Escuela de Atenas de Rafael<\/p>\n<p>Ranocchia present\u00f3 los resultados a medio plazo del proyecto \u00abEscuelas griegas\u00bb, realizado en colaboraci\u00f3n con el Consejo Nacional de Investigaci\u00f3n italiano (CNR). Se descubri\u00f3 que Plat\u00f3n fue enterrado en un jard\u00edn exclusivo cerca de una capilla dedicada a las musas en su escuela, un detalle confirmado en un pergamino que contiene la Historia de la Academia de Filodemo de Gadara.<\/p>\n<p>Este pergamino, descubierto en Herculano en la d\u00e9cada de 1750, ha sido objeto de intensos estudios utilizando tecnolog\u00edas modernas como la inteligencia artificial, tomograf\u00eda computarizada, im\u00e1genes infrarrojas y microscop\u00eda digital de alta resoluci\u00f3n. Gracias a estas t\u00e9cnicas, se pudo descifrar un 30% m\u00e1s del contenido en comparaci\u00f3n con estudios anteriores.<\/p>\n<p>Adem\u00e1s del descubrimiento sobre la tumba de Plat\u00f3n, se revelaron otros detalles interesantes sobre su vida. Por ejemplo, se sugiere que Plat\u00f3n fue vendido como esclavo en la isla de Egina en el a\u00f1o 404 a.C. o en 399 a.C., lo que contradice la creencia anterior de que este incidente ocurri\u00f3 en el a\u00f1o 387 a.C. durante su estancia en Sicilia.<\/p>\n<p>El proyecto \u00abEscuelas griegas\u00bb ha recuperado alrededor de 1,800 papiros carbonizados de Herculano, datados entre el siglo III a.C. y el siglo I d.C. Estos hallazgos est\u00e1n transformando nuestra comprensi\u00f3n de la filosof\u00eda antigua y la historia literaria griega, y se espera que contin\u00faen arrojando luz sobre estos temas hasta que el proyecto concluya en 2026.<\/p>\n<p>Noticia: <a href=\"https:\/\/www.elespanol.com\/historia\/20240423\/ia-descifra-papiro-romano-increible-hallazgo-platon-lugar-tumba\/849915179_0.html\">La IA descifra un papiro romano con un incre\u00edble hallazgo sobre Plat\u00f3n: el lugar de su tumba (elespanol.com)<\/a><\/p>\n","protected":false},"excerpt":{"rendered":"<p>El proyecto de investigaci\u00f3n sobre los papiros carbonizados de Herculano ha desencadenado una revoluci\u00f3n con un nuevo y sorprendente descubrimiento: la ubicaci\u00f3n exacta de la tumba del fil\u00f3sofo griego Plat\u00f3n en la Academia de Atenas. Este emocionante hallazgo fue anunciado por Graziano Ranocchia, papir\u00f3logo de la Universidad de Pisa, durante una conferencia de prensa en [&hellip;]<\/p>\n","protected":false},"author":149,"featured_media":0,"comment_status":"open","ping_status":"open","sticky":false,"template":"","format":"standard","meta":{"_acf_changed":false,"_monsterinsights_skip_tracking":false,"_monsterinsights_sitenote_active":false,"_monsterinsights_sitenote_note":"","_monsterinsights_sitenote_category":0,"footnotes":""},"categories":[45,46],"tags":[],"class_list":["post-8095","post","type-post","status-publish","format-standard","hentry","category-boletin-colorao","category-en-la-prensa"],"blocksy_meta":[],"acf":[],"jetpack_featured_media_url":"","_links":{"self":[{"href":"https:\/\/www.upo.es\/patio-colorado\/wp-json\/wp\/v2\/posts\/8095","targetHints":{"allow":["GET"]}}],"collection":[{"href":"https:\/\/www.upo.es\/patio-colorado\/wp-json\/wp\/v2\/posts"}],"about":[{"href":"https:\/\/www.upo.es\/patio-colorado\/wp-json\/wp\/v2\/types\/post"}],"author":[{"embeddable":true,"href":"https:\/\/www.upo.es\/patio-colorado\/wp-json\/wp\/v2\/users\/149"}],"replies":[{"embeddable":true,"href":"https:\/\/www.upo.es\/patio-colorado\/wp-json\/wp\/v2\/comments?post=8095"}],"version-history":[{"count":1,"href":"https:\/\/www.upo.es\/patio-colorado\/wp-json\/wp\/v2\/posts\/8095\/revisions"}],"predecessor-version":[{"id":8096,"href":"https:\/\/www.upo.es\/patio-colorado\/wp-json\/wp\/v2\/posts\/8095\/revisions\/8096"}],"wp:attachment":[{"href":"https:\/\/www.upo.es\/patio-colorado\/wp-json\/wp\/v2\/media?parent=8095"}],"wp:term":[{"taxonomy":"category","embeddable":true,"href":"https:\/\/www.upo.es\/patio-colorado\/wp-json\/wp\/v2\/categories?post=8095"},{"taxonomy":"post_tag","embeddable":true,"href":"https:\/\/www.upo.es\/patio-colorado\/wp-json\/wp\/v2\/tags?post=8095"}],"curies":[{"name":"wp","href":"https:\/\/api.w.org\/{rel}","templated":true}]}}