{"id":8106,"date":"2024-04-25T14:48:36","date_gmt":"2024-04-25T14:48:36","guid":{"rendered":"https:\/\/www.upo.es\/patio-colorado\/?p=8106"},"modified":"2024-04-25T14:52:07","modified_gmt":"2024-04-25T14:52:07","slug":"festival-de-los-patios-cordobeses-patrimonio-de-la-humanidad","status":"publish","type":"post","link":"https:\/\/www.upo.es\/patio-colorado\/2024\/04\/25\/festival-de-los-patios-cordobeses-patrimonio-de-la-humanidad\/","title":{"rendered":"Festival de los Patios Cordobeses. Patrimonio de la Humanidad."},"content":{"rendered":"<p>Los Patios de C\u00f3rdoba viven su m\u00e1ximo esplendor en la primera quincena de mayo cada a\u00f1o con el Festival de los Patios Cordobeses. \u00a0Esta tradici\u00f3n es \u00fanica en el mundo, y se basa en las caracter\u00edsticas de la forma de vida cordobesa, en casas con patios y balcones ajardinados, en los que las flores destacan como elemento decorativo. Durante este evento,\u00a0 los propietarios de alrededor de cuarenta patios abren sus puertas para los visitantes, con el objetivo de que estos puedan descubrir la magia de estos patios, junto con su entorno incomparable, en una experiencia \u00fanica.<\/p>\n<p>Los barrios de la Axerqu\u00eda, San Agust\u00edn, Santa Marina y San Basilio albergan patios famosos, que los cordobeses visitan a\u00f1o tras a\u00f1o, pues su belleza no se puede disfrutar en un solo d\u00eda. En las zonas m\u00e1s animadas, especialmente en San Basilio, conocido como el barrio del Alc\u00e1zar Viejo, se permite la instalaci\u00f3n de bares y m\u00fasica. La Asociaci\u00f3n de Amigos de los Patios lleva a cabo la restauraci\u00f3n de antiguas casas, renov\u00e1ndolas y abriendo sus patios al p\u00fablico durante el Festival de los Patios.<\/p>\n<div id=\"column-2\" class=\"area-description col-75 col-left col-12 col-md-6 col-lg-8 col-xl-9 portlet-column portlet-column-first\">\n<div id=\"layout-column_column-2\" class=\"portlet-dropzone portlet-column-content portlet-column-content-first\">\n<div id=\"p_p_id_creacioncontenidoweb_INSTANCE_5BLw6C3xabNP_\" class=\"portlet-boundary portlet-boundary_creacioncontenidoweb_ portlet-static portlet-static-end portlet-decorate \">\n<section id=\"portlet_creacioncontenidoweb_INSTANCE_5BLw6C3xabNP\" class=\"portlet\">\n<div class=\"portlet-content\">\n<div class=\" portlet-content-container\">\n<div class=\"portlet-body\">\n<div class=\"clearfix journal-content-article\" style=\"clear: both\" data-analytics-asset-id=\"99287\" data-analytics-asset-title=\"Texto libre 1 - Arte, cultura y tradiciones &gt; Mayo Cordob\u00e9s &gt; Patios de C\u00f3rdoba\" data-analytics-asset-type=\"web-content\">\n<div class=\"static-text\">\n<div class=\"bg\">\n<div class=\"wrapped-content\">\n<div class=\"text-body\">\n<p>Durante la celebraci\u00f3n de este festival tiene lugar el Concurso de Rejas y Balcones, en el que se premia a las rejas y balcones mejor engalanados con flores de vivos colores, siendo las m\u00e1s populares las gitanillas, los geranios y los claveles. Este concurso surge como un est\u00edmulo para preservar la antigua tradici\u00f3n cordobesa de adornar los balcones con flores. Para participar, las rejas o balcones deben estar ubicados dentro del casco hist\u00f3rico, y pesar de que\u00a0 el concurso se celebre en mayo, podemos disfrutar de esta tradici\u00f3n durante todo el a\u00f1o al pasear por las calles de esta maravillosa ciudad, Patrimonio de la Humanidad.<\/p>\n<div class=\"flex-1 overflow-hidden\">\n<div class=\"react-scroll-to-bottom--css-eresv-79elbk h-full\">\n<div class=\"react-scroll-to-bottom--css-eresv-1n7m0yu\">\n<div class=\"flex flex-col text-sm pb-9\">\n<div class=\"w-full text-token-text-primary\" dir=\"auto\" data-testid=\"conversation-turn-7\">\n<div class=\"px-4 py-2 justify-center text-base md:gap-6 m-auto\">\n<div class=\"flex flex-1 text-base mx-auto gap-3 juice:gap-4 juice:md:gap-6 md:px-5 lg:px-1 xl:px-5 md:max-w-3xl lg:max-w-[40rem] xl:max-w-[48rem]\">\n<div class=\"relative flex w-full min-w-0 flex-col agent-turn\">\n<div class=\"flex-col gap-1 md:gap-3\">\n<div class=\"mt-1 flex gap-3 empty:hidden\">\n<div class=\"text-gray-400 flex self-end lg:self-center items-center justify-center lg:justify-start mt-0 -ml-1 h-7 gap-[2px] visible\">\n<div class=\"flex\">\n<div class=\"flex-1 overflow-hidden\">\n<div class=\"react-scroll-to-bottom--css-eresv-79elbk h-full\">\n<div class=\"react-scroll-to-bottom--css-eresv-1n7m0yu\">\n<div class=\"flex flex-col text-sm pb-9\">\n<div class=\"w-full text-token-text-primary\" dir=\"auto\" data-testid=\"conversation-turn-9\">\n<div class=\"px-4 py-2 justify-center text-base md:gap-6 m-auto\">\n<div class=\"flex flex-1 text-base mx-auto gap-3 juice:gap-4 juice:md:gap-6 md:px-5 lg:px-1 xl:px-5 md:max-w-3xl lg:max-w-[40rem] xl:max-w-[48rem]\">\n<div class=\"relative flex w-full min-w-0 flex-col agent-turn\">\n<div class=\"flex-col gap-1 md:gap-3\">\n<div class=\"mt-1 flex gap-3 empty:hidden\">\n<div class=\"text-gray-400 flex self-end lg:self-center items-center justify-center lg:justify-start mt-0 -ml-1 h-7 gap-[2px] visible\"><img loading=\"lazy\" decoding=\"async\" class=\"alignnone size-medium wp-image-8109\" src=\"https:\/\/www.upo.es\/patio-colorado\/wp-content\/uploads\/2024\/04\/Javier-Romera-gana-el-concurso-de-fotografia-de-patios-200x300.jpg\" alt=\"\" width=\"200\" height=\"300\" srcset=\"https:\/\/www.upo.es\/patio-colorado\/wp-content\/uploads\/2024\/04\/Javier-Romera-gana-el-concurso-de-fotografia-de-patios-200x300.jpg 200w, https:\/\/www.upo.es\/patio-colorado\/wp-content\/uploads\/2024\/04\/Javier-Romera-gana-el-concurso-de-fotografia-de-patios-683x1024.jpg 683w, https:\/\/www.upo.es\/patio-colorado\/wp-content\/uploads\/2024\/04\/Javier-Romera-gana-el-concurso-de-fotografia-de-patios.jpg 736w\" sizes=\"auto, (max-width: 200px) 100vw, 200px\" \/>\u00a0 \u00a0 \u00a0 \u00a0 \u00a0 \u00a0 \u00a0 \u00a0 <img loading=\"lazy\" decoding=\"async\" class=\"alignnone size-medium wp-image-8108\" src=\"https:\/\/www.upo.es\/patio-colorado\/wp-content\/uploads\/2024\/04\/30-Fotos-para-enamorase-de-los-patios-de-Cordoba-1-200x300.jpg\" alt=\"\" width=\"200\" height=\"300\" srcset=\"https:\/\/www.upo.es\/patio-colorado\/wp-content\/uploads\/2024\/04\/30-Fotos-para-enamorase-de-los-patios-de-Cordoba-1-200x300.jpg 200w, https:\/\/www.upo.es\/patio-colorado\/wp-content\/uploads\/2024\/04\/30-Fotos-para-enamorase-de-los-patios-de-Cordoba-1.jpg 668w\" sizes=\"auto, (max-width: 200px) 100vw, 200px\" \/><\/div>\n<\/div>\n<div class=\"pr-2 lg:pr-0\"><\/div>\n<\/div>\n<div class=\"absolute\">\n<div class=\"flex w-full gap-2 items-center justify-center\">Fuente: <a href=\"https:\/\/www.andalucia.org\/es\/mayo-cordobes\/patios-de-cordoba\">Web Oficial de Turismo de Andaluc\u00eda<\/a><\/div>\n<\/div>\n<\/div>\n<\/div>\n<\/div>\n<\/div>\n<\/div>\n<\/div>\n<\/div>\n<\/div>\n<div class=\"w-full pt-2 md:pt-0 dark:border-white\/20 md:border-transparent md:dark:border-transparent md:w-[calc(100%-.5rem)]\">\n<div class=\"relative flex h-full max-w-full flex-1 flex-col\">\n<div class=\"absolute bottom-full left-0 right-0\"><\/div>\n<div class=\"flex w-full items-center\"><\/div>\n<\/div>\n<\/div>\n<\/div>\n<\/div>\n<\/div>\n<div class=\"pr-2 lg:pr-0\"><\/div>\n<\/div>\n<div class=\"absolute\">\n<div class=\"flex w-full gap-2 items-center justify-center\"><\/div>\n<\/div>\n<\/div>\n<\/div>\n<\/div>\n<\/div>\n<\/div>\n<\/div>\n<\/div>\n<\/div>\n<div class=\"w-full pt-2 md:pt-0 dark:border-white\/20 md:border-transparent md:dark:border-transparent md:w-[calc(100%-.5rem)]\">\n<div class=\"relative flex h-full max-w-full flex-1 flex-col\">\n<div class=\"absolute bottom-full left-0 right-0\"><\/div>\n<div class=\"flex w-full items-center\"><\/div>\n<\/div>\n<\/div>\n<\/div>\n<\/div>\n<\/div>\n<\/div>\n<\/div>\n<\/div>\n<\/div>\n<\/div>\n<\/section>\n<\/div>\n<\/div>\n<\/div>\n","protected":false},"excerpt":{"rendered":"<p>Los Patios de C\u00f3rdoba viven su m\u00e1ximo esplendor en la primera quincena de mayo cada a\u00f1o con el Festival de los Patios Cordobeses. \u00a0Esta tradici\u00f3n es \u00fanica en el mundo, y se basa en las caracter\u00edsticas de la forma de vida cordobesa, en casas con patios y balcones ajardinados, en los que las flores destacan [&hellip;]<\/p>\n","protected":false},"author":142,"featured_media":0,"comment_status":"open","ping_status":"open","sticky":false,"template":"","format":"standard","meta":{"_acf_changed":false,"_monsterinsights_skip_tracking":false,"_monsterinsights_sitenote_active":false,"_monsterinsights_sitenote_note":"","_monsterinsights_sitenote_category":0,"footnotes":""},"categories":[1,304,35,23],"tags":[],"class_list":["post-8106","post","type-post","status-publish","format-standard","hentry","category-sin-categoria","category-cordoba","category-fiestas-tradiciones","category-patrimonio-vivo"],"blocksy_meta":[],"acf":[],"jetpack_featured_media_url":"","_links":{"self":[{"href":"https:\/\/www.upo.es\/patio-colorado\/wp-json\/wp\/v2\/posts\/8106","targetHints":{"allow":["GET"]}}],"collection":[{"href":"https:\/\/www.upo.es\/patio-colorado\/wp-json\/wp\/v2\/posts"}],"about":[{"href":"https:\/\/www.upo.es\/patio-colorado\/wp-json\/wp\/v2\/types\/post"}],"author":[{"embeddable":true,"href":"https:\/\/www.upo.es\/patio-colorado\/wp-json\/wp\/v2\/users\/142"}],"replies":[{"embeddable":true,"href":"https:\/\/www.upo.es\/patio-colorado\/wp-json\/wp\/v2\/comments?post=8106"}],"version-history":[{"count":1,"href":"https:\/\/www.upo.es\/patio-colorado\/wp-json\/wp\/v2\/posts\/8106\/revisions"}],"predecessor-version":[{"id":8110,"href":"https:\/\/www.upo.es\/patio-colorado\/wp-json\/wp\/v2\/posts\/8106\/revisions\/8110"}],"wp:attachment":[{"href":"https:\/\/www.upo.es\/patio-colorado\/wp-json\/wp\/v2\/media?parent=8106"}],"wp:term":[{"taxonomy":"category","embeddable":true,"href":"https:\/\/www.upo.es\/patio-colorado\/wp-json\/wp\/v2\/categories?post=8106"},{"taxonomy":"post_tag","embeddable":true,"href":"https:\/\/www.upo.es\/patio-colorado\/wp-json\/wp\/v2\/tags?post=8106"}],"curies":[{"name":"wp","href":"https:\/\/api.w.org\/{rel}","templated":true}]}}