{"id":8117,"date":"2024-04-28T15:27:43","date_gmt":"2024-04-28T15:27:43","guid":{"rendered":"https:\/\/www.upo.es\/patio-colorado\/?p=8117"},"modified":"2024-04-28T15:27:43","modified_gmt":"2024-04-28T15:27:43","slug":"explorando-la-trascendencia-de-la-danza-celebrando-el-dia-internacional-de-la-danza-con-la-junta-de-andalucia","status":"publish","type":"post","link":"https:\/\/www.upo.es\/patio-colorado\/2024\/04\/28\/explorando-la-trascendencia-de-la-danza-celebrando-el-dia-internacional-de-la-danza-con-la-junta-de-andalucia\/","title":{"rendered":"Explorando la Trascendencia de la Danza: Celebrando el D\u00eda Internacional de la Danza con la Junta de Andaluc\u00eda"},"content":{"rendered":"<div>Este lunes 29 de abril, se celebra el D\u00eda Internacional de la Danza. <span class=\"text-with-replacments\">Desde su creaci\u00f3n en 1982, el Comit\u00e9 de la Danza y el Instituto Internacional del Teatro ITI han seleccionado cada a\u00f1o destacadas personalidades del mundo de la danza para escribir un mensaje conmemorativo en honor a este d\u00eda.<\/span><span class=\"text-with-replacments\"> Con esto, tambi\u00e9n se consigue destacar su importancia, tanto para la sociedad en general como para cada individuo, as\u00ed como su potencial para el crecimiento econ\u00f3mico. Esta celebraci\u00f3n tambi\u00e9n se cre\u00f3 <\/span><span class=\"text-with-replacments\">como una llamada de atenci\u00f3n a gobiernos, pol\u00edticos e instituciones que a\u00fan no han reconocido su gran valor.<\/span><\/div>\n<div><\/div>\n<div><span class=\"text-with-replacments\">Para conmemorarlo, la Junta de Andaluc\u00eda ha organizado un evento que no solo celebra esta forma de arte, sino que tambi\u00e9n explora su importancia sociocultural.<\/span><span class=\"text-with-replacments\"> La danza, en todas sus formas, ya sean tradicionales o contempor\u00e1neas, se presenta como un medio de expresi\u00f3n universal que va m\u00e1s all\u00e1 de las barreras ling\u00fc\u00edsticas y culturales al conectar a las personas en un nivel profundo y emocional.<\/span><br \/>\n<span class=\"text-with-replacments\">En este evento se tratar\u00e1 de resaltar la importancia fundamental de la danza como agente de inclusi\u00f3n social al brindar un espacio para que personas de diferentes or\u00edgenes puedan encontrarse y compartir sus experiencias a trav\u00e9s del movimiento.<\/span><span class=\"text-with-replacments\">\u00a0<\/span><\/div>\n<div><\/div>\n<div>Por otro lado, este d\u00eda promueve el impacto<span class=\"text-with-replacments\"> positivo que tiene la pr\u00e1ctica de la danza en la salud y el bienestar de las personas.<\/span><span class=\"text-with-replacments\">\u00a0 Algunos estudios han demostrado los enormes beneficios f\u00edsicos y emocionales que proporciona el bailar, desde el fortalecimiento del sistema cardiovascular hasta la mejora del estado de \u00e1nimo y la reducci\u00f3n del estr\u00e9s.<\/span><span class=\"text-with-replacments\"> En un mundo donde el sedentarismo y la desconexi\u00f3n son cada vez m\u00e1s comunes, la danza surge como una herramienta poderosa para mejorar la salud integral y fomentar el crecimiento personal.<\/span><\/div>\n<div><\/div>\n<div>Concretamente en Andaluc\u00eda, la danza es m\u00e1s que solo movimientos elegantes y m\u00fasica envolvente; es una expresi\u00f3n profunda de nuestra identidad y cultura. Cada paso, cada giro, cuenta una historia de nuestras ra\u00edces, nuestras alegr\u00edas y nuestras luchas. En esta tierra de sol y pasi\u00f3n, la danza es el latido del coraz\u00f3n de nuestras celebraciones. Desde las buler\u00edas hasta las sevillanas, cada baile es un reflejo de la calidez de nuestra gente y la intensidad de nuestras emociones. Y es que, somos afortunados de tener una gran variedad de bailes por toda nuestra tierra, as\u00ed que voy a hablar de alguno de ellos:<\/div>\n<div><\/div>\n<ul>\n<li><strong>El baile flamenco:<\/strong> Sin duda uno de los m\u00e1s extendidos y conocidos, no solo en Andaluc\u00eda y en Espa\u00f1a, sino tambi\u00e9n alrededor de todo el mundo, ya que es un gran atractivo tur\u00edstico.\n<div class=\"px-5 py-3 border border-gray-300 rounded-md text-left text-gray-500 flex flex-col gap-2 sm:text-base text-xs\"><span class=\"text-with-replacments\">En un principio, el enfoque del flamenco se centraba principalmente en la voz del cantante. Sin embargo, con el tiempo, durante las actuaciones que ten\u00edan lugar en los antiguos caf\u00e9s cantantes, la intensidad y entrega de los bailaores sobre el escenario atrajeron cada vez m\u00e1s la atenci\u00f3n del p\u00fablico.<\/span><\/div>\n<\/li>\n<\/ul>\n<p><iframe loading=\"lazy\" title=\"Espect\u00e1culo Flamenco en Sevilla | Tablao Flamenco El Palacio Andaluz\" width=\"1600\" height=\"900\" src=\"https:\/\/www.youtube.com\/embed\/aF_cRJDqIjg?feature=oembed\" frameborder=\"0\" allow=\"accelerometer; autoplay; clipboard-write; encrypted-media; gyroscope; picture-in-picture; web-share\" referrerpolicy=\"strict-origin-when-cross-origin\" allowfullscreen><\/iframe><\/p>\n<p>(Canal Tablao Flamenco El Patio Andaluz, 2013)<\/p>\n<p>&nbsp;<\/p>\n<ul>\n<li><strong>Verdiales:\u00a0<\/strong>Se trata de la gran danza tradicional de la provincia de M\u00e1laga. Se trata de una danza de estilo rural en la que los bailarines se mueven al comp\u00e1s de un viol\u00edn, varias guitarras, casta\u00f1uelas, cr\u00f3talos, una bandurria y un pandero. Su festividad principal tiene lugar el D\u00eda de los Santos Inocentes, el 28 de diciembre , y ha sido reconocida como Patrimonio Cultural de Inter\u00e9s.<\/li>\n<\/ul>\n<p><iframe loading=\"lazy\" title=\"Andalusian folk dance: Verdiales de M\u00e1laga\" width=\"1600\" height=\"900\" src=\"https:\/\/www.youtube.com\/embed\/YEdVGIVIhXs?feature=oembed\" frameborder=\"0\" allow=\"accelerometer; autoplay; clipboard-write; encrypted-media; gyroscope; picture-in-picture; web-share\" referrerpolicy=\"strict-origin-when-cross-origin\" allowfullscreen><\/iframe><\/p>\n<p>(Canal Folk Dances Around the World, 2022)<\/p>\n<p>&nbsp;<\/p>\n<ul>\n<li><strong>La jota noriega: <\/strong>T\u00edpica de A\u00f1ora, C\u00f3rdoba.\u00a0Los bailarines bailan en parejas mixtas, con sus manos levantadas mientras tocan las casta\u00f1uelas.<span class=\"text-with-replacments\"> Normalmente, la m\u00fasica se acompa\u00f1a de una guitarra y una bandurria.<\/span><span class=\"text-with-replacments\"> Los movimientos de los bailarines, su vestimenta y sobre todo su estilo vocal caracter\u00edstico se ven claramente influenciados por las jotas castellanas y aragonesas.<\/span><\/li>\n<\/ul>\n<p><iframe loading=\"lazy\" title=\"Baile de la &quot;Jota noriega&quot; t\u00edpica de A\u00f1ora (C\u00f3rdoba)\" width=\"1600\" height=\"900\" src=\"https:\/\/www.youtube.com\/embed\/z1LQ2sXlBUY?feature=oembed\" frameborder=\"0\" allow=\"accelerometer; autoplay; clipboard-write; encrypted-media; gyroscope; picture-in-picture; web-share\" referrerpolicy=\"strict-origin-when-cross-origin\" allowfullscreen><\/iframe><\/p>\n<p>(Canal MemorANDA, 2016)<\/p>\n<div class=\"badge badge-style-type-verified style-scope ytd-badge-supported-renderer style-scope ytd-badge-supported-renderer\" role=\"img\" aria-label=\"Verificada\">\n<p class=\"style-scope ytd-badge-supported-renderer\">\n<\/div>\n<ul>\n<li><strong>Danza de los cascabeleros:\u00a0<\/strong>En Alosno, Huelva. Se puede ver durante las fiestas de San Juan Bautista, y es conocida por los cascabeles que llevan los bailarines en sus trajes que emiten un sonido en perfecta armon\u00eda a la m\u00fasica que los acompa\u00f1a.<\/li>\n<\/ul>\n<p><iframe loading=\"lazy\" title=\"Fiesta de San Juan Bautista y Danza de los Cascabeleros\" width=\"1600\" height=\"900\" src=\"https:\/\/www.youtube.com\/embed\/TkqYNjhQ1X8?feature=oembed\" frameborder=\"0\" allow=\"accelerometer; autoplay; clipboard-write; encrypted-media; gyroscope; picture-in-picture; web-share\" referrerpolicy=\"strict-origin-when-cross-origin\" allowfullscreen><\/iframe><\/p>\n<div>(Canal Patronato de Turismo de Huelva, 2015)<\/div>\n<div><\/div>\n<div><\/div>\n<div>\n<div class=\"px-5 py-3 border border-gray-300 rounded-md text-left text-gray-500 flex flex-col gap-2 sm:text-base text-xs\"><span class=\"text-with-replacments\">Como vemos, en Andaluc\u00eda, la danza es m\u00e1s que una tradici\u00f3n, es un estilo de vida. Nos ense\u00f1a a expresarnos sin palabras, a celebrar nuestra individualidad y a compartir nuestra cultura con el mundo. C<\/span><span class=\"text-with-replacments\">onmemorar el D\u00eda Internacional de la Danza no solo permite reconocer y rendir homenaje a esta expresi\u00f3n art\u00edstica, sino tambi\u00e9n reflexionar sobre su profundo impacto en la sociedad y reafirmar el compromiso de fomentar su pr\u00e1ctica y aprecio en la comunidad andaluza y m\u00e1s all\u00e1.<\/span><\/div>\n<div><\/div>\n<blockquote>\n<div class=\"px-5 py-3 border border-gray-300 rounded-md text-left text-gray-500 flex flex-col gap-2 sm:text-base text-xs\" style=\"text-align: center\"><span class=\"text-with-replacments\">La danza sigue siendo una fuente inagotable de belleza y significado en nuestro mundo, con su gran capacidad de unir, inspirar y transformar.<\/span><\/p>\n<\/div>\n<\/blockquote>\n<div class=\"px-5 py-3 border border-gray-300 rounded-md text-left flex flex-col gap-2 sm:text-base text-xs\">\n<div class=\"flex gap-4 py-4 flex-col md:flex-row\"><\/div>\n<\/div>\n<\/div>\n<p><span style=\"text-decoration: underline\"><strong>Bibliograf\u00eda:<\/strong><\/span><\/p>\n<p>Andaluc\u00eda Exclusiva. (2020, 20 julio). Bailes t\u00edpicos de Andaluc\u00eda que no son flamenco &#8211; Andaluc\u00eda Exclusiva. <i>Andaluc\u00eda Exclusiva<\/i>. <a href=\"https:\/\/andaluciaexclusiva.com\/mas-que-flamenco-otros-bailes-tipicos-de-andalucia\/\"><span class=\"url\">https:\/\/andaluciaexclusiva.com\/mas-que-flamenco-otros-bailes-tipicos-de-andalucia\/<\/span><\/a><\/p>\n<p>Andaluz, E. P. (2023, 27 junio). <i>El baile flamenco: origen y tipos<\/i>. El Palacio Andaluz. <a href=\"https:\/\/elflamencoensevilla.com\/baile-flamenco-origen-y-tipos\/\"><span class=\"url\">https:\/\/elflamencoensevilla.com\/baile-flamenco-origen-y-tipos\/<\/span><\/a><\/p>\n<p>Cecilia, F. (2024, 28 de abril). La Junta conmemora el D\u00eda Internacional de la Danza ensalzando su influencia en la sociedad. <em>El Pespunte<\/em>, <a href=\"https:\/\/www.elpespunte.es\/la-junta-conmemora-el-dia-internacional-de-la-danza-ensalzando-su-influencia-en-la-sociedad\/\">https:\/\/www.elpespunte.es\/la-junta-conmemora-el-dia-internacional-de-la-danza-ensalzando-su-influencia-en-la-sociedad\/<\/a><\/p>\n<p><i>D\u00eda Internacional de la Danza &#8211; Instituto Internacional del Teatro ITI<\/i>. (s. f.). <a href=\"https:\/\/international-dance-day.org\/es\/\">https:\/\/international-dance-day.org\/es\/\u00a0<\/a><\/p>\n<div class=\"flex-1 overflow-hidden\">\n<div class=\"react-scroll-to-bottom--css-tivdd-79elbk h-full\">\n<div class=\"react-scroll-to-bottom--css-tivdd-1n7m0yu\">\n<div class=\"flex flex-col text-sm pb-9\">\n<div class=\"w-full text-token-text-primary\" dir=\"auto\" data-testid=\"conversation-turn-3\">\n<div class=\"px-4 py-2 justify-center text-base md:gap-6 m-auto\">\n<div class=\"flex flex-1 text-base mx-auto gap-3 juice:gap-4 juice:md:gap-6 md:px-5 lg:px-1 xl:px-5 md:max-w-3xl lg:max-w-[40rem] xl:max-w-[48rem]\">\n<div class=\"relative flex w-full min-w-0 flex-col agent-turn\">\n<div class=\"flex-col gap-1 md:gap-3\">\n<div class=\"pr-2 lg:pr-0\">\n<div>\n<div>\n<p>Folk Dances Around the World. (2022, 28 julio). <i>Andalusian folk dance: Verdiales de M\u00e1laga<\/i> [V\u00eddeo]. YouTube. <a href=\"https:\/\/www.youtube.com\/watch?v=YEdVGIVIhXs\"><span class=\"url\">https:\/\/www.youtube.com\/watch?v=YEdVGIVIhXs<\/span><\/a><\/p>\n<\/div>\n<\/div>\n<div>\n<div>\n<p>MemorANDA. (2016, 6 octubre). <i>Baile de la \u00abJota noriega\u00bb t\u00edpica de A\u00f1ora (C\u00f3rdoba)<\/i> [V\u00eddeo]. YouTube. <a href=\"https:\/\/www.youtube.com\/watch?v=z1LQ2sXlBUY\"><span class=\"url\">https:\/\/www.youtube.com\/watch?v=z1LQ2sXlBUY<\/span><\/a><\/p>\n<\/div>\n<\/div>\n<div>\n<div>\n<p>Patronato de Turismo de Huelva. (2015b, mayo 20). <i>Fiesta de San Juan Bautista y danza de los cascabeleros<\/i> [V\u00eddeo]. YouTube. <a href=\"https:\/\/www.youtube.com\/watch?v=TkqYNjhQ1X8\"><span class=\"url\">https:\/\/www.youtube.com\/watch?v=TkqYNjhQ1X8<\/span><\/a><\/p>\n<\/div>\n<\/div>\n<\/div>\n<div>\n<div>\n<p>Redaccion. (s.\u00a0f.). <i>Danzas Ritules de Andaluc\u00eda: tradici\u00f3n y celebraci\u00f3n<\/i>. Marchena Noticias. Marchena Secreta. El Tiempo En Marchena. Sucesos Marchena. Planes de Verano En Andalucia.\u00a0 Marchena Noticias. <a href=\"https:\/\/marchenasecreta.com\/danzas-ritules-de-andalucia-tradicion-y-celebracion\/\"><span class=\"url\">https:\/\/marchenasecreta.com\/danzas-ritules-de-andalucia-tradicion-y-celebracion\/<\/span><\/a><\/p>\n<\/div>\n<\/div>\n<div>\n<div>\n<p>Tablao Flamenco El Palacio Andaluz. (2013, 11 diciembre). <i>Espect\u00e1culo Flamenco en Sevilla | Tablao Flamenco El Palacio Andaluz<\/i> [V\u00eddeo]. YouTube. <a href=\"https:\/\/www.youtube.com\/watch?v=aF_cRJDqIjg\"><span class=\"url\">https:\/\/www.youtube.com\/watch?v=aF_cRJDqIjg<\/span><\/a><\/p>\n<\/div>\n<\/div>\n<div>\n<div><\/div>\n<\/div>\n<div>\n<div>\n<p>&nbsp;<\/p>\n<\/div>\n<\/div>\n<\/div>\n<div class=\"absolute\">\n<div class=\"flex w-full gap-2 items-center justify-center\"><\/div>\n<\/div>\n<\/div>\n<\/div>\n<\/div>\n<\/div>\n<\/div>\n<\/div>\n<\/div>\n<\/div>\n<div class=\"w-full pt-2 md:pt-0 dark:border-white\/20 md:border-transparent md:dark:border-transparent md:w-[calc(100%-.5rem)]\">\n<div class=\"relative flex h-full max-w-full flex-1 flex-col\">\n<div class=\"absolute bottom-full left-0 right-0\"><\/div>\n<div class=\"flex w-full items-center\"><\/div>\n<\/div>\n<\/div>\n","protected":false},"excerpt":{"rendered":"<p>Este lunes 29 de abril, se celebra el D\u00eda Internacional de la Danza. Desde su creaci\u00f3n en 1982, el Comit\u00e9 de la Danza y el Instituto Internacional del Teatro ITI han seleccionado cada a\u00f1o destacadas personalidades del mundo de la danza para escribir un mensaje conmemorativo en honor a este d\u00eda. Con esto, tambi\u00e9n se [&hellip;]<\/p>\n","protected":false},"author":128,"featured_media":8118,"comment_status":"open","ping_status":"open","sticky":false,"template":"","format":"standard","meta":{"_acf_changed":false,"_monsterinsights_skip_tracking":false,"_monsterinsights_sitenote_active":false,"_monsterinsights_sitenote_note":"","_monsterinsights_sitenote_category":0,"footnotes":""},"categories":[169,23],"tags":[55,420,28,149],"class_list":["post-8117","post","type-post","status-publish","format-standard","has-post-thumbnail","hentry","category-cine-artes-audiovisuales","category-patrimonio-vivo","tag-andalucia","tag-patrimonioinmaterial","tag-arte","tag-danza"],"blocksy_meta":[],"acf":[],"jetpack_featured_media_url":"https:\/\/www.upo.es\/patio-colorado\/wp-content\/uploads\/2024\/04\/canova-ratto-di-elena-danza-di-venere-e-delle-grazie-davanti-a-marte-137549-7b40f3-1024.jpg","_links":{"self":[{"href":"https:\/\/www.upo.es\/patio-colorado\/wp-json\/wp\/v2\/posts\/8117","targetHints":{"allow":["GET"]}}],"collection":[{"href":"https:\/\/www.upo.es\/patio-colorado\/wp-json\/wp\/v2\/posts"}],"about":[{"href":"https:\/\/www.upo.es\/patio-colorado\/wp-json\/wp\/v2\/types\/post"}],"author":[{"embeddable":true,"href":"https:\/\/www.upo.es\/patio-colorado\/wp-json\/wp\/v2\/users\/128"}],"replies":[{"embeddable":true,"href":"https:\/\/www.upo.es\/patio-colorado\/wp-json\/wp\/v2\/comments?post=8117"}],"version-history":[{"count":9,"href":"https:\/\/www.upo.es\/patio-colorado\/wp-json\/wp\/v2\/posts\/8117\/revisions"}],"predecessor-version":[{"id":8133,"href":"https:\/\/www.upo.es\/patio-colorado\/wp-json\/wp\/v2\/posts\/8117\/revisions\/8133"}],"wp:featuredmedia":[{"embeddable":true,"href":"https:\/\/www.upo.es\/patio-colorado\/wp-json\/wp\/v2\/media\/8118"}],"wp:attachment":[{"href":"https:\/\/www.upo.es\/patio-colorado\/wp-json\/wp\/v2\/media?parent=8117"}],"wp:term":[{"taxonomy":"category","embeddable":true,"href":"https:\/\/www.upo.es\/patio-colorado\/wp-json\/wp\/v2\/categories?post=8117"},{"taxonomy":"post_tag","embeddable":true,"href":"https:\/\/www.upo.es\/patio-colorado\/wp-json\/wp\/v2\/tags?post=8117"}],"curies":[{"name":"wp","href":"https:\/\/api.w.org\/{rel}","templated":true}]}}