{"id":8121,"date":"2024-04-28T12:24:04","date_gmt":"2024-04-28T12:24:04","guid":{"rendered":"https:\/\/www.upo.es\/patio-colorado\/?p=8121"},"modified":"2024-04-28T12:24:04","modified_gmt":"2024-04-28T12:24:04","slug":"naturaleza-encendida","status":"publish","type":"post","link":"https:\/\/www.upo.es\/patio-colorado\/2024\/04\/28\/naturaleza-encendida\/","title":{"rendered":"Naturaleza encendida"},"content":{"rendered":"<p><img loading=\"lazy\" decoding=\"async\" class=\"size-full wp-image-8122 alignleft\" src=\"https:\/\/www.upo.es\/patio-colorado\/wp-content\/uploads\/2024\/04\/IMG_0930.jpeg\" alt=\"\" width=\"225\" height=\"225\" srcset=\"https:\/\/www.upo.es\/patio-colorado\/wp-content\/uploads\/2024\/04\/IMG_0930.jpeg 225w, https:\/\/www.upo.es\/patio-colorado\/wp-content\/uploads\/2024\/04\/IMG_0930-150x150.jpeg 150w\" sizes=\"auto, (max-width: 225px) 100vw, 225px\" \/>\u00a1Espect\u00e1culo de luz en el Alc\u00e1zar!<br \/>\nActualmente hay un espect\u00e1culo de luz en el jard\u00edn del Alc\u00e1zar en cuanto anochece y este espect\u00e1culo se llama \u00abNaturaleza encendida\u00bb. En \u00e9l se pueden ver varias instalaciones de luz que se ofrecen en el jard\u00edn. Las hay m\u00e1s grandes y m\u00e1s peque\u00f1as, pero todas las instalaciones son muy bonitas de ver, ya que las luces juegan con la naturaleza. La entrada a este evento cuesta unos 14 euros para los adultos y 11 euros para los estudiantes. Desde fuera ya se pueden ver los bellos colores iluminados en los \u00e1rboles. Cuando entras en el jard\u00edn, te dejan entrar en grupos para que no haya demasiada gente y todos puedan contemplar el espect\u00e1culo con tranquilidad. El jard\u00edn tiene muchas divisiones para que uno no se pierda y se cree un hilo conductor. Adem\u00e1s, se escucha de fondo una m\u00fasica relajante que a\u00f1ade un toque encantador a toda la experiencia. En el jard\u00edn hay varias instalaciones de luz. <img loading=\"lazy\" decoding=\"async\" class=\"size-full wp-image-8123 alignright\" src=\"https:\/\/www.upo.es\/patio-colorado\/wp-content\/uploads\/2024\/04\/IMG_0932.jpeg\" alt=\"\" width=\"275\" height=\"183\" \/>Los \u00e1rboles y las palmeras est\u00e1n iluminados con focos de colores y algunas palmeras tienen tambi\u00e9n una tira de LED en el tronco que se ilumina en sincron\u00eda con las dem\u00e1s. En general, hay mucho que descubrir en este jard\u00edn. Ya sean las bolas de discoteca que dan a todo el jard\u00edn un aire m\u00e1gico o las tiras de LED que hay repartidas por todo el jard\u00edn. El jard\u00edn est\u00e1 dividido en cuatro secciones y en cada una de ellas se puede ver algo diferente. <img loading=\"lazy\" decoding=\"async\" class=\"size-full wp-image-8124 alignleft\" src=\"https:\/\/www.upo.es\/patio-colorado\/wp-content\/uploads\/2024\/04\/IMG_0933.jpeg\" alt=\"\" width=\"275\" height=\"183\" \/>Tambi\u00e9n hay hermosas instalaciones de luz y agua que se reproducen de forma sincronizada. Una de mis atracciones favoritas fue sin duda el \u00abbosque de las hadas\u00bb, si se le puede llamar as\u00ed. Entras en una parte del jard\u00edn donde todos los arbustos est\u00e1n decorados con luces de hadas y se iluminan alternativamente para que creas que est\u00e1n brillando. Tambi\u00e9n ponen m\u00fasica para recordarte el sonido del brillo. Todo fue muy m\u00e1gico y podr\u00eda haberme quedado mirando los arbustos durante horas, ya que la decoraci\u00f3n era realmente preciosa.<br \/>\n<img loading=\"lazy\" decoding=\"async\" class=\"size-full wp-image-8125 alignright\" src=\"https:\/\/www.upo.es\/patio-colorado\/wp-content\/uploads\/2024\/04\/IMG_0931.jpeg\" alt=\"\" width=\"194\" height=\"259\" \/><\/p>\n<p>&nbsp;<\/p>\n<p>Mi recomendaci\u00f3n es que vuelvas a visitarlo, ya que s\u00f3lo estar\u00e1 abierto hasta el 30 de abril de 2024.<br \/>\nTodo parece tan m\u00e1gico y da un nuevo significado a la naturaleza.<\/p>\n","protected":false},"excerpt":{"rendered":"<p>\u00a1Espect\u00e1culo de luz en el Alc\u00e1zar! Actualmente hay un espect\u00e1culo de luz en el jard\u00edn del Alc\u00e1zar en cuanto anochece y este espect\u00e1culo se llama \u00abNaturaleza encendida\u00bb. En \u00e9l se pueden ver varias instalaciones de luz que se ofrecen en el jard\u00edn. Las hay m\u00e1s grandes y m\u00e1s peque\u00f1as, pero todas las instalaciones son muy [&hellip;]<\/p>\n","protected":false},"author":148,"featured_media":0,"comment_status":"open","ping_status":"open","sticky":false,"template":"","format":"standard","meta":{"_acf_changed":false,"_monsterinsights_skip_tracking":false,"_monsterinsights_sitenote_active":false,"_monsterinsights_sitenote_note":"","_monsterinsights_sitenote_category":0,"footnotes":""},"categories":[12,301],"tags":[],"class_list":["post-8121","post","type-post","status-publish","format-standard","hentry","category-eventos","category-sevilla"],"blocksy_meta":[],"acf":[],"jetpack_featured_media_url":"","_links":{"self":[{"href":"https:\/\/www.upo.es\/patio-colorado\/wp-json\/wp\/v2\/posts\/8121","targetHints":{"allow":["GET"]}}],"collection":[{"href":"https:\/\/www.upo.es\/patio-colorado\/wp-json\/wp\/v2\/posts"}],"about":[{"href":"https:\/\/www.upo.es\/patio-colorado\/wp-json\/wp\/v2\/types\/post"}],"author":[{"embeddable":true,"href":"https:\/\/www.upo.es\/patio-colorado\/wp-json\/wp\/v2\/users\/148"}],"replies":[{"embeddable":true,"href":"https:\/\/www.upo.es\/patio-colorado\/wp-json\/wp\/v2\/comments?post=8121"}],"version-history":[{"count":1,"href":"https:\/\/www.upo.es\/patio-colorado\/wp-json\/wp\/v2\/posts\/8121\/revisions"}],"predecessor-version":[{"id":8126,"href":"https:\/\/www.upo.es\/patio-colorado\/wp-json\/wp\/v2\/posts\/8121\/revisions\/8126"}],"wp:attachment":[{"href":"https:\/\/www.upo.es\/patio-colorado\/wp-json\/wp\/v2\/media?parent=8121"}],"wp:term":[{"taxonomy":"category","embeddable":true,"href":"https:\/\/www.upo.es\/patio-colorado\/wp-json\/wp\/v2\/categories?post=8121"},{"taxonomy":"post_tag","embeddable":true,"href":"https:\/\/www.upo.es\/patio-colorado\/wp-json\/wp\/v2\/tags?post=8121"}],"curies":[{"name":"wp","href":"https:\/\/api.w.org\/{rel}","templated":true}]}}