{"id":8142,"date":"2024-04-29T09:38:35","date_gmt":"2024-04-29T09:38:35","guid":{"rendered":"https:\/\/www.upo.es\/patio-colorado\/?p=8142"},"modified":"2024-04-29T09:38:35","modified_gmt":"2024-04-29T09:38:35","slug":"dali-y-lorca-una-historia-de-amor-imposible","status":"publish","type":"post","link":"https:\/\/www.upo.es\/patio-colorado\/2024\/04\/29\/dali-y-lorca-una-historia-de-amor-imposible\/","title":{"rendered":"Dal\u00ed y Lorca: una historia de amor imposible"},"content":{"rendered":"<p>Fue en el a\u00f1o 1923 cuando dos de las mentes m\u00e1s brillantes del siglo XX coincidieron en la Residencia de estudiantes de Madrid. Su relaci\u00f3n fue mucho m\u00e1s all\u00e1 de una mera colaboraci\u00f3n art\u00edstica, y es que estas dos exc\u00e9ntricas personalidades del mundo del arte vivieron un romance prohibido lleno de drama y erotismo.<\/p>\n<p>Federico Garc\u00eda Lorca y Salvador Dal\u00ed, de 25 y 19 a\u00f1os respectivamente, vivieron una historia de amor que pas\u00f3 por diversas fases hasta el fusilamiento del poeta en el a\u00f1o 36. Esta historia tan novelesca que dio comienzo gracias a un Dal\u00ed chulesco que quiso conquistar al que consideraba \u00abla \u00fanica mente brillante de su generaci\u00f3n\u00bb, culmin\u00f3 con el coraz\u00f3n roto del poeta granadino, tal y como se relata en\u00a0<em>Querido Salvador, Querido Lorquito\u00a0<\/em>de V\u00edctor Fern\u00e1ndez; una obra en la que se recopilan las ep\u00edstolas que intercambiaron ambos artistas durante sus a\u00f1os de relaci\u00f3n. Cadaqu\u00e9s, pueblo costero de Catalu\u00f1a fue testigo del amor que se profesaban ambos, y donde dieron m\u00e1s rienda suelta a sus sentimientos.<\/p>\n<p>Este amor soport\u00f3 numerosas idas y venidas. La \u00e9poca de esplendor del 27 fue un momento culmen para su relaci\u00f3n. Las cartas se hac\u00edan m\u00e1s pasionales y er\u00f3ticas, y el amor prohibido y secreto entre ambos artistas era digno de pel\u00edcula. Sin embargo, poco despu\u00e9s la relaci\u00f3n se enfri\u00f3, con la marcha del poeta a Nueva York. A pesar de esto, retomaron el contacto tras el intento de timo de Dal\u00ed a los padres del Lorca, que motiv\u00f3 al poeta a escribir de nuevo a su amante.<\/p>\n<p>No existe ninguna constancia de que llegasen a consumar su amor, de hecho se habla de esta relaci\u00f3n como algo m\u00e1s bien plat\u00f3nico, una historia de amor imposible, debido a las circunstancias pol\u00edticas por las que atravesaba Espa\u00f1a en plena mitad del siglo XX, y a pesar de que cada uno continu\u00f3 con sus vidas de manera independiente y con parejas que se adecuaban a las expectativas del momento, un Dal\u00ed moribundo pronunci\u00f3 en su lecho de muerte \u00abmeu amic Lorca\u00bb, recordando al que pudo ser, el amor de su vida.<\/p>\n<figure id=\"attachment_8151\" aria-describedby=\"caption-attachment-8151\" style=\"width: 254px\" class=\"wp-caption aligncenter\"><img loading=\"lazy\" decoding=\"async\" class=\"size-medium wp-image-8151\" src=\"https:\/\/www.upo.es\/patio-colorado\/wp-content\/uploads\/2024\/04\/RETRATO-OLD-Lorca-y-Dali-254x300.jpg\" alt=\"\" width=\"254\" height=\"300\" srcset=\"https:\/\/www.upo.es\/patio-colorado\/wp-content\/uploads\/2024\/04\/RETRATO-OLD-Lorca-y-Dali-254x300.jpg 254w, https:\/\/www.upo.es\/patio-colorado\/wp-content\/uploads\/2024\/04\/RETRATO-OLD-Lorca-y-Dali.jpg 600w\" sizes=\"auto, (max-width: 254px) 100vw, 254px\" \/><figcaption id=\"caption-attachment-8151\" class=\"wp-caption-text\">\u00a0 \u00a0 \u00a0 \u00a0 \u00a0 \u00a0 Dal\u00ed y Lorca en Cadaqu\u00e9s (1927)<\/figcaption><\/figure>\n<p>&nbsp;<\/p>\n","protected":false},"excerpt":{"rendered":"<p>Fue en el a\u00f1o 1923 cuando dos de las mentes m\u00e1s brillantes del siglo XX coincidieron en la Residencia de estudiantes de Madrid. Su relaci\u00f3n fue mucho m\u00e1s all\u00e1 de una mera colaboraci\u00f3n art\u00edstica, y es que estas dos exc\u00e9ntricas personalidades del mundo del arte vivieron un romance prohibido lleno de drama y erotismo. Federico [&hellip;]<\/p>\n","protected":false},"author":137,"featured_media":8151,"comment_status":"open","ping_status":"open","sticky":false,"template":"","format":"standard","meta":{"_acf_changed":false,"_monsterinsights_skip_tracking":false,"_monsterinsights_sitenote_active":false,"_monsterinsights_sitenote_note":"","_monsterinsights_sitenote_category":0,"footnotes":""},"categories":[305,403],"tags":[],"class_list":["post-8142","post","type-post","status-publish","format-standard","has-post-thumbnail","hentry","category-granada","category-historias-y-mucho-mas"],"blocksy_meta":[],"acf":[],"jetpack_featured_media_url":"https:\/\/www.upo.es\/patio-colorado\/wp-content\/uploads\/2024\/04\/RETRATO-OLD-Lorca-y-Dali.jpg","_links":{"self":[{"href":"https:\/\/www.upo.es\/patio-colorado\/wp-json\/wp\/v2\/posts\/8142","targetHints":{"allow":["GET"]}}],"collection":[{"href":"https:\/\/www.upo.es\/patio-colorado\/wp-json\/wp\/v2\/posts"}],"about":[{"href":"https:\/\/www.upo.es\/patio-colorado\/wp-json\/wp\/v2\/types\/post"}],"author":[{"embeddable":true,"href":"https:\/\/www.upo.es\/patio-colorado\/wp-json\/wp\/v2\/users\/137"}],"replies":[{"embeddable":true,"href":"https:\/\/www.upo.es\/patio-colorado\/wp-json\/wp\/v2\/comments?post=8142"}],"version-history":[{"count":1,"href":"https:\/\/www.upo.es\/patio-colorado\/wp-json\/wp\/v2\/posts\/8142\/revisions"}],"predecessor-version":[{"id":8153,"href":"https:\/\/www.upo.es\/patio-colorado\/wp-json\/wp\/v2\/posts\/8142\/revisions\/8153"}],"wp:featuredmedia":[{"embeddable":true,"href":"https:\/\/www.upo.es\/patio-colorado\/wp-json\/wp\/v2\/media\/8151"}],"wp:attachment":[{"href":"https:\/\/www.upo.es\/patio-colorado\/wp-json\/wp\/v2\/media?parent=8142"}],"wp:term":[{"taxonomy":"category","embeddable":true,"href":"https:\/\/www.upo.es\/patio-colorado\/wp-json\/wp\/v2\/categories?post=8142"},{"taxonomy":"post_tag","embeddable":true,"href":"https:\/\/www.upo.es\/patio-colorado\/wp-json\/wp\/v2\/tags?post=8142"}],"curies":[{"name":"wp","href":"https:\/\/api.w.org\/{rel}","templated":true}]}}