{"id":8162,"date":"2024-04-29T18:05:04","date_gmt":"2024-04-29T18:05:04","guid":{"rendered":"https:\/\/www.upo.es\/patio-colorado\/?p=8162"},"modified":"2024-04-29T18:05:04","modified_gmt":"2024-04-29T18:05:04","slug":"el-museo-del-prado-ha-llegado-a-cadiz","status":"publish","type":"post","link":"https:\/\/www.upo.es\/patio-colorado\/2024\/04\/29\/el-museo-del-prado-ha-llegado-a-cadiz\/","title":{"rendered":"\u00a1El Museo del Prado ha llegado a C\u00e1diz!"},"content":{"rendered":"<p>\u00a1En C\u00e1diz nos aguarda una magn\u00edfica y art\u00edstica visita!<\/p>\n<p><span style=\"font-weight: 400\">En la Plaza de Espa\u00f1a de C\u00e1diz se puede encontrar, desde el pasado d\u00eda 22 de abril, la exposici\u00f3n <\/span><i><span style=\"font-weight: 400\">El Prado en las calles<\/span><\/i><span style=\"font-weight: 400\">, que ya ha tenido el placer de estar en otras ciudades de nuestro pa\u00eds y que durar\u00e1 en la capital gaditana hasta el pr\u00f3ximo 19 de mayo.\u00a0<\/span><\/p>\n<p><span style=\"font-weight: 400\">Esta exposici\u00f3n contiene en su interior nada m\u00e1s y nada menos que obras pertenecientes a las diferentes escuelas presentes en el panorama art\u00edstico de la Colecci\u00f3n Permanente del Museo del Prado, d\u00f3nde podr\u00e1s entrar en contacto con la historia de Espa\u00f1a y de Europa, as\u00ed como tambi\u00e9n del arte occidental, enriquecedor y fascinante de la mano de los propios artistas. En ella, podr\u00e1s ver obras de Goya, Vel\u00e1zquez, El Greco, Tiziano o Rubens.<\/span><\/p>\n<p><span style=\"font-weight: 400\">Destacamos dos de las obras expuestas en la exposici\u00f3n:\u00a0<\/span><\/p>\n<p style=\"text-align: center\"><span style=\"font-weight: 400\"><em>La Maja Desnuda<\/em> de Goya\u00a0<\/span><\/p>\n<p><img loading=\"lazy\" decoding=\"async\" class=\"wp-image-8165 aligncenter\" src=\"https:\/\/www.upo.es\/patio-colorado\/wp-content\/uploads\/2024\/04\/6667700477_2cb41e2158_z-300x152.jpg\" alt=\"\" width=\"440\" height=\"223\" srcset=\"https:\/\/www.upo.es\/patio-colorado\/wp-content\/uploads\/2024\/04\/6667700477_2cb41e2158_z-300x152.jpg 300w, https:\/\/www.upo.es\/patio-colorado\/wp-content\/uploads\/2024\/04\/6667700477_2cb41e2158_z.jpg 640w\" sizes=\"auto, (max-width: 440px) 100vw, 440px\" \/><\/p>\n<p style=\"text-align: center\"><span style=\"font-weight: 400\">(Licencia de Creative Commons)<\/span><\/p>\n<p><span style=\"font-weight: 400\">Una de las obras m\u00e1s conocidas del pintor zaragozano, fue pintada entre los a\u00f1os 1797 y 1800 y perteneciente al neoclasicismo. En ella se representa a una mujer desnuda, de expresi\u00f3n serena y desafiante, lo que fue toda una audacia para la \u00e9poca, por la expresi\u00f3n del rostro y actitud corporal de la modelo, que parece sonre\u00edr satisfecha y contenta de sus gracias.\u00a0<\/span><\/p>\n<p style=\"text-align: center\"><em>Las Meninas<\/em> de Vel\u00e1zquez<\/p>\n<p><img loading=\"lazy\" decoding=\"async\" class=\" wp-image-8163 aligncenter\" src=\"https:\/\/www.upo.es\/patio-colorado\/wp-content\/uploads\/2024\/04\/31681397607_87e92bab5f_b-260x300.jpg\" alt=\"\" width=\"285\" height=\"329\" srcset=\"https:\/\/www.upo.es\/patio-colorado\/wp-content\/uploads\/2024\/04\/31681397607_87e92bab5f_b-260x300.jpg 260w, https:\/\/www.upo.es\/patio-colorado\/wp-content\/uploads\/2024\/04\/31681397607_87e92bab5f_b-768x888.jpg 768w, https:\/\/www.upo.es\/patio-colorado\/wp-content\/uploads\/2024\/04\/31681397607_87e92bab5f_b.jpg 885w\" sizes=\"auto, (max-width: 285px) 100vw, 285px\" \/><\/p>\n<p style=\"text-align: center\"><span style=\"font-weight: 400\">(Licencia d<\/span><span style=\"font-weight: 400\">e Creative Commons)<\/span><\/p>\n<p>Y como no, no pod\u00eda faltar el cuadro del pintor sevillano por excelencia. Las Meninas fue pintada entre el a\u00f1o 1656 y pertenece a la corriente art\u00edstica del barroco, concretamente al segundo per\u00edodo de Vel\u00e1zquez como pintor en la corte. En ella, se representa la vida cotidiana en la corte, con la infanta Margarita Teresa, hija del rey Felipe IV, rodeada de sus damas de compa\u00f1\u00eda, aunque este cuadro destaca por el autorretrato del mismo Vel\u00e1zquez, que se encuentra a la izquierda a la vez que realiza el retrato real (se ve el reflejo en el espejo de atr\u00e1s).<\/p>\n<p><span style=\"font-weight: 400\">Sin duda, la exposici\u00f3n <\/span><i><span style=\"font-weight: 400\">El Prado en las calles<\/span><\/i><span style=\"font-weight: 400\"> es todo un \u00e9xito, que se corrobora por su paso por m\u00e1s de 40 ciudades y por el simple hecho de cumplir su funci\u00f3n de llevar el arte al pueblo. Adem\u00e1s, su formato de estar disponible las 24 horas del d\u00eda no pasa por desapercibido, pues no deja de ser parte del plan de aumento de accesibilidad para \u00abacercar de forma did\u00e1ctica los cuadros emblem\u00e1ticos del Museo del Prado a la ciudadan\u00eda de una forma innovadora y art\u00edstica\u00bb.\u00a0<\/span><\/p>\n<p>\u00a1Espero que no dej\u00e9is escapar la oportunidad si os encontr\u00e1is cerca de la capital gaditana! Sin duda, es una experiencia completamente gratificante y con obras que todos deber\u00edamos de ver alguna vez en nuestra vida.<\/p>\n<p><span style=\"font-weight: 400\">Garc\u00eda, T. (2024, abril 22). <\/span><i><span style=\"font-weight: 400\">Las obras del Museo del Prado se ven, se tocan y se comparten en C\u00e1diz<\/span><\/i><span style=\"font-weight: 400\">. Diario de C\u00e1diz. <\/span><a href=\"https:\/\/www.diariodecadiz.es\/cadiz\/obras-Museo-Prado-ve-toca-comparte-Cadiz_0_1896111124.html\"><span style=\"font-weight: 400\">https:\/\/www.diariodecadiz.es\/cadiz\/obras-Museo-Prado-ve-toca-comparte-Cadiz_0_1896111124.html<\/span><\/a><\/p>\n<p><i><span style=\"font-weight: 400\">La Maja desnuda de Goya, era malague\u00f1a<\/span><\/i><span style=\"font-weight: 400\">. (2012, junio 11). M\u00e1laga en el coraz\u00f3n. https:\/\/malagaenelcorazon.com\/la-maja-desnuda-de-goya-era-malaguena\/\u00a0<\/span><\/p>\n<p><i><span style=\"font-weight: 400\">Las meninas<\/span><\/i><span style=\"font-weight: 400\">. (s\/f). Museo Nacional del Prado. Recuperado el 29 de abril de 2024, de https:\/\/www.museodelprado.es\/coleccion\/obra-de-arte\/las-meninas\/9fdc7800-9ade-48b0-ab8b-edee94ea877f<\/span><\/p>\n<p>&nbsp;<\/p>\n","protected":false},"excerpt":{"rendered":"<p>\u00a1En C\u00e1diz nos aguarda una magn\u00edfica y art\u00edstica visita! En la Plaza de Espa\u00f1a de C\u00e1diz se puede encontrar, desde el pasado d\u00eda 22 de abril, la exposici\u00f3n El Prado en las calles, que ya ha tenido el placer de estar en otras ciudades de nuestro pa\u00eds y que durar\u00e1 en la capital gaditana hasta [&hellip;]<\/p>\n","protected":false},"author":133,"featured_media":0,"comment_status":"open","ping_status":"open","sticky":false,"template":"","format":"standard","meta":{"_acf_changed":false,"_monsterinsights_skip_tracking":false,"_monsterinsights_sitenote_active":false,"_monsterinsights_sitenote_note":"","_monsterinsights_sitenote_category":0,"footnotes":""},"categories":[302,46,44,167],"tags":[300,1063,1062,526],"class_list":["post-8162","post","type-post","status-publish","format-standard","hentry","category-cadiz","category-en-la-prensa","category-patrimonio","category-pintura-escultura","tag-cadiz","tag-goya","tag-museo-del-prado","tag-velazquez"],"blocksy_meta":[],"acf":[],"jetpack_featured_media_url":"","_links":{"self":[{"href":"https:\/\/www.upo.es\/patio-colorado\/wp-json\/wp\/v2\/posts\/8162","targetHints":{"allow":["GET"]}}],"collection":[{"href":"https:\/\/www.upo.es\/patio-colorado\/wp-json\/wp\/v2\/posts"}],"about":[{"href":"https:\/\/www.upo.es\/patio-colorado\/wp-json\/wp\/v2\/types\/post"}],"author":[{"embeddable":true,"href":"https:\/\/www.upo.es\/patio-colorado\/wp-json\/wp\/v2\/users\/133"}],"replies":[{"embeddable":true,"href":"https:\/\/www.upo.es\/patio-colorado\/wp-json\/wp\/v2\/comments?post=8162"}],"version-history":[{"count":1,"href":"https:\/\/www.upo.es\/patio-colorado\/wp-json\/wp\/v2\/posts\/8162\/revisions"}],"predecessor-version":[{"id":8166,"href":"https:\/\/www.upo.es\/patio-colorado\/wp-json\/wp\/v2\/posts\/8162\/revisions\/8166"}],"wp:attachment":[{"href":"https:\/\/www.upo.es\/patio-colorado\/wp-json\/wp\/v2\/media?parent=8162"}],"wp:term":[{"taxonomy":"category","embeddable":true,"href":"https:\/\/www.upo.es\/patio-colorado\/wp-json\/wp\/v2\/categories?post=8162"},{"taxonomy":"post_tag","embeddable":true,"href":"https:\/\/www.upo.es\/patio-colorado\/wp-json\/wp\/v2\/tags?post=8162"}],"curies":[{"name":"wp","href":"https:\/\/api.w.org\/{rel}","templated":true}]}}