{"id":8168,"date":"2024-04-30T11:35:04","date_gmt":"2024-04-30T11:35:04","guid":{"rendered":"https:\/\/www.upo.es\/patio-colorado\/?p=8168"},"modified":"2024-04-30T11:40:12","modified_gmt":"2024-04-30T11:40:12","slug":"de-pakita-a-ocana-dos-figuras-del-activismo-lgbt","status":"publish","type":"post","link":"https:\/\/www.upo.es\/patio-colorado\/2024\/04\/30\/de-pakita-a-ocana-dos-figuras-del-activismo-lgbt\/","title":{"rendered":"De Pakita a Oca\u00f1a&#8230; dos figuras del activismo LGBT+"},"content":{"rendered":"<p><span style=\"font-weight: 400\">\u00bfQu\u00e9 relaci\u00f3n pueden tener una <\/span><i><span style=\"font-weight: 400\">drag queen<\/span><\/i><span style=\"font-weight: 400\"> y un pintor de la Andaluc\u00eda de la Transici\u00f3n?<\/span><\/p>\n<p style=\"text-align: left\"><span style=\"font-weight: 400\">Todos sabemos que el papel de un artista como una <\/span><i><span style=\"font-weight: 400\">drag <\/span><\/i><span style=\"font-weight: 400\">es transformar su apariencia para sorprender a su p\u00fablico de las maneras m\u00e1s art\u00edsticas y sorprendentes posibles, incluso reivindicando la imagen y la transmisi\u00f3n de otros artistas. Aunque en Espa\u00f1a no siempre han sido bien recibidos este tipo de artistas, en los \u00faltimos a\u00f1os la escena drag espa\u00f1ola se ha enriquecido y ganado m\u00e1s fama gracias al programa <\/span><i><span style=\"font-weight: 400\">Drag Race Espa\u00f1a<\/span><\/i><span style=\"font-weight: 400\">, copia del programa estadounidense con el mismo nombre.<\/span><\/p>\n<p><span style=\"font-weight: 400\">De ah\u00ed sacamos a nuestro primer protagonista, Francisco Jos\u00e9 Venegas Morales, mejor conocido como <\/span><i><span style=\"font-weight: 400\">Pakita<\/span><\/i><span style=\"font-weight: 400\">, uno de los trece concursantes en la \u00faltima temporada, con un drag caracterizado por ser reivindicativo y sugerente. En una de las pruebas llamada <\/span><i><span style=\"font-weight: 400\">Spain is different <\/span><\/i><span style=\"font-weight: 400\">(Espa\u00f1a es diferente), que se bas\u00f3 en un desfile en el que ganaba el atuendo que mejor representara ese lado \u201cvariopinto\u201d de Espa\u00f1a, Pakita nos deleit\u00f3 con uno de los mejores <\/span><i><span style=\"font-weight: 400\">looks <\/span><\/i><span style=\"font-weight: 400\">del programa (a mi parecer):<\/span><\/p>\n<p><img loading=\"lazy\" decoding=\"async\" class=\" wp-image-8173 alignleft\" src=\"https:\/\/www.upo.es\/patio-colorado\/wp-content\/uploads\/2024\/04\/PakitaSpainIsDifferentLook-240x300.webp\" alt=\"\" width=\"279\" height=\"349\" srcset=\"https:\/\/www.upo.es\/patio-colorado\/wp-content\/uploads\/2024\/04\/PakitaSpainIsDifferentLook-240x300.webp 240w, https:\/\/www.upo.es\/patio-colorado\/wp-content\/uploads\/2024\/04\/PakitaSpainIsDifferentLook.webp 250w\" sizes=\"auto, (max-width: 279px) 100vw, 279px\" \/><img loading=\"lazy\" decoding=\"async\" class=\"wp-image-8176 alignnone\" src=\"https:\/\/www.upo.es\/patio-colorado\/wp-content\/uploads\/2024\/04\/LRDV-OCANA-EL-SOL-01-215x300.jpg\" alt=\"\" width=\"255\" height=\"356\" srcset=\"https:\/\/www.upo.es\/patio-colorado\/wp-content\/uploads\/2024\/04\/LRDV-OCANA-EL-SOL-01-215x300.jpg 215w, https:\/\/www.upo.es\/patio-colorado\/wp-content\/uploads\/2024\/04\/LRDV-OCANA-EL-SOL-01.jpg 541w\" sizes=\"auto, (max-width: 255px) 100vw, 255px\" \/><\/p>\n<p><span style=\"font-weight: 400\">Es todo un homenaje a la carrera y al fin de uno de los artistas m\u00e1s alocados y simb\u00f3licos del panorama LGBT+ de la Transici\u00f3n espa\u00f1ola.<\/span><\/p>\n<p><span style=\"font-weight: 400\">Andaluc\u00eda siempre ha sido conocida por ser una tierra de artistas, desde Lorca a Picasso, pasando por Machado o Camar\u00f3n. Sin embargo, por razones que se escapan al transcurso de la historia, algunos son m\u00e1s conocidos y otros han sido relegados a la sombra del olvido: uno de los mejores ejemplos es Jos\u00e9 P\u00e9rez Oca\u00f1a, m\u00e1s conocido simplemente como <\/span><i><span style=\"font-weight: 400\">Oca\u00f1a<\/span><\/i><span style=\"font-weight: 400\">.<\/span><\/p>\n<p><span style=\"font-weight: 400\">Oca\u00f1a fue un pintor, activista y <\/span><i><span style=\"font-weight: 400\">performer <\/span><\/i><span style=\"font-weight: 400\">espa\u00f1ol, nacido en Cantillana en 1947 y fallecido en 1983. Tuvo que huir de su pueblo sevillano a Catalu\u00f1a por no ser aceptado a causa de su sexualidad, donde comenz\u00f3 su carrera como pintor en la d\u00e9cada de los setenta, destac\u00e1ndose por su estilo surrealista y vibrante con figuras grotescas, por el uso de colores brillantes y a menudo referencias a la cultura popular y tradicional espa\u00f1ola (en su obra tiene un papel destacado la iconograf\u00eda religiosa andaluza, como las v\u00edrgenes y los angelotes).<\/span><\/p>\n<p><img loading=\"lazy\" decoding=\"async\" class=\"size-medium wp-image-8170 aligncenter\" src=\"https:\/\/www.upo.es\/patio-colorado\/wp-content\/uploads\/2024\/04\/Cuadro-virgen-Ocana-173x300.jpg\" alt=\"\" width=\"173\" height=\"300\" srcset=\"https:\/\/www.upo.es\/patio-colorado\/wp-content\/uploads\/2024\/04\/Cuadro-virgen-Ocana-173x300.jpg 173w, https:\/\/www.upo.es\/patio-colorado\/wp-content\/uploads\/2024\/04\/Cuadro-virgen-Ocana.jpg 230w\" sizes=\"auto, (max-width: 173px) 100vw, 173px\" \/><\/p>\n<p><span style=\"font-weight: 400\">Aparte de su obra pict\u00f3rica, se convirti\u00f3 en una figura prominente en la escena art\u00edstica y bohemia de Barcelona. Particip\u00f3 en diversas performances y happenings, combinando la pintura con la m\u00fasica y la danza, conocidas por ser disruptivas y escandalosas para la Transici\u00f3n espa\u00f1ola, por ejemplo, una performance junto una Marilyn Monroe de madera en la Puerta de Brandenburgo o la obra con la que particip\u00f3 en las jornadas libertarias en el parque G\u00fcell, censurada por la misma organizaci\u00f3n que lo invit\u00f3, la CNT.<\/span><\/p>\n<p><img loading=\"lazy\" decoding=\"async\" class=\" wp-image-8169 aligncenter\" src=\"https:\/\/www.upo.es\/patio-colorado\/wp-content\/uploads\/2024\/04\/Ocana-Ramblas-300x169.webp\" alt=\"\" width=\"406\" height=\"229\" srcset=\"https:\/\/www.upo.es\/patio-colorado\/wp-content\/uploads\/2024\/04\/Ocana-Ramblas-300x169.webp 300w, https:\/\/www.upo.es\/patio-colorado\/wp-content\/uploads\/2024\/04\/Ocana-Ramblas-1024x576.webp 1024w, https:\/\/www.upo.es\/patio-colorado\/wp-content\/uploads\/2024\/04\/Ocana-Ramblas-768x432.webp 768w, https:\/\/www.upo.es\/patio-colorado\/wp-content\/uploads\/2024\/04\/Ocana-Ramblas-1536x864.webp 1536w, https:\/\/www.upo.es\/patio-colorado\/wp-content\/uploads\/2024\/04\/Ocana-Ramblas-2048x1152.webp 2048w\" sizes=\"auto, (max-width: 406px) 100vw, 406px\" \/><\/p>\n<p><span style=\"font-weight: 400\">Sus paseos por las Ramblas vestido de mujer, su participaci\u00f3n en la pel\u00edcula Oca\u00f1a, retrato intermitente del realizador Ventura Pons, y su presencia en la edici\u00f3n de 1978 del Festival de Cannes vestido con mant\u00f3n y peineta, son otros de los ejemplos por los que hoy en d\u00eda se sigue recordando a Oca\u00f1a.<\/span><\/p>\n<p><span style=\"font-weight: 400\">Adem\u00e1s de su papel art\u00edstico, tambi\u00e9n es reconocido por su activismo social y pol\u00edtico, particularmente en defensa de los derechos de la comunidad LGBT. Fue una figura clave en la lucha contra la discriminaci\u00f3n y la persecuci\u00f3n de la comunidad queer en la Espa\u00f1a de la \u00e9poca, tras romper muchos esquemas y autocalificarse de \u00ablibertataria\u00bb y de \u00abla Pasionaria de los maricones\u00bb.<\/span><\/p>\n<p><span style=\"font-weight: 400\">A pesar de su corta vida, su legado contin\u00faa siendo reconocido y celebrado en la historia del arte espa\u00f1ol contempor\u00e1neo. Ya hemos visto que hasta en el panorama drag espa\u00f1ol sigue vigente su arte y su lucha por los derechos LGTB, pues ambos buscan la expresi\u00f3n de uno mismo a trav\u00e9s de la ropa, el maquillaje y la reivindicaci\u00f3n social: son necesarios m\u00e1s Oca\u00f1as y m\u00e1s Pakitas en un mundo en el que aunque hay cierto bienestar, todav\u00eda se discrimina a las personas por qui\u00e9n aman o por c\u00f3mo desean vestirse.<\/span><\/p>\n<p>&nbsp;<\/p>\n<p>Fuentes: https:\/\/www.revistavanityfair.es\/articulos\/ocana-artista-lgtb-transicion<\/p>\n<p>https:\/\/www.diariosur.es\/six\/quien-era-ocana-20230907232309-nt.html<\/p>\n<p>https:\/\/rupaulsdragrace.fandom.com\/es\/wiki\/Pakita<\/p>\n","protected":false},"excerpt":{"rendered":"<p>\u00bfQu\u00e9 relaci\u00f3n pueden tener una drag queen y un pintor de la Andaluc\u00eda de la Transici\u00f3n? Todos sabemos que el papel de un artista como una drag es transformar su apariencia para sorprender a su p\u00fablico de las maneras m\u00e1s art\u00edsticas y sorprendentes posibles, incluso reivindicando la imagen y la transmisi\u00f3n de otros artistas. Aunque [&hellip;]<\/p>\n","protected":false},"author":139,"featured_media":8171,"comment_status":"open","ping_status":"open","sticky":false,"template":"","format":"standard","meta":{"_acf_changed":false,"_monsterinsights_skip_tracking":false,"_monsterinsights_sitenote_active":false,"_monsterinsights_sitenote_note":"","_monsterinsights_sitenote_category":0,"footnotes":""},"categories":[403],"tags":[],"class_list":["post-8168","post","type-post","status-publish","format-standard","has-post-thumbnail","hentry","category-historias-y-mucho-mas"],"blocksy_meta":[],"acf":[],"jetpack_featured_media_url":"https:\/\/www.upo.es\/patio-colorado\/wp-content\/uploads\/2024\/04\/Ocana-manton.jpg","_links":{"self":[{"href":"https:\/\/www.upo.es\/patio-colorado\/wp-json\/wp\/v2\/posts\/8168","targetHints":{"allow":["GET"]}}],"collection":[{"href":"https:\/\/www.upo.es\/patio-colorado\/wp-json\/wp\/v2\/posts"}],"about":[{"href":"https:\/\/www.upo.es\/patio-colorado\/wp-json\/wp\/v2\/types\/post"}],"author":[{"embeddable":true,"href":"https:\/\/www.upo.es\/patio-colorado\/wp-json\/wp\/v2\/users\/139"}],"replies":[{"embeddable":true,"href":"https:\/\/www.upo.es\/patio-colorado\/wp-json\/wp\/v2\/comments?post=8168"}],"version-history":[{"count":5,"href":"https:\/\/www.upo.es\/patio-colorado\/wp-json\/wp\/v2\/posts\/8168\/revisions"}],"predecessor-version":[{"id":8178,"href":"https:\/\/www.upo.es\/patio-colorado\/wp-json\/wp\/v2\/posts\/8168\/revisions\/8178"}],"wp:featuredmedia":[{"embeddable":true,"href":"https:\/\/www.upo.es\/patio-colorado\/wp-json\/wp\/v2\/media\/8171"}],"wp:attachment":[{"href":"https:\/\/www.upo.es\/patio-colorado\/wp-json\/wp\/v2\/media?parent=8168"}],"wp:term":[{"taxonomy":"category","embeddable":true,"href":"https:\/\/www.upo.es\/patio-colorado\/wp-json\/wp\/v2\/categories?post=8168"},{"taxonomy":"post_tag","embeddable":true,"href":"https:\/\/www.upo.es\/patio-colorado\/wp-json\/wp\/v2\/tags?post=8168"}],"curies":[{"name":"wp","href":"https:\/\/api.w.org\/{rel}","templated":true}]}}