{"id":8202,"date":"2024-05-01T12:11:27","date_gmt":"2024-05-01T12:11:27","guid":{"rendered":"https:\/\/www.upo.es\/patio-colorado\/?p=8202"},"modified":"2024-05-12T12:21:06","modified_gmt":"2024-05-12T12:21:06","slug":"la-cruz-de-san-lazaro-danos-en-la-plaza-de-santa-marta","status":"publish","type":"post","link":"https:\/\/www.upo.es\/patio-colorado\/2024\/05\/01\/la-cruz-de-san-lazaro-danos-en-la-plaza-de-santa-marta\/","title":{"rendered":"La Cruz de San L\u00e1zaro: da\u00f1os en la Plaza de Santa Marta"},"content":{"rendered":"<p>La Cruz de San L\u00e1zaro es una obra renacentista situada en la Plaza de Santa Marta, en el barrio de Santa Cruz de Sevilla. En la madrugada del pasado mes de octubre sufri\u00f3 un acto vand\u00e1lico que dej\u00f3 graves da\u00f1os en toda la parte superior de la cruz. Solo la base de la estructura permaneci\u00f3 intacta, la cruz y el fuste de la columna cayeron al suelo dejando los fragmentos repartidos por la plaza.<\/p>\n<p>La plaza de Santa Marta es un espacio muy apreciado por los sevillanos, al igual que la Cruz de San L\u00e1zaro, por lo que esta noticia sorprendi\u00f3 muy negativamente a los habitantes de la ciudad.<\/p>\n<p>&nbsp;<\/p>\n<figure id=\"attachment_8203\" aria-describedby=\"caption-attachment-8203\" style=\"width: 415px\" class=\"wp-caption aligncenter\"><img loading=\"lazy\" decoding=\"async\" class=\"wp-image-8203\" src=\"https:\/\/www.upo.es\/patio-colorado\/wp-content\/uploads\/2024\/05\/10385289_820892761284951_263512307005415506_n-300x169.webp\" alt=\"\" width=\"415\" height=\"234\" srcset=\"https:\/\/www.upo.es\/patio-colorado\/wp-content\/uploads\/2024\/05\/10385289_820892761284951_263512307005415506_n-300x169.webp 300w, https:\/\/www.upo.es\/patio-colorado\/wp-content\/uploads\/2024\/05\/10385289_820892761284951_263512307005415506_n-1024x577.webp 1024w, https:\/\/www.upo.es\/patio-colorado\/wp-content\/uploads\/2024\/05\/10385289_820892761284951_263512307005415506_n-768x433.webp 768w, https:\/\/www.upo.es\/patio-colorado\/wp-content\/uploads\/2024\/05\/10385289_820892761284951_263512307005415506_n.webp 1536w\" sizes=\"auto, (max-width: 415px) 100vw, 415px\" \/><figcaption id=\"caption-attachment-8203\" class=\"wp-caption-text\">Cruz de San L\u00e1zaro, en la Plaza de Santa Marta (G\u00f3mez, 2023).<\/figcaption><\/figure>\n<p>&nbsp;<\/p>\n<p>Los da\u00f1os ocasionados y la gravedad de la situaci\u00f3n animaron a una intervenci\u00f3n de urgencia de conservaci\u00f3n y restauraci\u00f3n. Las propuestas se enfocan en acciones de conservaci\u00f3n preventiva y mantenimiento. Se contempla controlar la limpieza del pavimento de la plaza, retirar ornamentos florales y la colocaci\u00f3n de carteles que adviertan del valor y la necesidad de cuidar y proteger la cruz. Adem\u00e1s, se pretende llevar a cabo la instalaci\u00f3n de un sistema de vigilancia mediante c\u00e1maras y de una valla perimetral o una delimitaci\u00f3n que rodee la cruz para impedir el acceso directo a ella.<\/p>\n<p>&nbsp;<\/p>\n<p><strong>\u00bfCu\u00e1ndo se construye?<\/strong><\/p>\n<p>En pleno coraz\u00f3n de Sevilla, situada en el entorno del sector declarado Patrimonio Hist\u00f3rico de Sevilla, la Cruz de San L\u00e1zaro es una pieza singular construida en m\u00e1rmol y piedra arenisca. Data del siglo XVI y fue encargada por el Cabildo de la ciudad al Maestro Mayor Hern\u00e1n Ruiz II. Alrededor del a\u00f1o 1564 fue construida junto al hospital de leprosos de Sevilla, creado tras la Reconquista. Su instalaci\u00f3n y construcci\u00f3n culminaron en la \u00faltima fase de construcci\u00f3n del hospital. Las obras fueron llevadas a cabo por Diego de Alcaraz. Originalmente estaba ubicada a extramuros de la Macarena, en la antigua calzada romana que llevaba a la puerta de la Macarena y donde conflu\u00edan el camino real que ven\u00eda de San Jer\u00f3nimo y la vereda que daba al Hospital de San L\u00e1zaro.<\/p>\n<p>La Cruz de San L\u00e1zaro representa en relieve la imagen de Cristo Crucificado y una Quinta Angustia en su reverso.<\/p>\n<p><strong>Avanzamos en el tiempo:<\/strong> en el siglo XX, durante las reformas en el Barrio de Santa Cruz, bajo la direcci\u00f3n del Marqu\u00e9s de la Vega Incl\u00e1n y el arquitecto Juan Talavera, la cruz es trasladada a la Plaza de Santa Marta. La plaza se encuentra rodeada por viviendas, arriates con vegetaci\u00f3n y naranjos en alcorques.\u00a0 El grader\u00edo original desapareci\u00f3, dando origen a la cruz que conocemos hoy d\u00eda, mucho m\u00e1s peque\u00f1a que antes.<\/p>\n<p>&nbsp;<\/p>\n<figure id=\"attachment_8207\" aria-describedby=\"caption-attachment-8207\" style=\"width: 269px\" class=\"wp-caption aligncenter\"><img loading=\"lazy\" decoding=\"async\" class=\"wp-image-8207 \" src=\"https:\/\/www.upo.es\/patio-colorado\/wp-content\/uploads\/2024\/05\/San-Lazaro-1-768x1024-1-225x300.jpg\" alt=\"\" width=\"269\" height=\"359\" srcset=\"https:\/\/www.upo.es\/patio-colorado\/wp-content\/uploads\/2024\/05\/San-Lazaro-1-768x1024-1-225x300.jpg 225w, https:\/\/www.upo.es\/patio-colorado\/wp-content\/uploads\/2024\/05\/San-Lazaro-1-768x1024-1.jpg 768w\" sizes=\"auto, (max-width: 269px) 100vw, 269px\" \/><figcaption id=\"caption-attachment-8207\" class=\"wp-caption-text\">Cruz de San L\u00e1zaro (Patrimonio de Sevilla, 2020).<\/figcaption><\/figure>\n<p>&nbsp;<\/p>\n<p><strong>Conservaci\u00f3n de la Cruz de San L\u00e1zaro<\/strong><\/p>\n<p>Los factores ambientales afectan naturalmente a la piedra. Los elementos \u2014humedad, viento, lluvia y cambios de temperatura\u2014, alteran considerablemente la estructura por su ubicaci\u00f3n exterior. Adem\u00e1s, la falta de mantenimiento y el uso de m\u00e9todos y materiales inadecuados afectan directamente al estado de conservaci\u00f3n.<\/p>\n<p>No obstante, los da\u00f1os m\u00e1s graves son a consecuencia de las acciones imprudentes de las personas que visitan o frecuentan el lugar. Muchas veces se puede ver c\u00f3mo algunas personas se suben a la cruz y al pedestal, haciendo un uso indebido de la plaza. Por eso, no es de extra\u00f1ar que la cruz haya sufrido su fragmentaci\u00f3n.<\/p>\n<p>El mal estado de conservaci\u00f3n afecta a toda la obra, la ca\u00edda y fragmentaci\u00f3n ocasionadas por los actos vand\u00e1licos afectaron sobre todo a las partes del cuerpo del stipes, capitel, fuste y brazos del pat\u00edbulum (toda la parte superior). Las basas y el pedestal sufrieron menos da\u00f1os.<\/p>\n<p>&nbsp;<\/p>\n<figure id=\"attachment_8204\" aria-describedby=\"caption-attachment-8204\" style=\"width: 380px\" class=\"wp-caption aligncenter\"><img loading=\"lazy\" decoding=\"async\" class=\"wp-image-8204\" src=\"https:\/\/www.upo.es\/patio-colorado\/wp-content\/uploads\/2024\/05\/cruz-santa-marta1-U45268350436ldl-1200x840@abc-300x210.jpg\" alt=\"\" width=\"380\" height=\"266\" srcset=\"https:\/\/www.upo.es\/patio-colorado\/wp-content\/uploads\/2024\/05\/cruz-santa-marta1-U45268350436ldl-1200x840@abc-300x210.jpg 300w, https:\/\/www.upo.es\/patio-colorado\/wp-content\/uploads\/2024\/05\/cruz-santa-marta1-U45268350436ldl-1200x840@abc-1024x717.jpg 1024w, https:\/\/www.upo.es\/patio-colorado\/wp-content\/uploads\/2024\/05\/cruz-santa-marta1-U45268350436ldl-1200x840@abc-768x538.jpg 768w, https:\/\/www.upo.es\/patio-colorado\/wp-content\/uploads\/2024\/05\/cruz-santa-marta1-U45268350436ldl-1200x840@abc.jpg 1200w\" sizes=\"auto, (max-width: 380px) 100vw, 380px\" \/><figcaption id=\"caption-attachment-8204\" class=\"wp-caption-text\">Estado de la cruz tras los actos vand\u00e1licos (Doblado, 2023).<\/figcaption><\/figure>\n<p>&nbsp;<\/p>\n<p><strong>Actuaciones de restauraci\u00f3n<\/strong><\/p>\n<p>Se estima que las intervenciones podr\u00e1n prolongarse varios meses. La Comisi\u00f3n Provincial de Patrimonio ha informado favorablemente sobre el proyecto de conservaci\u00f3n y restauraci\u00f3n de la Cruz de San L\u00e1zaro de la Plaza de Santa Marta.<\/p>\n<p>&nbsp;<\/p>\n<figure id=\"attachment_8206\" aria-describedby=\"caption-attachment-8206\" style=\"width: 380px\" class=\"wp-caption aligncenter\"><img loading=\"lazy\" decoding=\"async\" class=\"wp-image-8206\" src=\"https:\/\/www.upo.es\/patio-colorado\/wp-content\/uploads\/2024\/05\/crsanlazsev-300x176.jpeg\" alt=\"\" width=\"380\" height=\"223\" srcset=\"https:\/\/www.upo.es\/patio-colorado\/wp-content\/uploads\/2024\/05\/crsanlazsev-300x176.jpeg 300w, https:\/\/www.upo.es\/patio-colorado\/wp-content\/uploads\/2024\/05\/crsanlazsev.jpeg 680w\" sizes=\"auto, (max-width: 380px) 100vw, 380px\" \/><figcaption id=\"caption-attachment-8206\" class=\"wp-caption-text\">Cruz hecha con flores en el lugar de la Cruz de San L\u00e1zaro (InfoCat\u00f3lica, 2023).<\/figcaption><\/figure>\n<p>&nbsp;<\/p>\n<p>Al poco despu\u00e9s de aparecer fragmentada, una persona an\u00f3nima coloc\u00f3 una cruz de rosas en el lugar donde se mostraba anteriormente la pieza. A pesar de los actos vand\u00e1licos, aun vemos como florece el esp\u00edritu de la ciudad con actos como este.<\/p>\n<p>&nbsp;<\/p>\n<p>&nbsp;<\/p>\n<p>&nbsp;<\/p>\n<p>Referencias<\/p>\n<p>Doblado, R. (2023). En im\u00e1genes: as\u00ed ha quedado la cruz de la plaza de Santa Marta de Sevilla tras los actos vand\u00e1licos. <em>Abc de Sevilla.<\/em> <a href=\"https:\/\/www.abc.es\/sevilla\/ciudad\/imagenes-quedado-cruz-plaza-santa-marta-sevilla-20231022111941-gas.html?ref=https%3A%2F%2Fwww.abc.es%2Fsevilla%2Fciudad%2Fimagenes-quedado-cruz-plaza-santa-marta-sevilla-20231022111941-gas.html\">https:\/\/www.abc.es\/sevilla\/ciudad\/imagenes-quedado-cruz-plaza-santa-marta-sevilla-20231022111941-gas.html?ref=https%3A%2F%2Fwww.abc.es%2Fsevilla%2Fciudad%2Fimagenes-quedado-cruz-plaza-santa-marta-sevilla-20231022111941-gas.html<\/a><\/p>\n<p>Parejo, J. (2024). Cruz de San L\u00e1zaro: La recuperaci\u00f3n del emblema de la Plaza de Santa Marta. <em>Diario de Sevilla.<\/em> <a href=\"https:\/\/www.diariodesevilla.es\/sevilla\/Cruz-Lazaro-Plaza-Santa-Marta_0_1895211065.html\">https:\/\/www.diariodesevilla.es\/sevilla\/Cruz-Lazaro-Plaza-Santa-Marta_0_1895211065.html<\/a><\/p>\n<p>&nbsp;<\/p>\n","protected":false},"excerpt":{"rendered":"<p>La Cruz de San L\u00e1zaro es una obra renacentista situada en la Plaza de Santa Marta, en el barrio de Santa Cruz de Sevilla. En la madrugada del pasado mes de octubre sufri\u00f3 un acto vand\u00e1lico que dej\u00f3 graves da\u00f1os en toda la parte superior de la cruz. Solo la base de la estructura permaneci\u00f3 [&hellip;]<\/p>\n","protected":false},"author":136,"featured_media":8204,"comment_status":"open","ping_status":"open","sticky":false,"template":"","format":"standard","meta":{"_acf_changed":false,"_monsterinsights_skip_tracking":false,"_monsterinsights_sitenote_active":false,"_monsterinsights_sitenote_note":"","_monsterinsights_sitenote_category":0,"footnotes":""},"categories":[45,1,24,301],"tags":[1035,18],"class_list":["post-8202","post","type-post","status-publish","format-standard","has-post-thumbnail","hentry","category-boletin-colorao","category-sin-categoria","category-conservacion-y-restauracion","category-sevilla","tag-conservacion-del-patrimonio","tag-restauracion"],"blocksy_meta":[],"acf":[],"jetpack_featured_media_url":"https:\/\/www.upo.es\/patio-colorado\/wp-content\/uploads\/2024\/05\/cruz-santa-marta1-U45268350436ldl-1200x840@abc.jpg","_links":{"self":[{"href":"https:\/\/www.upo.es\/patio-colorado\/wp-json\/wp\/v2\/posts\/8202","targetHints":{"allow":["GET"]}}],"collection":[{"href":"https:\/\/www.upo.es\/patio-colorado\/wp-json\/wp\/v2\/posts"}],"about":[{"href":"https:\/\/www.upo.es\/patio-colorado\/wp-json\/wp\/v2\/types\/post"}],"author":[{"embeddable":true,"href":"https:\/\/www.upo.es\/patio-colorado\/wp-json\/wp\/v2\/users\/136"}],"replies":[{"embeddable":true,"href":"https:\/\/www.upo.es\/patio-colorado\/wp-json\/wp\/v2\/comments?post=8202"}],"version-history":[{"count":7,"href":"https:\/\/www.upo.es\/patio-colorado\/wp-json\/wp\/v2\/posts\/8202\/revisions"}],"predecessor-version":[{"id":8498,"href":"https:\/\/www.upo.es\/patio-colorado\/wp-json\/wp\/v2\/posts\/8202\/revisions\/8498"}],"wp:featuredmedia":[{"embeddable":true,"href":"https:\/\/www.upo.es\/patio-colorado\/wp-json\/wp\/v2\/media\/8204"}],"wp:attachment":[{"href":"https:\/\/www.upo.es\/patio-colorado\/wp-json\/wp\/v2\/media?parent=8202"}],"wp:term":[{"taxonomy":"category","embeddable":true,"href":"https:\/\/www.upo.es\/patio-colorado\/wp-json\/wp\/v2\/categories?post=8202"},{"taxonomy":"post_tag","embeddable":true,"href":"https:\/\/www.upo.es\/patio-colorado\/wp-json\/wp\/v2\/tags?post=8202"}],"curies":[{"name":"wp","href":"https:\/\/api.w.org\/{rel}","templated":true}]}}