{"id":821,"date":"2020-04-09T11:06:06","date_gmt":"2020-04-09T11:06:06","guid":{"rendered":"https:\/\/www.upo.es\/patio-colorado\/?p=821"},"modified":"2020-04-09T11:06:06","modified_gmt":"2020-04-09T11:06:06","slug":"la-rinconada-lanza-un-concurso-de-fotografia-musica-teatro-y-danza-desde-casa","status":"publish","type":"post","link":"https:\/\/www.upo.es\/patio-colorado\/2020\/04\/09\/la-rinconada-lanza-un-concurso-de-fotografia-musica-teatro-y-danza-desde-casa\/","title":{"rendered":"La Rinconada lanza un concurso de Fotograf\u00eda, M\u00fasica, Teatro y Danza desde casa"},"content":{"rendered":"<p>Raquel Vega, la delegada de Cultura del Ayuntamiento de La Rinconada, ha destacado que \u00ablas restricciones derivadas del Estado de Alarma nos est\u00e1n posibilitando una serie de propuestas novedosas compatibles con los requisitos de la alerta sanitaria que, adem\u00e1s, ayudan a sobrellevar la cuarentena y a quedarnos en casa\u00bb.\u00a0 De esta forma, el \u00e1rea de Cultura ha impulsado un proyecto a trav\u00e9s de su conocido programa \u2018Factor\u00eda Creativa\u2019 \u00a0el cual tiene m\u00e1s de 25 a\u00f1os y <strong>es uno de sus programas estrella.<\/strong><\/p>\n<p>Este proyecto est\u00e1 basado en un concurso que une las diversas disciplinas art\u00edsticas (Fotograf\u00eda, M\u00fasica, Teatro y Danza). Los participantes deber\u00e1n realizar una fotograf\u00eda o desarrollar una canci\u00f3n, una coreograf\u00eda o un sketch, y enviarlo a la siguiente direcci\u00f3n de correo electr\u00f3nico (<a href=\"mailto:factoriacreativa@aytolarinconada.es\">factoriacreativa@aytolarinconada.es<\/a>) hasta el 30 de abril ya que, a partir de esa fecha, se abrir\u00e1 un periodo de votaci\u00f3n en la Red Social Facebook entre todas las propuestas presentadas que durar\u00e1 hasta el 15 de mayo. La obra que consiga m\u00e1s votos en cada una de las propuestas, recibir\u00e1 un cheque de 300 euros para canjear por productos o materiales.<\/p>\n<p>Por tanto, se solicita una fotograf\u00eda en color o blanco y negro, una canci\u00f3n de cualquier estilo, original o <i>cover, <\/i>un sketch en el que participen, como m\u00e1ximo, cuatro personas, o una coreograf\u00eda de flamenco, cl\u00e1sico, contempor\u00e1neo o arte urbano para as\u00ed cubrir las diferentes disciplinas art\u00edsticas que presentan estos t\u00edtulos:<\/p>\n<ul>\n<li>\u00abLa ventana indiscreta\u00bb (Fotograf\u00eda)<\/li>\n<li>\u00abCanciones para curar el alma y superar el confinamiento\u00bb (M\u00fasica)<\/li>\n<li>\u00abMi casa es puro teatro\u00bb (Teatro)<\/li>\n<li>\u00abDiario en movimiento\u00bb (Danza)<\/li>\n<\/ul>\n<p>Junto a la obra, el participante deber\u00e1 adjuntar al correo anteriormente mencionado los siguientes datos: Nombre y apellidos del autor o autora, direcci\u00f3n, tel\u00e9fono, correo electr\u00f3nico y cuenta de Facebook personal, copia del DNI y t\u00edtulo de la obra.\u00a0 Igualmente se han publicado unas <a href=\"https:\/\/www.larinconada.es\/contenidos\/noticias\/20\/10361-bases-concurso-factoria-creativa.pdf\">bases del concurso<\/a> donde se explica toda la documentaci\u00f3n requerida con mayor detalle.<\/p>\n<p>&nbsp;<\/p>\n<p><img loading=\"lazy\" decoding=\"async\" class=\"\" src=\"https:\/\/www.larinconada.es\/contenidos\/noticias\/20-10361\/cartel-concurso-factoria.jpg\" width=\"340\" height=\"379\" \/><\/p>\n","protected":false},"excerpt":{"rendered":"<p>Raquel Vega, la delegada de Cultura del Ayuntamiento de La Rinconada, ha destacado que \u00ablas restricciones derivadas del Estado de Alarma nos est\u00e1n posibilitando una serie de propuestas novedosas compatibles con los requisitos de la alerta sanitaria que, adem\u00e1s, ayudan a sobrellevar la cuarentena y a quedarnos en casa\u00bb.\u00a0 De esta forma, el \u00e1rea de [&hellip;]<\/p>\n","protected":false},"author":22,"featured_media":822,"comment_status":"open","ping_status":"open","sticky":false,"template":"","format":"standard","meta":{"_acf_changed":false,"_monsterinsights_skip_tracking":false,"_monsterinsights_sitenote_active":false,"_monsterinsights_sitenote_note":"","_monsterinsights_sitenote_category":0,"footnotes":""},"categories":[12],"tags":[98,53,147,149,103,138,148],"class_list":["post-821","post","type-post","status-publish","format-standard","has-post-thumbnail","hentry","category-eventos","tag-fotografia","tag-musica","tag-concurso","tag-danza","tag-la-rinconada","tag-quedate-en-casa","tag-teatro"],"blocksy_meta":[],"acf":[],"jetpack_featured_media_url":"https:\/\/www.upo.es\/patio-colorado\/wp-content\/uploads\/2020\/04\/10361-001-1-2.jpg","_links":{"self":[{"href":"https:\/\/www.upo.es\/patio-colorado\/wp-json\/wp\/v2\/posts\/821","targetHints":{"allow":["GET"]}}],"collection":[{"href":"https:\/\/www.upo.es\/patio-colorado\/wp-json\/wp\/v2\/posts"}],"about":[{"href":"https:\/\/www.upo.es\/patio-colorado\/wp-json\/wp\/v2\/types\/post"}],"author":[{"embeddable":true,"href":"https:\/\/www.upo.es\/patio-colorado\/wp-json\/wp\/v2\/users\/22"}],"replies":[{"embeddable":true,"href":"https:\/\/www.upo.es\/patio-colorado\/wp-json\/wp\/v2\/comments?post=821"}],"version-history":[{"count":1,"href":"https:\/\/www.upo.es\/patio-colorado\/wp-json\/wp\/v2\/posts\/821\/revisions"}],"predecessor-version":[{"id":823,"href":"https:\/\/www.upo.es\/patio-colorado\/wp-json\/wp\/v2\/posts\/821\/revisions\/823"}],"wp:featuredmedia":[{"embeddable":true,"href":"https:\/\/www.upo.es\/patio-colorado\/wp-json\/wp\/v2\/media\/822"}],"wp:attachment":[{"href":"https:\/\/www.upo.es\/patio-colorado\/wp-json\/wp\/v2\/media?parent=821"}],"wp:term":[{"taxonomy":"category","embeddable":true,"href":"https:\/\/www.upo.es\/patio-colorado\/wp-json\/wp\/v2\/categories?post=821"},{"taxonomy":"post_tag","embeddable":true,"href":"https:\/\/www.upo.es\/patio-colorado\/wp-json\/wp\/v2\/tags?post=821"}],"curies":[{"name":"wp","href":"https:\/\/api.w.org\/{rel}","templated":true}]}}