{"id":8214,"date":"2024-05-01T15:05:27","date_gmt":"2024-05-01T15:05:27","guid":{"rendered":"https:\/\/www.upo.es\/patio-colorado\/?p=8214"},"modified":"2024-05-01T15:05:27","modified_gmt":"2024-05-01T15:05:27","slug":"la-feria-y-sus-costumbres","status":"publish","type":"post","link":"https:\/\/www.upo.es\/patio-colorado\/2024\/05\/01\/la-feria-y-sus-costumbres\/","title":{"rendered":"La Feria y sus costumbres"},"content":{"rendered":"<p><img loading=\"lazy\" decoding=\"async\" class=\"size-full wp-image-8215 alignleft\" src=\"https:\/\/www.upo.es\/patio-colorado\/wp-content\/uploads\/2024\/05\/IMG_0942.jpeg\" alt=\"\" width=\"275\" height=\"183\" \/>En Andaluc\u00eda, la Feria se celebra todos los a\u00f1os y cada pueblo la celebra de forma diferente y tiene tradiciones distintas. Pero, \u00bfqu\u00e9 es exactamente la feria? La feria tiene su origen en las ferias de ganado de anta\u00f1o, en las que los ganaderos celebraban, bailaban y beb\u00edan vino juntos el fin de sus negocios. Sin embargo, lo que siempre es igual son los bonitos vestidos que lucen las mujeres y los hombres suelen llevar un bonito traje. La Feria de M\u00e1laga suele celebrarse a mediados de agosto y cuenta con dos zonas festivas. Puede celebrarse en el centro de la ciudad, pero tambi\u00e9n en el recinto oficial de la Feria. Otra especialidad de la Feria de M\u00e1laga es que tambi\u00e9n ofrece muchos conciertos en la playa. Tambi\u00e9n se instalan numerosos puestos de comida y bebida. Por supuesto, tambi\u00e9n hay mucha m\u00fasica. Principalmente se toca flamenco, pero M\u00e1laga tambi\u00e9n ofrece mucho folclore. M\u00e1laga tambi\u00e9n ofrece la Feria de d\u00eda, que tiene lugar en el centro de la ciudad, y la Feria de noche, que se celebra en el recinto de la Feria. En Almer\u00eda, por ejemplo, la gente suele reunirse en el centro de la ciudad y luego desfilar por las calles como uno solo y tocando m\u00fasica mientras lo hacen. La Feria de Noche de Almer\u00eda tambi\u00e9n ofrece algunas cosas que no se suelen ver durante el d\u00eda. Aqu\u00ed es frecuente ver bares o pubs que se instalan en el lugar. Tambi\u00e9n suele haber un peque\u00f1o carnaval. Por la noche suele haber una aut\u00e9ntica fiesta, la m\u00fasica se pone muy alta y la gente baila y bebe aparte. La Feria de Abril se celebra siempre en Sevilla y suele comenzar con muchas personas que se re\u00fanen el d\u00eda anterior al comienzo de la Feria, se disfrazan y se re\u00fanen con sus amigos para beber y festejar juntos. El resto de los d\u00edas de la feria, las mujeres se ponen sus trajes de flamenca y los hombres suelen vestir trajes de montar tradicionales. En la ciudad tambi\u00e9n se ven muchos coches de caballos, tambi\u00e9n muy tradicionales. Al final de la Feria de Abril, a medianoche, se celebra un gran castillo de fuegos artificiales.<img loading=\"lazy\" decoding=\"async\" class=\"size-full wp-image-8216 alignright\" src=\"https:\/\/www.upo.es\/patio-colorado\/wp-content\/uploads\/2024\/05\/IMG_0943.jpeg\" alt=\"\" width=\"276\" height=\"183\" \/> La Feria de Caballo de Jerez es una feria muy tradicional que, como su nombre indica, gira en torno a los caballos. En Jerez siempre hay muchos coches de caballos en la feria, ya que el origen de esta feria fue una feria de caballos. Algo distinta es, por ejemplo, la feria de Huelva. Las Colombinas es la Feria de Huelva. Esta feria gira en torno a Crist\u00f3bal Col\u00f3n, responsable del descubrimiento de Am\u00e9rica. Esta feria se celebra el d\u00eda en que Col\u00f3n parti\u00f3 a descubrir el nuevo mundo, que fue el 3 de agosto de 1492. Aqu\u00ed tambi\u00e9n se bailan muchas danzas tradicionales, pero tambi\u00e9n muchos bailes tradicionales de Latinoam\u00e9rica para celebrar la herencia de Espa\u00f1a y de los pueblos de Am\u00e9rica.<br \/>\nComo se puede ver, hay bastantes diferencias en las ferias y merece la pena ver cada una de ellas.<\/p>\n","protected":false},"excerpt":{"rendered":"<p>En Andaluc\u00eda, la Feria se celebra todos los a\u00f1os y cada pueblo la celebra de forma diferente y tiene tradiciones distintas. Pero, \u00bfqu\u00e9 es exactamente la feria? La feria tiene su origen en las ferias de ganado de anta\u00f1o, en las que los ganaderos celebraban, bailaban y beb\u00edan vino juntos el fin de sus negocios. [&hellip;]<\/p>\n","protected":false},"author":148,"featured_media":0,"comment_status":"open","ping_status":"open","sticky":false,"template":"","format":"standard","meta":{"_acf_changed":false,"_monsterinsights_skip_tracking":false,"_monsterinsights_sitenote_active":false,"_monsterinsights_sitenote_note":"","_monsterinsights_sitenote_category":0,"footnotes":""},"categories":[12,35],"tags":[],"class_list":["post-8214","post","type-post","status-publish","format-standard","hentry","category-eventos","category-fiestas-tradiciones"],"blocksy_meta":[],"acf":[],"jetpack_featured_media_url":"","_links":{"self":[{"href":"https:\/\/www.upo.es\/patio-colorado\/wp-json\/wp\/v2\/posts\/8214","targetHints":{"allow":["GET"]}}],"collection":[{"href":"https:\/\/www.upo.es\/patio-colorado\/wp-json\/wp\/v2\/posts"}],"about":[{"href":"https:\/\/www.upo.es\/patio-colorado\/wp-json\/wp\/v2\/types\/post"}],"author":[{"embeddable":true,"href":"https:\/\/www.upo.es\/patio-colorado\/wp-json\/wp\/v2\/users\/148"}],"replies":[{"embeddable":true,"href":"https:\/\/www.upo.es\/patio-colorado\/wp-json\/wp\/v2\/comments?post=8214"}],"version-history":[{"count":1,"href":"https:\/\/www.upo.es\/patio-colorado\/wp-json\/wp\/v2\/posts\/8214\/revisions"}],"predecessor-version":[{"id":8217,"href":"https:\/\/www.upo.es\/patio-colorado\/wp-json\/wp\/v2\/posts\/8214\/revisions\/8217"}],"wp:attachment":[{"href":"https:\/\/www.upo.es\/patio-colorado\/wp-json\/wp\/v2\/media?parent=8214"}],"wp:term":[{"taxonomy":"category","embeddable":true,"href":"https:\/\/www.upo.es\/patio-colorado\/wp-json\/wp\/v2\/categories?post=8214"},{"taxonomy":"post_tag","embeddable":true,"href":"https:\/\/www.upo.es\/patio-colorado\/wp-json\/wp\/v2\/tags?post=8214"}],"curies":[{"name":"wp","href":"https:\/\/api.w.org\/{rel}","templated":true}]}}