{"id":834,"date":"2020-04-10T09:24:43","date_gmt":"2020-04-10T09:24:43","guid":{"rendered":"https:\/\/www.upo.es\/patio-colorado\/?p=834"},"modified":"2020-04-10T09:29:09","modified_gmt":"2020-04-10T09:29:09","slug":"a-la-vanguardia-cultural-literatura-teatro-y-musica-de-sevilla-a-tus-pies","status":"publish","type":"post","link":"https:\/\/www.upo.es\/patio-colorado\/2020\/04\/10\/a-la-vanguardia-cultural-literatura-teatro-y-musica-de-sevilla-a-tus-pies\/","title":{"rendered":"A la vanguardia cultural (literatura, teatro y m\u00fasica de Sevilla a tus pies)"},"content":{"rendered":"<p>\u00bfSigues pendiente de todo lo que te ofrece de manera online la provincia de Sevilla? Desde <em>El Patio<\/em> queremos decirte que Sevilla brota m\u00fasica y literatura independientemente de que estemos en estado de alarma y confinados. En este art\u00edculo te traemos algunos artistas y algunas ideas con respecto al panorama literario por si a\u00fan no le hab\u00edas echado un ojo. Aprovecha el encierro para mantenerte al d\u00eda del panorama cultural sevillano.<\/p>\n<p>En primer lugar, encabezando este art\u00edculo se encuentra la compa\u00f1\u00eda teatral de Utrera<strong>, Guate Teatro.<\/strong> Los actores se solidarizaron con el estado de alarma y para alegrar un poco el \u00e1nimo decidieron subir sus obras a YouTube para que todo el mundo tenga acceso a horas de comedia gratuitas y a las que poder acceder cuando quieran. Lo comentaron como \u00abAnte la incertidumbre, Arte como vacuna, para vencer el miedo y hacer frente al tedio. Ante un mayor periodo de confinamiento, Teatro para entretener y enternecer, para sentir y vivir, para seguir siendo\u00bb. (Guate Teatro para el peri\u00f3dico<em> UtreraWeb<\/em>). Os dejamos por aqu\u00ed el v\u00eddeo de su obra m\u00e1s famosa: <em>Atrapados en el acto<\/em>.<\/p>\n<p><iframe loading=\"lazy\" title=\"Atrapados en el acto\" width=\"1600\" height=\"900\" src=\"https:\/\/www.youtube.com\/embed\/6pbM0lEW038?start=4&#038;feature=oembed\" frameborder=\"0\" allow=\"accelerometer; autoplay; clipboard-write; encrypted-media; gyroscope; picture-in-picture; web-share\" referrerpolicy=\"strict-origin-when-cross-origin\" allowfullscreen><\/iframe><\/p>\n<p>Si seguimos con artistas, los siguientes utreranos son los protagonistas inigualables de la m\u00fasica en este art\u00edculo y los que han alcanzado m\u00e1s repercusi\u00f3n en los peri\u00f3dicos locales. Os los presentamos a modo de lista, para que os sea m\u00e1s sencillo localizarlos:<\/p>\n<ul>\n<li><strong>Andr\u00e9s Barrios:<\/strong> Desde que comenz\u00f3 en el mundo de la m\u00fasica y se dio a conocer, Barrios no ha dejado de componer y hace poco sac\u00f3 su primer disco conocido como <em>Al Sur del Jazz<\/em>, estrenado en noviembre. Durante el confinamiento, el Ayuntamiento de Utrera ha estado organizando una serie de conciertos y recitales online para amenizar la situaci\u00f3n y calmar los \u00e1nimos. Pod\u00e9is encontrar a este artista y a algunos m\u00e1s de esta lista en la p\u00e1gina web del Ayuntamiento de Utrera o en su Facebook. Nosotros te dejamos su canal de Youtube por aqu\u00ed: <a href=\"https:\/\/www.youtube.com\/channel\/UCV4HQrWuGgLrE-BQ9A33Wdw\">https:\/\/www.youtube.com\/channel\/UCV4HQrWuGgLrE-BQ9A33Wdw<\/a><\/li>\n<\/ul>\n<p><img loading=\"lazy\" decoding=\"async\" class=\"aligncenter size-large wp-image-835\" src=\"https:\/\/www.upo.es\/patio-colorado\/wp-content\/uploads\/2020\/04\/Andr\u00e9s-Barrios-1024x566.png\" alt=\"\" width=\"1024\" height=\"566\" srcset=\"https:\/\/www.upo.es\/patio-colorado\/wp-content\/uploads\/2020\/04\/Andr\u00e9s-Barrios-1024x566.png 1024w, https:\/\/www.upo.es\/patio-colorado\/wp-content\/uploads\/2020\/04\/Andr\u00e9s-Barrios-300x166.png 300w, https:\/\/www.upo.es\/patio-colorado\/wp-content\/uploads\/2020\/04\/Andr\u00e9s-Barrios-768x425.png 768w, https:\/\/www.upo.es\/patio-colorado\/wp-content\/uploads\/2020\/04\/Andr\u00e9s-Barrios.png 1119w\" sizes=\"auto, (max-width: 1024px) 100vw, 1024px\" \/><\/p>\n<ul>\n<li><strong>Manu Brazo<\/strong>: Saxofonista, profesor y concertista utrerano que emigr\u00f3 a Reino Unido en 2016, donde reside desde entonces, y quien se uni\u00f3 al movimiento #stayathome o #qu\u00e9dateencasa. Los conciertos y clases magistrales que ten\u00eda organizadas y propuestas desde marzo hasta junio han sido canceladas, pero \u00e9l no se desanima porque comenta que las oportunidades en el \u00e1mbito musical van a seguir ah\u00ed y que lo que tenemos que hacer es cuidarnos para acabar esta \u00abpausa\u00bb con las pilas cargadas y listos para empezar de nuevo. Nuestro m\u00fasico coment\u00f3, en un mensaje esperanzador que \u00ab en estos extra\u00f1os tiempos tenemos que confiar en el poder de la m\u00fasica m\u00e1s que nunca\u00bb. Os dejamos por aqu\u00ed su canal de Youtube para que le ech\u00e9is un vistazo (<a href=\"https:\/\/www.youtube.com\/channel\/UCv_Z14XvUtZbGLXhkpOJkxQ\">https:\/\/www.youtube.com\/channel\/UCv_Z14XvUtZbGLXhkpOJkxQ<\/a>):<\/li>\n<\/ul>\n<p><img loading=\"lazy\" decoding=\"async\" class=\"aligncenter size-large wp-image-839\" src=\"https:\/\/www.upo.es\/patio-colorado\/wp-content\/uploads\/2020\/04\/Manu-Brazo-1024x502.png\" alt=\"\" width=\"1024\" height=\"502\" srcset=\"https:\/\/www.upo.es\/patio-colorado\/wp-content\/uploads\/2020\/04\/Manu-Brazo-1024x502.png 1024w, https:\/\/www.upo.es\/patio-colorado\/wp-content\/uploads\/2020\/04\/Manu-Brazo-300x147.png 300w, https:\/\/www.upo.es\/patio-colorado\/wp-content\/uploads\/2020\/04\/Manu-Brazo-768x376.png 768w, https:\/\/www.upo.es\/patio-colorado\/wp-content\/uploads\/2020\/04\/Manu-Brazo.png 1165w\" sizes=\"auto, (max-width: 1024px) 100vw, 1024px\" \/><\/p>\n<p>&nbsp;<\/p>\n<ul>\n<li><strong>Ramos Dual<\/strong>: Los estilos musicales que baraja este artista son variados y van desde el rock alternativo, el low fi, el punk y la psicodelia. Naci\u00f3 en C\u00f3rdoba pero se mud\u00f3 a Utrera, donde reside permanentemente como profesor del colegio \u00c1lvarez Quintero. Toca en distintas bandas tambi\u00e9n: desde Beggar\u2019s House, a La Inesperada Sol Dual, hasta Malpara\u00edso. Si quieres conocer m\u00e1s sobre su amplio repertorio, te lo dejamos por aqu\u00ed (<a href=\"https:\/\/www.youtube.com\/channel\/UCnJ7FzNBM86VutDXuueT-rA\">https:\/\/www.youtube.com\/channel\/UCnJ7FzNBM86VutDXuueT-rA<\/a>):<br \/>\n<img loading=\"lazy\" decoding=\"async\" class=\"aligncenter size-full wp-image-841\" src=\"https:\/\/www.upo.es\/patio-colorado\/wp-content\/uploads\/2020\/04\/Ram\u00f3n-Dual.png\" alt=\"\" width=\"903\" height=\"615\" srcset=\"https:\/\/www.upo.es\/patio-colorado\/wp-content\/uploads\/2020\/04\/Ram\u00f3n-Dual.png 903w, https:\/\/www.upo.es\/patio-colorado\/wp-content\/uploads\/2020\/04\/Ram\u00f3n-Dual-300x204.png 300w, https:\/\/www.upo.es\/patio-colorado\/wp-content\/uploads\/2020\/04\/Ram\u00f3n-Dual-768x523.png 768w\" sizes=\"auto, (max-width: 903px) 100vw, 903px\" \/><\/li>\n<li><strong>Gore<\/strong>: La cantante utrerana conocida como Gore se ha sumado a esta iniciativa con un mensaje de concienciaci\u00f3n que transmite su nueva canci\u00f3n. Ella nos recuerda lo importante que es quedarse en casa y mantener el \u00e1nimo. Mezcla en sus canciones ritmos del synth pop, electro pop, techno y breakbeat e gothic rock. Te dejamos por aqu\u00ed su canal, por si te interesa (<a href=\"https:\/\/www.youtube.com\/user\/lydiagoreable\/feed\">https:\/\/www.youtube.com\/user\/lydiagoreable\/feed<\/a>):<\/li>\n<\/ul>\n<p><img loading=\"lazy\" decoding=\"async\" class=\"aligncenter size-large wp-image-837\" src=\"https:\/\/www.upo.es\/patio-colorado\/wp-content\/uploads\/2020\/04\/Gore-1024x500.png\" alt=\"\" width=\"1024\" height=\"500\" srcset=\"https:\/\/www.upo.es\/patio-colorado\/wp-content\/uploads\/2020\/04\/Gore-1024x500.png 1024w, https:\/\/www.upo.es\/patio-colorado\/wp-content\/uploads\/2020\/04\/Gore-300x146.png 300w, https:\/\/www.upo.es\/patio-colorado\/wp-content\/uploads\/2020\/04\/Gore-768x375.png 768w, https:\/\/www.upo.es\/patio-colorado\/wp-content\/uploads\/2020\/04\/Gore.png 1157w\" sizes=\"auto, (max-width: 1024px) 100vw, 1024px\" \/><\/p>\n<p>&nbsp;<\/p>\n<ul>\n<li>Como ya os comentamos en una entrada anterior, la semana santa est\u00e1 presente en esta revista por su importante contenido art\u00edstico y patrimonial y por eso, tenemos que destacar s\u00ed o s\u00ed, al artista <strong>Enrique Montoya \u00abCandela\u00bb<\/strong>, quien ha creado e interpretado \u00abPlegaria a la Virgen de Consolaci\u00f3n\u00bb, dedicada a la misma. Amado por su pueblo, aqu\u00ed os traemos a este artista para que vosotros tambi\u00e9n lo ador\u00e9is y esperemos, que os emocione. De \u00e9l os dejamos el video:<\/li>\n<\/ul>\n<p><iframe loading=\"lazy\" title=\"Enrique Montoya \u00abCandela\u00bb interpreta la \u00abPlegaria a la Virgen de Consolaci\u00f3n\u00bb en pleno confinamiento\" width=\"1600\" height=\"900\" src=\"https:\/\/www.youtube.com\/embed\/f2qPSK0b84c?feature=oembed\" frameborder=\"0\" allow=\"accelerometer; autoplay; clipboard-write; encrypted-media; gyroscope; picture-in-picture; web-share\" referrerpolicy=\"strict-origin-when-cross-origin\" allowfullscreen><\/iframe><\/p>\n<p>&nbsp;<\/p>\n<ul>\n<li>Las bandas de m\u00fasica de Utrera se han unido para publicar un video en el que han colaborado de manera remota, desde casa. Cada miembro toca su instrumento como si realmente estuvieran en la calle tocando para la virgen. Por aqu\u00ed os dejamos a<strong> la banda \u00abCiudad de Utrera\u00bb<\/strong> con su \u00fanica versi\u00f3n de <em>Madre Hiniesta<\/em>:<\/li>\n<\/ul>\n<p><iframe loading=\"lazy\" title=\"Madre Hiniesta - Banda Ciudad de Utrera 2020\" width=\"1600\" height=\"900\" src=\"https:\/\/www.youtube.com\/embed\/ZGrW9DChKwM?start=1&#038;feature=oembed\" frameborder=\"0\" allow=\"accelerometer; autoplay; clipboard-write; encrypted-media; gyroscope; picture-in-picture; web-share\" referrerpolicy=\"strict-origin-when-cross-origin\" allowfullscreen><\/iframe><\/p>\n<p>&nbsp;<\/p>\n<p>De igual manera, relacionadas con la semana santa, hay una serie de iniciativas propuestas por los municipios de Caminos de Pasi\u00f3n \u00abpara mantener vivas las costumbres y tradiciones de la Cuaresma y Semana Santa\u00bb. Proponen compartir las vivencias personales que est\u00e9n vinculadas al patrimonio cofrade y religioso en las redes sociales con los hashtags #yodibujoencasa y\/o #yovivolacuaresmaencasa. As\u00ed mismo, si se sigue la p\u00e1gina de cualquiera de los municipios nombrados, habr\u00e1 una programaci\u00f3n con juegos para conocer las costumbres y tradiciones de la Cuaresma. Tambi\u00e9n se ha subido un Recetario de cocina y reposter\u00eda t\u00edpica de Cuaresma para que puedas degustar la experiencia desde tu propia casa y est\u00e1 en PDF de manera accesible en la web. Os dejamos por aqu\u00ed el cartel de la propuesta:<\/p>\n<p><img loading=\"lazy\" decoding=\"async\" class=\"aligncenter size-large wp-image-836\" src=\"https:\/\/www.upo.es\/patio-colorado\/wp-content\/uploads\/2020\/04\/Caminos-de-Pasi\u00f3n-1024x843.jpg\" alt=\"\" width=\"1024\" height=\"843\" srcset=\"https:\/\/www.upo.es\/patio-colorado\/wp-content\/uploads\/2020\/04\/Caminos-de-Pasi\u00f3n-1024x843.jpg 1024w, https:\/\/www.upo.es\/patio-colorado\/wp-content\/uploads\/2020\/04\/Caminos-de-Pasi\u00f3n-300x247.jpg 300w, https:\/\/www.upo.es\/patio-colorado\/wp-content\/uploads\/2020\/04\/Caminos-de-Pasi\u00f3n-768x632.jpg 768w, https:\/\/www.upo.es\/patio-colorado\/wp-content\/uploads\/2020\/04\/Caminos-de-Pasi\u00f3n.jpg 1399w\" sizes=\"auto, (max-width: 1024px) 100vw, 1024px\" \/><\/p>\n<p>Por otro lado, en el <strong>\u00e1mbito literario<\/strong> tambi\u00e9n ha habido novedades. En primer lugar: El Ayuntamiento de Sevilla ha publicado un mapa del casco antiguo de la ciudad en el que se han se\u00f1alado enclaves de la zona relacionados con la literatura (ya sea autores u obras universales). Es un paseo virtual por la ciudad desde una perspectiva literaria.<\/p>\n<blockquote><p>\u00abA trav\u00e9s de un mapa del casco antiguo y tomando como referencia las placas y azulejos que hay colocados en diferentes calles y edificios, \u00abSevilla literaria\u00bb, como se llama el apartado de la web, invita a recorrer virtualmente las calles de la ciudad y a conocer qu\u00e9 relaci\u00f3n le une con casi una treintena de autores de todos los tiempos, entre los que se podemos encontrar a Lord Byron, Antonio Machado, los hermanos \u00c1lvarez Quintero, Miguel de Cervantes Saavedra, Juan Antonio Cavestany, Alejandro Dumas o Pedro Salinas\u00bb (ABCdesevilla; Cultura, 2020).<\/p><\/blockquote>\n<p>Te dejamos el enlace de <strong>Sevilla Literaria<\/strong> por aqu\u00ed para que recorras sin salir de casa siglos de la cultura de las letras: <a href=\"http:\/\/www.rmbs.es\/sevillaliteraria.php\">http:\/\/www.rmbs.es\/sevillaliteraria.php<\/a><\/p>\n<p><img loading=\"lazy\" decoding=\"async\" class=\"aligncenter size-full wp-image-842\" src=\"https:\/\/www.upo.es\/patio-colorado\/wp-content\/uploads\/2020\/04\/SEVILLA-LITERARIA.png\" alt=\"\" width=\"793\" height=\"645\" srcset=\"https:\/\/www.upo.es\/patio-colorado\/wp-content\/uploads\/2020\/04\/SEVILLA-LITERARIA.png 793w, https:\/\/www.upo.es\/patio-colorado\/wp-content\/uploads\/2020\/04\/SEVILLA-LITERARIA-300x244.png 300w, https:\/\/www.upo.es\/patio-colorado\/wp-content\/uploads\/2020\/04\/SEVILLA-LITERARIA-768x625.png 768w\" sizes=\"auto, (max-width: 793px) 100vw, 793px\" \/><\/p>\n<p>&nbsp;<\/p>\n<p>\u00bfQu\u00e9 hay m\u00e1s relacionado con la literatura que una librer\u00eda?<strong> La librer\u00eda La Casa Tomada<\/strong>, de Sevilla da cursos y talleres de escritura, literatura, narrativa, etc. Lo interesante de estos talleres es que se han adaptado a la situaci\u00f3n actual y est\u00e1n pensados para que los hagas desde tu casa y los profesores te van corrigiendo los trabajos. Es interesante por si quieres aprender algo nuevo durante la cuarentena.<\/p>\n<p>Nuestra \u00faltima propuesta que os traemos y con la que cerramos este reportaje es de car\u00e1cter un poco m\u00e1s hist\u00f3rico-cultural: El Ayuntamiento de Sevilla ha propuesta una serie de recursos educativos para aprender sobre<strong> la primera vuelta al mundo realizada por Magallanes<\/strong> y cuenta con los analistas Guadalupe Fern\u00e1ndez, de la Fundaci\u00f3n Nao Victoria; el catedr\u00e1tico de Historia de Am\u00e9rica, Pablo Emilio P\u00e9rez Malla\u00edna, y el ilustrador Abel Ipp\u00f3lito. Las propuestas van desde lecturas hasta plantillas para colorear para los m\u00e1s peque\u00f1os (y no tan peque\u00f1os porque hemos visto las ilustraciones y, \u00a1cu\u00e1nto detalle! <span style=\"color: #999999\"><strong>Una de las plantillas la hemos puesto como encabezado de este reportaje<\/strong>,<\/span> por si os pica la curiosidad), o incluso gu\u00edas para que los profesores ense\u00f1en a sus alumnos sobre el evento. Te dejamos el enlace para que investigues qu\u00e9 m\u00e1s tienen preparado y qu\u00e9 puedes ir haciendo, al igual que te dejamos tambi\u00e9n el cartel del evento (<a href=\"https:\/\/www.sevilla.org\/ciudad\/vuelta-al-mundo\/recursos-online-sobre-la-primera-vuelta-al-mundo#autotoc-item-autotoc-4\">https:\/\/www.sevilla.org\/ciudad\/vuelta-al-mundo\/recursos-online-sobre-la-primera-vuelta-al-mundo#autotoc-item-autotoc-4<\/a>):<\/p>\n<p><img loading=\"lazy\" decoding=\"async\" class=\"aligncenter size-full wp-image-840\" src=\"https:\/\/www.upo.es\/patio-colorado\/wp-content\/uploads\/2020\/04\/primera-vuelta.png\" alt=\"\" width=\"839\" height=\"581\" srcset=\"https:\/\/www.upo.es\/patio-colorado\/wp-content\/uploads\/2020\/04\/primera-vuelta.png 839w, https:\/\/www.upo.es\/patio-colorado\/wp-content\/uploads\/2020\/04\/primera-vuelta-300x208.png 300w, https:\/\/www.upo.es\/patio-colorado\/wp-content\/uploads\/2020\/04\/primera-vuelta-768x532.png 768w\" sizes=\"auto, (max-width: 839px) 100vw, 839px\" \/><\/p>\n<p><a href=\"https:\/\/www.utreradigital.com\/web\/2020\/04\/08\/abrazame-con-los-ojos-en-tu-casa-quedate-el-mensaje-musical-de-concienciacion-y-fuerza-de-la-cantante-utrerana-gore-video\/\">https:\/\/www.utreradigital.com\/web\/2020\/04\/08\/abrazame-con-los-ojos-en-tu-casa-quedate-el-mensaje-musical-de-concienciacion-y-fuerza-de-la-cantante-utrerana-gore-video\/<\/a>; <a href=\"https:\/\/www.utreraweb.com\/noticias-de-utrera\/cultura\/11734\/El-saxofonista-de-Utrera-Manu-Brazo-se-une-con-su-musica-al-%E2%80%98%C2%A1Quedate-en-casa%E2%80%99-desde-su-confinamiento-en-Londres\/\">https:\/\/www.utreraweb.com\/noticias-de-utrera\/cultura\/11734\/El-saxofonista-de-Utrera-Manu-Brazo-se-une-con-su-musica-al-%E2%80%98%C2%A1Quedate-en-casa%E2%80%99-desde-su-confinamiento-en-Londres\/<\/a>; <a href=\"https:\/\/www.utreraweb.com\/noticias-de-utrera\/cultura\/11706\/La-compania-teatral-de-Utrera-Guate-Teatro-ofrece-sus-obras-en-YouTube-como-entretenimiento-al-estado-de-alarma\/\">https:\/\/www.utreraweb.com\/noticias-de-utrera\/cultura\/11706\/La-compania-teatral-de-Utrera-Guate-Teatro-ofrece-sus-obras-en-YouTube-como-entretenimiento-al-estado-de-alarma\/<\/a>; <a href=\"https:\/\/sevilla.abc.es\/cultura\/sevi-paseo-virtual-sevilla-literaria-para-estos-dias-confinamiento-202003301304_noticia.html\">https:\/\/sevilla.abc.es\/cultura\/sevi-paseo-virtual-sevilla-literaria-para-estos-dias-confinamiento-202003301304_noticia.html<\/a><\/p>\n","protected":false},"excerpt":{"rendered":"<p>\u00bfSigues pendiente de todo lo que te ofrece de manera online la provincia de Sevilla? Desde El Patio queremos decirte que Sevilla brota m\u00fasica y literatura independientemente de que estemos en estado de alarma y confinados. En este art\u00edculo te traemos algunos artistas y algunas ideas con respecto al panorama literario por si a\u00fan no [&hellip;]<\/p>\n","protected":false},"author":12,"featured_media":838,"comment_status":"open","ping_status":"open","sticky":false,"template":"","format":"standard","meta":{"_acf_changed":false,"_monsterinsights_skip_tracking":false,"_monsterinsights_sitenote_active":false,"_monsterinsights_sitenote_note":"","_monsterinsights_sitenote_category":0,"footnotes":""},"categories":[136],"tags":[118,29,138,6,17],"class_list":["post-834","post","type-post","status-publish","format-standard","has-post-thumbnail","hentry","category-reportajes","tag-elartesequedaencasa","tag-artista","tag-quedate-en-casa","tag-sevilla","tag-utrera"],"blocksy_meta":[],"acf":[],"jetpack_featured_media_url":"https:\/\/www.upo.es\/patio-colorado\/wp-content\/uploads\/2020\/04\/lamina-mandala.png","_links":{"self":[{"href":"https:\/\/www.upo.es\/patio-colorado\/wp-json\/wp\/v2\/posts\/834","targetHints":{"allow":["GET"]}}],"collection":[{"href":"https:\/\/www.upo.es\/patio-colorado\/wp-json\/wp\/v2\/posts"}],"about":[{"href":"https:\/\/www.upo.es\/patio-colorado\/wp-json\/wp\/v2\/types\/post"}],"author":[{"embeddable":true,"href":"https:\/\/www.upo.es\/patio-colorado\/wp-json\/wp\/v2\/users\/12"}],"replies":[{"embeddable":true,"href":"https:\/\/www.upo.es\/patio-colorado\/wp-json\/wp\/v2\/comments?post=834"}],"version-history":[{"count":4,"href":"https:\/\/www.upo.es\/patio-colorado\/wp-json\/wp\/v2\/posts\/834\/revisions"}],"predecessor-version":[{"id":846,"href":"https:\/\/www.upo.es\/patio-colorado\/wp-json\/wp\/v2\/posts\/834\/revisions\/846"}],"wp:featuredmedia":[{"embeddable":true,"href":"https:\/\/www.upo.es\/patio-colorado\/wp-json\/wp\/v2\/media\/838"}],"wp:attachment":[{"href":"https:\/\/www.upo.es\/patio-colorado\/wp-json\/wp\/v2\/media?parent=834"}],"wp:term":[{"taxonomy":"category","embeddable":true,"href":"https:\/\/www.upo.es\/patio-colorado\/wp-json\/wp\/v2\/categories?post=834"},{"taxonomy":"post_tag","embeddable":true,"href":"https:\/\/www.upo.es\/patio-colorado\/wp-json\/wp\/v2\/tags?post=834"}],"curies":[{"name":"wp","href":"https:\/\/api.w.org\/{rel}","templated":true}]}}