{"id":8341,"date":"2024-05-04T19:47:14","date_gmt":"2024-05-04T19:47:14","guid":{"rendered":"https:\/\/www.upo.es\/patio-colorado\/?p=8341"},"modified":"2024-05-12T12:23:41","modified_gmt":"2024-05-12T12:23:41","slug":"museo-palacio-del-tiempo-lo-conocias","status":"publish","type":"post","link":"https:\/\/www.upo.es\/patio-colorado\/2024\/05\/04\/museo-palacio-del-tiempo-lo-conocias\/","title":{"rendered":"Museo-Palacio del Tiempo, \u00bflo conoc\u00edas?"},"content":{"rendered":"<p>Los Museos de la Atalaya, en la calle Cervantes en Jerez de la Frontera, acogen el Museo-Palacio del Tiempo \u2014palacio victoriano\u2014, el Misterio de Jerez \u2014antiguas bodegas adaptadas como espacios multiusos\u2014, y los Jardines de la Atalaya.<\/p>\n<p>La gesti\u00f3n del conjunto de los Museos de la Atalaya corre a cargo de la Fundaci\u00f3n Andr\u00e9s de Ribera, que inicia en 1987. Est\u00e1 presidida, con alternancia, por la alcald\u00eda de Jerez y la Presidencia de Diputaci\u00f3n de C\u00e1diz.<\/p>\n<p>&nbsp;<\/p>\n<p><strong>El Museo-Palacio del Tiempo <\/strong><\/p>\n<p>Constituye dos edificios con 9 salas y data del a\u00f1o 1873. El museo fue inaugurado en 1973 y acoge una de las colecciones de relojes m\u00e1s valiosas de Europa. En sus or\u00edgenes, la colecci\u00f3n estaba formada por 152 ejemplares, hasta alcanzar las 287 piezas que est\u00e1n expuestas actualmente. Entre los ejemplares, destacan firmas de maestros relojeros como Frodsham, Losada, Berthoud, Guydamour, Lepaute, Robin, Leroy, etc.<\/p>\n<p>&nbsp;<\/p>\n<figure id=\"attachment_8347\" aria-describedby=\"caption-attachment-8347\" style=\"width: 397px\" class=\"wp-caption aligncenter\"><img loading=\"lazy\" decoding=\"async\" class=\"wp-image-8347\" src=\"https:\/\/www.upo.es\/patio-colorado\/wp-content\/uploads\/2024\/05\/10-300x210.jpg\" alt=\"\" width=\"397\" height=\"278\" srcset=\"https:\/\/www.upo.es\/patio-colorado\/wp-content\/uploads\/2024\/05\/10-300x210.jpg 300w, https:\/\/www.upo.es\/patio-colorado\/wp-content\/uploads\/2024\/05\/10.jpg 400w\" sizes=\"auto, (max-width: 397px) 100vw, 397px\" \/><figcaption id=\"caption-attachment-8347\" class=\"wp-caption-text\">Interior del Museo de los Relojes (R. D., 2024).<\/figcaption><\/figure>\n<p>&nbsp;<\/p>\n<p>Lo m\u00e1s curioso de este lugar es que sus relojes est\u00e1n en funcionamiento y pueden ser visitados en la exposici\u00f3n permanente. Estas incre\u00edbles obras de arte datan entre los siglos XVII y XIX, y hoy nos permiten escuchar sus soner\u00edas cada hora.<\/p>\n<p>&nbsp;<\/p>\n<figure id=\"attachment_8346\" aria-describedby=\"caption-attachment-8346\" style=\"width: 346px\" class=\"wp-caption aligncenter\"><img loading=\"lazy\" decoding=\"async\" class=\"wp-image-8346\" src=\"https:\/\/www.upo.es\/patio-colorado\/wp-content\/uploads\/2024\/05\/7-300x210.jpg\" alt=\"\" width=\"346\" height=\"242\" srcset=\"https:\/\/www.upo.es\/patio-colorado\/wp-content\/uploads\/2024\/05\/7-300x210.jpg 300w, https:\/\/www.upo.es\/patio-colorado\/wp-content\/uploads\/2024\/05\/7.jpg 400w\" sizes=\"auto, (max-width: 346px) 100vw, 346px\" \/><figcaption id=\"caption-attachment-8346\" class=\"wp-caption-text\">Ejemplares del Museo de los Relojes (R. D., 2024).<\/figcaption><\/figure>\n<p>&nbsp;<\/p>\n<p>Los relojes est\u00e1n distribuidos por diferentes salas del edificio, tres salas recogen la mayor parte de los relojes franceses: la Sala Azul, la Sala de Oro (estilo imperial) y la Sala P\u00farpura (selecci\u00f3n de Carlos X). Los relojes ingleses se encuentran distribuidos por el Hall de Losada y la Sala Verde. Adem\u00e1s, la selecci\u00f3n de relojes de plata civil est\u00e1 expuesta en la Sala de la Plata y los relojes notables y de bolsillo en la Sala Arturo Paz.<\/p>\n<p>Aunque carecen de t\u00edtulo, los relojes son organizados e identificados en funci\u00f3n de la \u00e9poca, el estilo art\u00edstico y los autores que se conozcan. Tambi\u00e9n son denominados con curiosos nombres por el personal que trabaja en el museo y, en su totalidad, constituyen una colecci\u00f3n con un valor incalculable.<\/p>\n<p>&nbsp;<\/p>\n<p>&nbsp;<\/p>\n<figure id=\"attachment_8348\" aria-describedby=\"caption-attachment-8348\" style=\"width: 326px\" class=\"wp-caption aligncenter\"><img loading=\"lazy\" decoding=\"async\" class=\"wp-image-8348\" src=\"https:\/\/www.upo.es\/patio-colorado\/wp-content\/uploads\/2024\/05\/Reloj-epoca-origen-italiano_1800130163_186328942_1200x1566-230x300.jpg\" alt=\"\" width=\"326\" height=\"425\" srcset=\"https:\/\/www.upo.es\/patio-colorado\/wp-content\/uploads\/2024\/05\/Reloj-epoca-origen-italiano_1800130163_186328942_1200x1566-230x300.jpg 230w, https:\/\/www.upo.es\/patio-colorado\/wp-content\/uploads\/2024\/05\/Reloj-epoca-origen-italiano_1800130163_186328942_1200x1566-785x1024.jpg 785w, https:\/\/www.upo.es\/patio-colorado\/wp-content\/uploads\/2024\/05\/Reloj-epoca-origen-italiano_1800130163_186328942_1200x1566-768x1002.jpg 768w, https:\/\/www.upo.es\/patio-colorado\/wp-content\/uploads\/2024\/05\/Reloj-epoca-origen-italiano_1800130163_186328942_1200x1566-1177x1536.jpg 1177w, https:\/\/www.upo.es\/patio-colorado\/wp-content\/uploads\/2024\/05\/Reloj-epoca-origen-italiano_1800130163_186328942_1200x1566.jpg 1200w\" sizes=\"auto, (max-width: 326px) 100vw, 326px\" \/><figcaption id=\"caption-attachment-8348\" class=\"wp-caption-text\">Reloj de pared nocturno de origen italiano, con piedras semipreciosas, n\u00e1car, lapisl\u00e1zuli y maderas nobles. Firmado por Frodsman, relojero de la Reina Victoria de Inglaterra (R. D., 2024).<\/figcaption><\/figure>\n<p>&nbsp;<\/p>\n<p><strong>El Misterio de Jerez<\/strong><\/p>\n<p>El Centro de Reuniones y Eventos es un complejo destinado a celebraciones, espect\u00e1culos, reuniones, convenciones y otras actividades culturales. Se construye en una bodega adaptada como una sala auditorio multimedia y una antesala de bienvenida. Se encuentra unida junto a otra bodega por un patio con galer\u00eda porticada.<\/p>\n<p>&nbsp;<\/p>\n<figure id=\"attachment_8344\" aria-describedby=\"caption-attachment-8344\" style=\"width: 379px\" class=\"wp-caption aligncenter\"><img loading=\"lazy\" decoding=\"async\" class=\"wp-image-8344\" src=\"https:\/\/www.upo.es\/patio-colorado\/wp-content\/uploads\/2024\/05\/7-1-300x210.jpg\" alt=\"\" width=\"379\" height=\"265\" srcset=\"https:\/\/www.upo.es\/patio-colorado\/wp-content\/uploads\/2024\/05\/7-1-300x210.jpg 300w, https:\/\/www.upo.es\/patio-colorado\/wp-content\/uploads\/2024\/05\/7-1.jpg 400w\" sizes=\"auto, (max-width: 379px) 100vw, 379px\" \/><figcaption id=\"caption-attachment-8344\" class=\"wp-caption-text\">Sala del Misterio de Jerez (Jerez Ciudad, 2016).<\/figcaption><\/figure>\n<p>&nbsp;<\/p>\n<p><strong>Los jardines de la Atalaya<\/strong><\/p>\n<p>Estos jardines, dotados de \u00e1rboles centenarios y reconocidos como Jardines Hist\u00f3ricos de Andaluc\u00eda, coinciden con el estilo paisajista franc\u00e9s del siglo XIX.<\/p>\n<p>&nbsp;<\/p>\n<figure id=\"attachment_8343\" aria-describedby=\"caption-attachment-8343\" style=\"width: 424px\" class=\"wp-caption aligncenter\"><img loading=\"lazy\" decoding=\"async\" class=\"wp-image-8343\" src=\"https:\/\/www.upo.es\/patio-colorado\/wp-content\/uploads\/2024\/05\/actualidad_140997298_10063418_854x640-300x225.webp\" alt=\"\" width=\"424\" height=\"318\" srcset=\"https:\/\/www.upo.es\/patio-colorado\/wp-content\/uploads\/2024\/05\/actualidad_140997298_10063418_854x640-300x225.webp 300w, https:\/\/www.upo.es\/patio-colorado\/wp-content\/uploads\/2024\/05\/actualidad_140997298_10063418_854x640-768x576.webp 768w, https:\/\/www.upo.es\/patio-colorado\/wp-content\/uploads\/2024\/05\/actualidad_140997298_10063418_854x640.webp 854w\" sizes=\"auto, (max-width: 424px) 100vw, 424px\" \/><figcaption id=\"caption-attachment-8343\" class=\"wp-caption-text\">Jardines de la Atalaya (Cruz, 2016).<\/figcaption><\/figure>\n<p>&nbsp;<\/p>\n<p>En resumen, los Museos de la Atalaya forman uno de los espacios m\u00e1s espectaculares y \u00fanicos de Jerez, ofrecen al visitante un lugar donde conviven el estilo cl\u00e1sico y el moderno, en el que encontrar\u00e1n espacios singulares como el museo dedicado a una incre\u00edble colecci\u00f3n de relojes.<\/p>\n<p>&nbsp;<\/p>\n<p>&nbsp;<\/p>\n<p>Referencias<\/p>\n<p>Cruz, S. (2016). El tiempo perdido de Ruiz-Mateos: as\u00ed es su colecci\u00f3n de 300 relojes. <em>El Espa\u00f1ol<\/em>. https:\/\/www.elespanol.com\/cultura\/arte\/20160718\/140986522_0.html<\/p>\n<p>Jerez Ciudad (2024). <em>Museos de la Atalaya<\/em>. JerezCiudad.com. https:\/\/www.jerezciudad.com\/conoce_jerez\/museos\/museos_atalaya\/museos_atalaya.php<\/p>\n<p>R. D. (2024). El Palacio del Tiempo de Jerez: un museo de relojes \u00fanico en Europa. <em>Diario de jerez<\/em>. https:\/\/www.diariodejerez.es\/que-hacer\/palacio-tiempo-Jerez-museo-relojes-unico-Europa_0_1800120241.html<\/p>\n<p>R. D. (2024). Este museo es \u00fanico en Europa y en el no se para nunca el tiempo. <em>Diario de jerez.<\/em> https:\/\/www.diariodejerez.es\/que-hacer\/museo-Jerez-unico-Europa-tiempo_0_1894012727.html<\/p>\n","protected":false},"excerpt":{"rendered":"<p>Los Museos de la Atalaya, en la calle Cervantes en Jerez de la Frontera, acogen el Museo-Palacio del Tiempo \u2014palacio victoriano\u2014, el Misterio de Jerez \u2014antiguas bodegas adaptadas como espacios multiusos\u2014, y los Jardines de la Atalaya. La gesti\u00f3n del conjunto de los Museos de la Atalaya corre a cargo de la Fundaci\u00f3n Andr\u00e9s de [&hellip;]<\/p>\n","protected":false},"author":136,"featured_media":8342,"comment_status":"open","ping_status":"open","sticky":false,"template":"","format":"standard","meta":{"_acf_changed":false,"_monsterinsights_skip_tracking":false,"_monsterinsights_sitenote_active":false,"_monsterinsights_sitenote_note":"","_monsterinsights_sitenote_category":0,"footnotes":""},"categories":[1,170],"tags":[560],"class_list":["post-8341","post","type-post","status-publish","format-standard","has-post-thumbnail","hentry","category-sin-categoria","category-monumentos-y-turismo","tag-museos"],"blocksy_meta":[],"acf":[],"jetpack_featured_media_url":"https:\/\/www.upo.es\/patio-colorado\/wp-content\/uploads\/2024\/05\/Varios-encuentran-Palacio-Tiempo-Jerez_1800130172_186329352_667x375.jpg","_links":{"self":[{"href":"https:\/\/www.upo.es\/patio-colorado\/wp-json\/wp\/v2\/posts\/8341","targetHints":{"allow":["GET"]}}],"collection":[{"href":"https:\/\/www.upo.es\/patio-colorado\/wp-json\/wp\/v2\/posts"}],"about":[{"href":"https:\/\/www.upo.es\/patio-colorado\/wp-json\/wp\/v2\/types\/post"}],"author":[{"embeddable":true,"href":"https:\/\/www.upo.es\/patio-colorado\/wp-json\/wp\/v2\/users\/136"}],"replies":[{"embeddable":true,"href":"https:\/\/www.upo.es\/patio-colorado\/wp-json\/wp\/v2\/comments?post=8341"}],"version-history":[{"count":8,"href":"https:\/\/www.upo.es\/patio-colorado\/wp-json\/wp\/v2\/posts\/8341\/revisions"}],"predecessor-version":[{"id":8500,"href":"https:\/\/www.upo.es\/patio-colorado\/wp-json\/wp\/v2\/posts\/8341\/revisions\/8500"}],"wp:featuredmedia":[{"embeddable":true,"href":"https:\/\/www.upo.es\/patio-colorado\/wp-json\/wp\/v2\/media\/8342"}],"wp:attachment":[{"href":"https:\/\/www.upo.es\/patio-colorado\/wp-json\/wp\/v2\/media?parent=8341"}],"wp:term":[{"taxonomy":"category","embeddable":true,"href":"https:\/\/www.upo.es\/patio-colorado\/wp-json\/wp\/v2\/categories?post=8341"},{"taxonomy":"post_tag","embeddable":true,"href":"https:\/\/www.upo.es\/patio-colorado\/wp-json\/wp\/v2\/tags?post=8341"}],"curies":[{"name":"wp","href":"https:\/\/api.w.org\/{rel}","templated":true}]}}