{"id":8362,"date":"2024-05-06T15:36:07","date_gmt":"2024-05-06T15:36:07","guid":{"rendered":"https:\/\/www.upo.es\/patio-colorado\/?p=8362"},"modified":"2024-05-06T15:36:07","modified_gmt":"2024-05-06T15:36:07","slug":"175-aniversario-de-la-real-academia-de-san-telmo-en-el-museo-revello-de-toro","status":"publish","type":"post","link":"https:\/\/www.upo.es\/patio-colorado\/2024\/05\/06\/175-aniversario-de-la-real-academia-de-san-telmo-en-el-museo-revello-de-toro\/","title":{"rendered":"175 aniversario de la Real Academia de San Telmo en el Museo Revello de Toro"},"content":{"rendered":"<div>\n<div class=\"px-5 py-3 border border-gray-300 rounded-md text-left text-gray-500 flex flex-col gap-2 sm:text-base text-xs\"><span class=\"text-with-replacments\">El Museo Revello de Toro en M\u00e1laga se transforma en el foco de un evento cultural incre\u00edble al conmemorar el 175 aniversario de la Real Academia de San Telmo con una exposici\u00f3n singular y apasionante.<\/span><span class=\"text-with-replacments\">\u00a0Bajo el nombre de &#8216;Revello de Toro y la Real Academia de Bellas Artes de San Telmo&#8217;, esta exposici\u00f3n conmemorativa se presenta como un homenaje impresionante a la historia y al impacto que esta venerable instituci\u00f3n ha tenido en el \u00e1mbito art\u00edstico y cultural tanto en M\u00e1laga como fuera de ella.<\/span><\/p>\n<p><span class=\"text-with-replacments\">Del 6 de mayo al 28 de julio, los visitantes pueden disfrutar de una extraordinaria colecci\u00f3n de retratos que representan a los presidentes que han dirigido la academia desde su fundaci\u00f3n en 1849. Esto les brinda la oportunidad \u00fanica de sumergirse en un viaje hist\u00f3rico.<\/span><span class=\"text-with-replacments\">\u00a0Seleccionadas con cuidado de las profundidades hist\u00f3ricas, estas obras maestras no solo representan f\u00edsicamente a los l\u00edderes acad\u00e9micos, sino que tambi\u00e9n reflejan su compromiso y dedicaci\u00f3n a las artes.<\/span><br \/>\n<img loading=\"lazy\" decoding=\"async\" class=\"size-medium wp-image-8371 alignright\" src=\"https:\/\/www.upo.es\/patio-colorado\/wp-content\/uploads\/2024\/05\/Captura-de-pantalla-2024-05-06-172428-1-225x300.png\" alt=\"\" width=\"225\" height=\"300\" srcset=\"https:\/\/www.upo.es\/patio-colorado\/wp-content\/uploads\/2024\/05\/Captura-de-pantalla-2024-05-06-172428-1-225x300.png 225w, https:\/\/www.upo.es\/patio-colorado\/wp-content\/uploads\/2024\/05\/Captura-de-pantalla-2024-05-06-172428-1.png 686w\" sizes=\"auto, (max-width: 225px) 100vw, 225px\" \/><\/p>\n<p><span class=\"text-with-replacments\">La presencia de destacadas personalidades del mundo del arte y la cultura, incluida Mariana Pineda, concejala delegada de Cultura y Patrimonio Hist\u00f3rico del Ayuntamiento de M\u00e1laga, y Jos\u00e9 Manuel Cabra de Luna, presidente de la Real Academia de Bellas Artes de San Telmo, hizo que el evento inaugural fuera verdader<\/span><span class=\"text-with-replacments\">\u00a0Este encuentro dio inicio a una celebraci\u00f3n de varios meses que conmemora el duradero legado de la academia y su impacto en la escena cultural local y nacional.<\/span><\/p>\n<div class=\"px-5 py-3 border border-gray-300 rounded-md text-left text-gray-500 flex flex-col gap-2 sm:text-base text-xs\"><span class=\"text-with-replacments\">La exposici\u00f3n no solo muestra los retratos de los presidentes, sino que tambi\u00e9n brinda un an\u00e1lisis exhaustivo de la historia y las actividades de la academia a lo largo del tiempo.<\/span><span class=\"text-with-replacments\">\u00a0La narrativa se complementa con artefactos hist\u00f3ricos, documentos raros y obras de arte adicionales, lo que permite a los visitantes comprender mejor el papel fundamental que la Real Academia de San Telmo ha tenido en la promoci\u00f3n y preservaci\u00f3n del patrimonio cultural y las artes en M\u00e1laga y sus alrededores.<\/span><\/p>\n<p><span class=\"text-with-replacments\">La Real Academia de San Telmo, fundada por Real Decreto en 1849, ha sido un referente de excelencia art\u00edstica y creatividad por m\u00e1s de ciento cincuenta a\u00f1os.<\/span><span class=\"text-with-replacments\">\u00a0La academia ha dejado una huella indeleble en la historia y el alma de M\u00e1laga, desde que comenz\u00f3 modestamente hasta su posici\u00f3n actual como l\u00edder en el \u00e1mbito cultural.<\/span><span class=\"text-with-replacments\">\u00a0Su compromiso constante con la promoci\u00f3n del arte y la cultura sigue siendo igual de relevante hoy en d\u00eda que cuando fue fundada hace 175 a\u00f1os.<\/span><\/p>\n<p><span class=\"text-with-replacments\">En resumen, la exhibici\u00f3n en el Museo Revello de Toro representa mucho m\u00e1s que una mera muestra de arte.<\/span><span class=\"text-with-replacments\">\u00a0La perseverancia, el talento y la pasi\u00f3n que han definido a lo largo de los a\u00f1os a la Real Academia de San Telmo son un testimonio conmovedor, y su importancia duradera en el panorama cultural de M\u00e1laga y m\u00e1s all\u00e1 es un recordatorio inspirador.<\/span><br \/>\n<img decoding=\"async\" src=\"https:\/\/upload.wikimedia.org\/wikipedia\/commons\/1\/1b\/Palacio_de_la_Aduana_%28M%C3%A1laga%29_01.jpg\" alt=\"File:Palacio de la Aduana (M\u00e1laga) 01.jpg - Wikimedia Commons\" \/><br \/>\n(<a href=\"https:\/\/commons.wikimedia.org\/wiki\/File:Palacio_de_la_Aduana_%28M%C3%A1laga%29_01.jpg\">\u00abCreative Commons\u00bb por WikiMedia Commons<\/a>)<\/div>\n<div><\/div>\n<\/div>\n<\/div>\n<div><strong>Bibliograf\u00eda:<\/strong><\/div>\n<div>\n<p>Cadena SER. (2024, 6 de mayo). El Museo Revello de Toro de M\u00e1laga dedica una exposici\u00f3n a la Real Academia de San Telmo con motivo de su 175 aniversario [Ser M\u00e1laga]. Recuperado de <a href=\"https:\/\/cadenaser.com\/andalucia\/2024\/05\/06\/el-museo-revello-de-toro-de-malaga-dedica-una-exposicion-a-la-real-academia-de-san-telmo-con-motivo-de-su-175-aniversario-ser-malaga\/\">https:\/\/cadenaser.com\/andalucia\/2024\/05\/06\/el-museo-revello-de-toro-de-malaga-dedica-una-exposicion-a-la-real-academia-de-san-telmo-con-motivo-de-su-175-aniversario-ser-malaga\/<\/a><\/p>\n<p>Real Academia de Bellas Artes de San Telmo. (2024). Retrato de los presidentes de la Academia de Bellas Artes de San Telmo [Fotograf\u00eda]. Recuperado de <a href=\"https:\/\/www.realacademiasantelmo.org\/historico-de-presidentes\/\" target=\"_new\" rel=\"noreferrer noopener\">https:\/\/www.realacademiasantelmo.org\/historico-de-presidentes\/<\/a><\/p>\n<p>Viva M\u00e1laga. (s.f.). Homenaje al 175 aniversario de la Real Academia de San Telmo en el Museo Revello de Toro. Recuperado de <a href=\"https:\/\/vivamalaga.net\/andalucia\/1650644\/homenaje-al-175-aniversario-de-la-real-academia-de-san-telmo-en-el-museo-revello-de-toro\/\">https:\/\/vivamalaga.net\/andalucia\/1650644\/homenaje-al-175-aniversario-de-la-real-academia-de-san-telmo-en-el-museo-revello-de-toro\/<\/a><\/p>\n<p>&nbsp;<\/p>\n<\/div>\n","protected":false},"excerpt":{"rendered":"<p>El Museo Revello de Toro en M\u00e1laga se transforma en el foco de un evento cultural incre\u00edble al conmemorar el 175 aniversario de la Real Academia de San Telmo con una exposici\u00f3n singular y apasionante.\u00a0Bajo el nombre de &#8216;Revello de Toro y la Real Academia de Bellas Artes de San Telmo&#8217;, esta exposici\u00f3n conmemorativa se [&hellip;]<\/p>\n","protected":false},"author":128,"featured_media":8365,"comment_status":"open","ping_status":"open","sticky":false,"template":"","format":"standard","meta":{"_acf_changed":false,"_monsterinsights_skip_tracking":false,"_monsterinsights_sitenote_active":false,"_monsterinsights_sitenote_note":"","_monsterinsights_sitenote_category":0,"footnotes":""},"categories":[1],"tags":[1064],"class_list":["post-8362","post","type-post","status-publish","format-standard","has-post-thumbnail","hentry","category-sin-categoria","tag-arte-cultura-museorevellodetoro-realacademiasantelmo-aniversario-exposicion-patrimoniocultural-malaga-historiadelarte-creatividad-legadocultural"],"blocksy_meta":[],"acf":[],"jetpack_featured_media_url":"https:\/\/www.upo.es\/patio-colorado\/wp-content\/uploads\/2024\/05\/Mueso_Revello_de_Toro.jpg","_links":{"self":[{"href":"https:\/\/www.upo.es\/patio-colorado\/wp-json\/wp\/v2\/posts\/8362","targetHints":{"allow":["GET"]}}],"collection":[{"href":"https:\/\/www.upo.es\/patio-colorado\/wp-json\/wp\/v2\/posts"}],"about":[{"href":"https:\/\/www.upo.es\/patio-colorado\/wp-json\/wp\/v2\/types\/post"}],"author":[{"embeddable":true,"href":"https:\/\/www.upo.es\/patio-colorado\/wp-json\/wp\/v2\/users\/128"}],"replies":[{"embeddable":true,"href":"https:\/\/www.upo.es\/patio-colorado\/wp-json\/wp\/v2\/comments?post=8362"}],"version-history":[{"count":7,"href":"https:\/\/www.upo.es\/patio-colorado\/wp-json\/wp\/v2\/posts\/8362\/revisions"}],"predecessor-version":[{"id":8373,"href":"https:\/\/www.upo.es\/patio-colorado\/wp-json\/wp\/v2\/posts\/8362\/revisions\/8373"}],"wp:featuredmedia":[{"embeddable":true,"href":"https:\/\/www.upo.es\/patio-colorado\/wp-json\/wp\/v2\/media\/8365"}],"wp:attachment":[{"href":"https:\/\/www.upo.es\/patio-colorado\/wp-json\/wp\/v2\/media?parent=8362"}],"wp:term":[{"taxonomy":"category","embeddable":true,"href":"https:\/\/www.upo.es\/patio-colorado\/wp-json\/wp\/v2\/categories?post=8362"},{"taxonomy":"post_tag","embeddable":true,"href":"https:\/\/www.upo.es\/patio-colorado\/wp-json\/wp\/v2\/tags?post=8362"}],"curies":[{"name":"wp","href":"https:\/\/api.w.org\/{rel}","templated":true}]}}