{"id":8380,"date":"2024-05-15T19:10:10","date_gmt":"2024-05-15T19:10:10","guid":{"rendered":"https:\/\/www.upo.es\/patio-colorado\/?p=8380"},"modified":"2024-05-15T19:11:23","modified_gmt":"2024-05-15T19:11:23","slug":"dia-de-la-provincia-una-jornada-para-celebrar-las-grandes-figuras-de-sevilla","status":"publish","type":"post","link":"https:\/\/www.upo.es\/patio-colorado\/2024\/05\/15\/dia-de-la-provincia-una-jornada-para-celebrar-las-grandes-figuras-de-sevilla\/","title":{"rendered":"D\u00eda de la provincia: una jornada para celebrar las grandes figuras de Sevilla"},"content":{"rendered":"<p>El pr\u00f3ximo mi\u00e9rcoles 22 de mayo tendr\u00e1 lugar la celebraci\u00f3n del d\u00eda de la Provincia, un evento organizado por la Diputaci\u00f3n de Sevilla \u00a0en el auditorio Cartuja Center Cit\u00e9, en pleno coraz\u00f3n de la capital andaluza. La celebraci\u00f3n de esta efem\u00e9rides conmemora el d\u00eda en el que se estableci\u00f3 el decreto de las provincias. El aniversario original de esta celebraci\u00f3n es el d\u00eda 23 de mayo, aunque para que no interfiera en la campa\u00f1a de las elecciones europeas se ha adelantado. \u00a0Los sevillanos a pesar de esto, suelen celebrar el d\u00eda 30 de mayo, ya que se trata del d\u00eda de San Fernando, patr\u00f3n de la ciudad, y el evento que tendr\u00e1 lugar el pr\u00f3ximo mi\u00e9rcoles ser\u00e1 una jornada para homenajear a figuras representativas y premiarlas por sus respectivos logros.<\/p>\n<p>Para la celebraci\u00f3n del a\u00f1o 2024, se ha decidido llevar a cabo la hist\u00f3rica entrega de galardones en el prestigioso auditorio Cartuja Center Cit\u00e9. Este a\u00f1o, ser\u00e1n premiados entre muchos otros, la actriz Bel\u00e9n Cuesta, por su carrera en el mundo de las artes esc\u00e9nicas. Las jugadoras de la selecci\u00f3n espa\u00f1ola Olga Carmona e Irene Guerrero; el comunicador Antonio Y\u00e9lamo,&#8230; entre muchas otras entidades y personalidades.<\/p>\n<p>Sin duda se trata de un encuentro muy especial para celebrar a los grandes personajes de la ciudad de Sevilla y este a\u00f1o, de forma novedosa, la entrada ser\u00e1 libre hasta completar aforo, por lo que dejar\u00e1 de ser un evento privado para dar la bienvenida a todos los sevillanos que quieran acudir.<\/p>\n<p>El tema de este a\u00f1o es \u00abEl hilo que nos une\u00bb, y para representar esta tem\u00e1tica, la diputaci\u00f3n colaborar\u00e1 con la Escuela de danza Mirko Vullo de Sevilla. Ser\u00e1 una uni\u00f3n de todo tipo de talentos entre las paredes del auditorio sevillano.<\/p>\n<p>Fuente: https:\/\/www.dipusevilla.es\/comunicacion\/noticias\/El-pleno-de-la-Diputacion-aprueba-por-unanimidad-la-candidatura-propuesta-para-la-concesion-de-honores-y-distinciones-del-Dia-de-la-Provincia-2024\/<\/p>\n<p>&nbsp;<\/p>\n<p>&nbsp;<\/p>\n<p>&nbsp;<\/p>\n","protected":false},"excerpt":{"rendered":"<p>El pr\u00f3ximo mi\u00e9rcoles 22 de mayo tendr\u00e1 lugar la celebraci\u00f3n del d\u00eda de la Provincia, un evento organizado por la Diputaci\u00f3n de Sevilla \u00a0en el auditorio Cartuja Center Cit\u00e9, en pleno coraz\u00f3n de la capital andaluza. La celebraci\u00f3n de esta efem\u00e9rides conmemora el d\u00eda en el que se estableci\u00f3 el decreto de las provincias. El [&hellip;]<\/p>\n","protected":false},"author":137,"featured_media":8546,"comment_status":"open","ping_status":"open","sticky":false,"template":"","format":"standard","meta":{"_acf_changed":false,"_monsterinsights_skip_tracking":false,"_monsterinsights_sitenote_active":false,"_monsterinsights_sitenote_note":"","_monsterinsights_sitenote_category":0,"footnotes":""},"categories":[46,12,35,301],"tags":[],"class_list":["post-8380","post","type-post","status-publish","format-standard","has-post-thumbnail","hentry","category-en-la-prensa","category-eventos","category-fiestas-tradiciones","category-sevilla"],"blocksy_meta":[],"acf":[],"jetpack_featured_media_url":"https:\/\/www.upo.es\/patio-colorado\/wp-content\/uploads\/2024\/05\/Unknown-1.jpeg","_links":{"self":[{"href":"https:\/\/www.upo.es\/patio-colorado\/wp-json\/wp\/v2\/posts\/8380","targetHints":{"allow":["GET"]}}],"collection":[{"href":"https:\/\/www.upo.es\/patio-colorado\/wp-json\/wp\/v2\/posts"}],"about":[{"href":"https:\/\/www.upo.es\/patio-colorado\/wp-json\/wp\/v2\/types\/post"}],"author":[{"embeddable":true,"href":"https:\/\/www.upo.es\/patio-colorado\/wp-json\/wp\/v2\/users\/137"}],"replies":[{"embeddable":true,"href":"https:\/\/www.upo.es\/patio-colorado\/wp-json\/wp\/v2\/comments?post=8380"}],"version-history":[{"count":2,"href":"https:\/\/www.upo.es\/patio-colorado\/wp-json\/wp\/v2\/posts\/8380\/revisions"}],"predecessor-version":[{"id":8547,"href":"https:\/\/www.upo.es\/patio-colorado\/wp-json\/wp\/v2\/posts\/8380\/revisions\/8547"}],"wp:featuredmedia":[{"embeddable":true,"href":"https:\/\/www.upo.es\/patio-colorado\/wp-json\/wp\/v2\/media\/8546"}],"wp:attachment":[{"href":"https:\/\/www.upo.es\/patio-colorado\/wp-json\/wp\/v2\/media?parent=8380"}],"wp:term":[{"taxonomy":"category","embeddable":true,"href":"https:\/\/www.upo.es\/patio-colorado\/wp-json\/wp\/v2\/categories?post=8380"},{"taxonomy":"post_tag","embeddable":true,"href":"https:\/\/www.upo.es\/patio-colorado\/wp-json\/wp\/v2\/tags?post=8380"}],"curies":[{"name":"wp","href":"https:\/\/api.w.org\/{rel}","templated":true}]}}