{"id":8386,"date":"2024-05-08T15:37:19","date_gmt":"2024-05-08T15:37:19","guid":{"rendered":"https:\/\/www.upo.es\/patio-colorado\/?p=8386"},"modified":"2024-05-08T15:37:19","modified_gmt":"2024-05-08T15:37:19","slug":"sevilla-te-estoy-amando-locamente","status":"publish","type":"post","link":"https:\/\/www.upo.es\/patio-colorado\/2024\/05\/08\/sevilla-te-estoy-amando-locamente\/","title":{"rendered":"Sevilla&#8230; te estoy amando locamente"},"content":{"rendered":"<p><span style=\"font-weight: 400\">Sevilla ha servido de escenario fugaz a pel\u00edculas como <\/span><i><span style=\"font-weight: 400\">Star Wars: Episodio II, El ataque de los clones <\/span><\/i><span style=\"font-weight: 400\">(2002), con ese ic\u00f3nico paseo de la princesa Padm\u00e9 Amidala y Anakin Skywalker por la Plaza de Espa\u00f1a\u00a0 u <\/span><i><span style=\"font-weight: 400\">Ocho apellidos vascos <\/span><\/i><span style=\"font-weight: 400\">(2014), pues aunque la mayor\u00eda de la pel\u00edcula se desarrolla en el Pa\u00eds Vasco, es en Sevilla donde comienza y termina. Pero tambi\u00e9n ha sido el escenario protagonista de muchas pel\u00edculas, como <\/span><i><span style=\"font-weight: 400\">Carmen <\/span><\/i><span style=\"font-weight: 400\">de Vicente Aranda (2003), o <\/span><i><span style=\"font-weight: 400\">Te estoy amando locamente<\/span><\/i><span style=\"font-weight: 400\">, pel\u00edcula realizada por el director emergente Alejandro Mar\u00edn, cuya canci\u00f3n principal ha ganado el premio a mejor canci\u00f3n original en los Goya 2023, y de la que voy a hablar en esta entrada.<\/span><\/p>\n<p><span style=\"font-weight: 400\">El largometraje se localiza en la Sevilla de los a\u00f1os setenta, en la que la homosexualidad era todav\u00eda perseguida por la ley. Por una parte cuenta la historia del descubrimiento y de la superaci\u00f3n personal que atraviesa Miguel y por la otra la de Reme, su madre, quien debe superar sus creencias y prejuicios para inmiscuirse en la incipiente Sevilla LGTB y luchar por los derechos de su hijo al ser encarcelado.<\/span><\/p>\n<p><img loading=\"lazy\" decoding=\"async\" class=\" wp-image-8387 aligncenter\" src=\"https:\/\/www.upo.es\/patio-colorado\/wp-content\/uploads\/2024\/05\/Te_estoy_amando_locamente-779963184-large-210x300.jpg\" alt=\"\" width=\"229\" height=\"327\" srcset=\"https:\/\/www.upo.es\/patio-colorado\/wp-content\/uploads\/2024\/05\/Te_estoy_amando_locamente-779963184-large-210x300.jpg 210w, https:\/\/www.upo.es\/patio-colorado\/wp-content\/uploads\/2024\/05\/Te_estoy_amando_locamente-779963184-large-717x1024.jpg 717w, https:\/\/www.upo.es\/patio-colorado\/wp-content\/uploads\/2024\/05\/Te_estoy_amando_locamente-779963184-large-768x1097.jpg 768w, https:\/\/www.upo.es\/patio-colorado\/wp-content\/uploads\/2024\/05\/Te_estoy_amando_locamente-779963184-large.jpg 840w\" sizes=\"auto, (max-width: 229px) 100vw, 229px\" \/><\/p>\n<p><span style=\"font-weight: 400\">Todo en la pel\u00edcula son referencias al arte y su propio nombre y paisajes nos lo demuestran: <\/span><i><span style=\"font-weight: 400\">Te estoy amando locamente <\/span><\/i><span style=\"font-weight: 400\">es una canci\u00f3n muy popular del d\u00fao de flamenco-rock Las Grecas, \u00edntimamente relacionado con el alma artista del protagonista; y las localizaciones, que son los lugares m\u00e1s bonitos de la ciudad. Destaco el desfile con el que termina la pel\u00edcula, que recorre la plaza Virgen de los Reyes y la Plaza del Triunfo, en pleno casco antiguo, por la carga emocional de la escena ya que es una recreaci\u00f3n de la\u00a0 primera marcha del Orgullo LGTBI en Andaluc\u00eda, liderada por el Movimiento Homosexual de Acci\u00f3n Revolucionaria (MHAR) y se desarroll\u00f3 en Sevilla el 25 de junio de 1978.\u00a0<\/span><\/p>\n<p><img loading=\"lazy\" decoding=\"async\" class=\" wp-image-8391 aligncenter\" src=\"https:\/\/www.upo.es\/patio-colorado\/wp-content\/uploads\/2024\/05\/Marcha-gay-300x150.jpg\" alt=\"\" width=\"494\" height=\"247\" srcset=\"https:\/\/www.upo.es\/patio-colorado\/wp-content\/uploads\/2024\/05\/Marcha-gay-300x150.jpg 300w, https:\/\/www.upo.es\/patio-colorado\/wp-content\/uploads\/2024\/05\/Marcha-gay.jpg 768w\" sizes=\"auto, (max-width: 494px) 100vw, 494px\" \/><\/p>\n<p><span style=\"font-weight: 400\">La pel\u00edcula retrata la dif\u00edcil situaci\u00f3n en la que se encontraron muchas familias en aquellos a\u00f1os en los que el cambio de mentalidad estaba todav\u00eda por llegar, y muestra de manera muy bonita la relaci\u00f3n entre madre e hijo y c\u00f3mo el amor de una madre puede desafiarlo todo, reflejado de manera perfecta en la canci\u00f3n principal: <\/span><i><span style=\"font-weight: 400\">Yo solo quiero amor<\/span><\/i><span style=\"font-weight: 400\">, compuesta e interpretada por la cantautora catalana Paula Rib\u00f3, cuyo nombre art\u00edstico es Rigoberta Bandini.<\/span><\/p>\n<p><span style=\"font-weight: 400\">Bandini es reconocida en Espa\u00f1a por la publicaci\u00f3n de tres discos de pop alternativo y sobre todo por su participaci\u00f3n en el Benidorm Fest 2022 con la canci\u00f3n <\/span><i><span style=\"font-weight: 400\">Ay mam\u00e1<\/span><\/i><span style=\"font-weight: 400\">, por lo que no es de extra\u00f1ar que retrate tan bien el sentimiento que tuvieron que sentir las personas LGBT+ en aquella \u00e9poca:\u00a0 \u00ab\u00bfA d\u00f3nde van las cosas que tuvimos que esconder? [&#8230;] Tengo ganas de no explicar por qu\u00e9. Yo te quiero querer, sin miedo a que puedan volver [&#8230;]\u00bb.\u00a0<\/span><\/p>\n<p>Os dejo por aqu\u00ed el enlace a la canci\u00f3n por si es de inter\u00e9s ;): https:\/\/www.youtube.com\/watch?v=N5UKsTWXzmI<\/p>\n<p>&nbsp;<\/p>\n<p>Fuentes: https:\/\/www.filmaffinity.com\/es\/film663650.html<\/p>\n<blockquote class=\"wp-embedded-content\" data-secret=\"jlVlbasciN\"><p><a href=\"https:\/\/www.togayther.es\/noticias\/orgullo-lgbt-togayther\/padres-y-madres-del-orgullo-lgtb-mhar\/\">Padres y Madres del Orgullo LGTB+: MHAR<\/a><\/p><\/blockquote>\n<p><iframe loading=\"lazy\" class=\"wp-embedded-content\" sandbox=\"allow-scripts\" security=\"restricted\" style=\"position: absolute; visibility: hidden;\" title=\"\u00abPadres y Madres del Orgullo LGTB+: MHAR\u00bb \u2014 Togayther\" src=\"https:\/\/www.togayther.es\/noticias\/orgullo-lgbt-togayther\/padres-y-madres-del-orgullo-lgtb-mhar\/embed\/#?secret=w3RhiGQ9QA#?secret=jlVlbasciN\" data-secret=\"jlVlbasciN\" width=\"600\" height=\"338\" frameborder=\"0\" marginwidth=\"0\" marginheight=\"0\" scrolling=\"no\"><\/iframe><\/p>\n<p>&nbsp;<\/p>\n","protected":false},"excerpt":{"rendered":"<p>Sevilla ha servido de escenario fugaz a pel\u00edculas como Star Wars: Episodio II, El ataque de los clones (2002), con ese ic\u00f3nico paseo de la princesa Padm\u00e9 Amidala y Anakin Skywalker por la Plaza de Espa\u00f1a\u00a0 u Ocho apellidos vascos (2014), pues aunque la mayor\u00eda de la pel\u00edcula se desarrolla en el Pa\u00eds Vasco, es [&hellip;]<\/p>\n","protected":false},"author":139,"featured_media":0,"comment_status":"open","ping_status":"open","sticky":false,"template":"","format":"standard","meta":{"_acf_changed":false,"_monsterinsights_skip_tracking":false,"_monsterinsights_sitenote_active":false,"_monsterinsights_sitenote_note":"","_monsterinsights_sitenote_category":0,"footnotes":""},"categories":[169,136],"tags":[],"class_list":["post-8386","post","type-post","status-publish","format-standard","hentry","category-cine-artes-audiovisuales","category-reportajes"],"blocksy_meta":[],"acf":[],"jetpack_featured_media_url":"","_links":{"self":[{"href":"https:\/\/www.upo.es\/patio-colorado\/wp-json\/wp\/v2\/posts\/8386","targetHints":{"allow":["GET"]}}],"collection":[{"href":"https:\/\/www.upo.es\/patio-colorado\/wp-json\/wp\/v2\/posts"}],"about":[{"href":"https:\/\/www.upo.es\/patio-colorado\/wp-json\/wp\/v2\/types\/post"}],"author":[{"embeddable":true,"href":"https:\/\/www.upo.es\/patio-colorado\/wp-json\/wp\/v2\/users\/139"}],"replies":[{"embeddable":true,"href":"https:\/\/www.upo.es\/patio-colorado\/wp-json\/wp\/v2\/comments?post=8386"}],"version-history":[{"count":2,"href":"https:\/\/www.upo.es\/patio-colorado\/wp-json\/wp\/v2\/posts\/8386\/revisions"}],"predecessor-version":[{"id":8392,"href":"https:\/\/www.upo.es\/patio-colorado\/wp-json\/wp\/v2\/posts\/8386\/revisions\/8392"}],"wp:attachment":[{"href":"https:\/\/www.upo.es\/patio-colorado\/wp-json\/wp\/v2\/media?parent=8386"}],"wp:term":[{"taxonomy":"category","embeddable":true,"href":"https:\/\/www.upo.es\/patio-colorado\/wp-json\/wp\/v2\/categories?post=8386"},{"taxonomy":"post_tag","embeddable":true,"href":"https:\/\/www.upo.es\/patio-colorado\/wp-json\/wp\/v2\/tags?post=8386"}],"curies":[{"name":"wp","href":"https:\/\/api.w.org\/{rel}","templated":true}]}}