{"id":8403,"date":"2024-05-09T16:53:28","date_gmt":"2024-05-09T16:53:28","guid":{"rendered":"https:\/\/www.upo.es\/patio-colorado\/?p=8403"},"modified":"2024-05-09T16:53:28","modified_gmt":"2024-05-09T16:53:28","slug":"cervantes-es-andaluz","status":"publish","type":"post","link":"https:\/\/www.upo.es\/patio-colorado\/2024\/05\/09\/cervantes-es-andaluz\/","title":{"rendered":"\u00bfCervantes es andaluz?"},"content":{"rendered":"<p>Y de repente, un d\u00eda, una noticia sacude el panorama cultural de Espa\u00f1a.<\/p>\n<p>Las nuevas investigaciones sobre Miguel de Cervantes Saavedra, autor de <em>Don Quijote de la Mancha<\/em> sit\u00faan que el nacimiento de este se situar\u00eda en C\u00f3rdoba y no en Alcal\u00e1 de Henares. El investigador Jos\u00e9 de Contreras y Saro ha analizado un documento fechado del 1593 en el que el escritor ejerce como defensa de un acusado.\u00a0 \u00abVecino de la villa de Madrid y natural de C\u00f3rdoba\u00bb. En este documento se recogen la firma de Cervantes y su lugar de nacimiento, C\u00f3rdoba. En los datos que Cervantes ofrece en este documento se encuentran contradicciones con los conocidos anteriormente con respecto a \u00e9l. Para el a\u00f1o 1593, Cervantes dice en el documento tener 46 a\u00f1os, teniendo en cuenta los datos previos, Cervantes deb\u00eda tener 45 a\u00f1os en el 1593. En este documento, adem\u00e1s, se especifica que Cervantes es autor de comedias. Esta concreci\u00f3n es para el investigador muy relevante, ya que expone que ese momento hay tres personas con el mismo nombre que el creador de Quijote y Sancho: \u00e9l mismo, su primo y un sobrino.<\/p>\n<figure id=\"attachment_8404\" aria-describedby=\"caption-attachment-8404\" style=\"width: 382px\" class=\"wp-caption aligncenter\"><img loading=\"lazy\" decoding=\"async\" class=\" wp-image-8404\" src=\"https:\/\/www.upo.es\/patio-colorado\/wp-content\/uploads\/2024\/05\/Captura-de-pantalla-2024-05-09-184118-300x235.png\" alt=\"\" width=\"382\" height=\"299\" srcset=\"https:\/\/www.upo.es\/patio-colorado\/wp-content\/uploads\/2024\/05\/Captura-de-pantalla-2024-05-09-184118-300x235.png 300w, https:\/\/www.upo.es\/patio-colorado\/wp-content\/uploads\/2024\/05\/Captura-de-pantalla-2024-05-09-184118-768x601.png 768w, https:\/\/www.upo.es\/patio-colorado\/wp-content\/uploads\/2024\/05\/Captura-de-pantalla-2024-05-09-184118.png 952w\" sizes=\"auto, (max-width: 382px) 100vw, 382px\" \/><figcaption id=\"caption-attachment-8404\" class=\"wp-caption-text\">Firma de Cervantes en este documento de 1593. ABC<\/figcaption><\/figure>\n<p>En este momento, juegan un papel muy importante las firmas atribuidas a Cervantes, que se engloban en tres grupos, una al Cervantes de Alcal\u00e1 de Henares, otras al de Madrid, y otras al cordob\u00e9s. Las que se corresponden al de Madrid parecen caerse por su propio peso, ya que este, que habr\u00eda nacido en el Alc\u00e1zar de San Juan, no concordar\u00eda en su fecha de nacimiento con la biograf\u00eda del autor. La duda se queda entre si el Cervantes autor de <em>Don Quijote<\/em><em>, La Galatea, Las Novelas Ejemplares<\/em>, etc. es el de Alcal\u00e1 de Henares o el de C\u00f3rdoba. El investigador, Jos\u00e9 de Contreras y Saro, defiende que el verdadero es el de C\u00f3rdoba debido a los datos que se vierten en el documento. Sin embargo, desde la Universidad de Sevilla se pone en duda estas afirmaciones debido a contradicciones entre la biograf\u00eda del autor y el documento de 1593.<\/p>\n<p>Estamos ante la posibilidad de que cambie algo que d\u00e1bamos por sentado, como era el origen del mayor escritor de la historia en lengua castellana. Aguardaremos expectantes hasta conocer nuevas noticias sobre la investigaci\u00f3n. Hasta entonces debemos mantener la mente abierta a la posibilidad de que la Historia s\u00ed puede cambiar. No todo es como creemos que fue, encontramos muchos ejemplos, de gran repercusi\u00f3n, como el descubrimiento de Troya por Schliemann o el de Ricardo III de Inglaterra por Philippa Langley.<\/p>\n<p>Tal vez, de vez en cuando, s\u00ed sean gigantes.<\/p>\n<p>&nbsp;<\/p>\n<p>Bibliograf\u00eda<\/p>\n<div id=\"clipboard\">\n<p>Gonz\u00e1lez-Barba,\u00a0A. (2024, 8 de mayo). <i>Un investigador se basa en un documento para certificar que Miguel de Cervantes era natural de C\u00f3rdoba<\/i>. Diario ABC. <a href=\"https:\/\/www.abc.es\/sevilla\/ciudad\/investigador-basa-documento-certificar-miguel-cervantes-era-20240508202340-nts.html\" target=\"_blank\" rel=\"noopener\">https:\/\/www.abc.es\/sevilla\/ciudad\/investigador-basa-documento-certificar-miguel-cervantes-era-20240508202340-nts.html<\/a><\/p>\n<p>&nbsp;<\/p>\n<\/div>\n","protected":false},"excerpt":{"rendered":"<p>Y de repente, un d\u00eda, una noticia sacude el panorama cultural de Espa\u00f1a. Las nuevas investigaciones sobre Miguel de Cervantes Saavedra, autor de Don Quijote de la Mancha sit\u00faan que el nacimiento de este se situar\u00eda en C\u00f3rdoba y no en Alcal\u00e1 de Henares. El investigador Jos\u00e9 de Contreras y Saro ha analizado un documento [&hellip;]<\/p>\n","protected":false},"author":135,"featured_media":8405,"comment_status":"open","ping_status":"open","sticky":false,"template":"","format":"standard","meta":{"_acf_changed":false,"_monsterinsights_skip_tracking":false,"_monsterinsights_sitenote_active":false,"_monsterinsights_sitenote_note":"","_monsterinsights_sitenote_category":0,"footnotes":""},"categories":[45,304,186],"tags":[1065,1066],"class_list":["post-8403","post","type-post","status-publish","format-standard","has-post-thumbnail","hentry","category-boletin-colorao","category-cordoba","category-literatura-musica","tag-cervantes","tag-don-quijote"],"blocksy_meta":[],"acf":[],"jetpack_featured_media_url":"https:\/\/www.upo.es\/patio-colorado\/wp-content\/uploads\/2024\/05\/los_restos_de_cervantes_d1-1024x442-1.jpg","_links":{"self":[{"href":"https:\/\/www.upo.es\/patio-colorado\/wp-json\/wp\/v2\/posts\/8403","targetHints":{"allow":["GET"]}}],"collection":[{"href":"https:\/\/www.upo.es\/patio-colorado\/wp-json\/wp\/v2\/posts"}],"about":[{"href":"https:\/\/www.upo.es\/patio-colorado\/wp-json\/wp\/v2\/types\/post"}],"author":[{"embeddable":true,"href":"https:\/\/www.upo.es\/patio-colorado\/wp-json\/wp\/v2\/users\/135"}],"replies":[{"embeddable":true,"href":"https:\/\/www.upo.es\/patio-colorado\/wp-json\/wp\/v2\/comments?post=8403"}],"version-history":[{"count":2,"href":"https:\/\/www.upo.es\/patio-colorado\/wp-json\/wp\/v2\/posts\/8403\/revisions"}],"predecessor-version":[{"id":8407,"href":"https:\/\/www.upo.es\/patio-colorado\/wp-json\/wp\/v2\/posts\/8403\/revisions\/8407"}],"wp:featuredmedia":[{"embeddable":true,"href":"https:\/\/www.upo.es\/patio-colorado\/wp-json\/wp\/v2\/media\/8405"}],"wp:attachment":[{"href":"https:\/\/www.upo.es\/patio-colorado\/wp-json\/wp\/v2\/media?parent=8403"}],"wp:term":[{"taxonomy":"category","embeddable":true,"href":"https:\/\/www.upo.es\/patio-colorado\/wp-json\/wp\/v2\/categories?post=8403"},{"taxonomy":"post_tag","embeddable":true,"href":"https:\/\/www.upo.es\/patio-colorado\/wp-json\/wp\/v2\/tags?post=8403"}],"curies":[{"name":"wp","href":"https:\/\/api.w.org\/{rel}","templated":true}]}}