{"id":8423,"date":"2024-05-10T16:02:02","date_gmt":"2024-05-10T16:02:02","guid":{"rendered":"https:\/\/www.upo.es\/patio-colorado\/?p=8423"},"modified":"2024-05-10T16:04:18","modified_gmt":"2024-05-10T16:04:18","slug":"exposicion-jose-luis-mauri-pinturas-en-el-espacio-santa-clara-de-sevilla-2024","status":"publish","type":"post","link":"https:\/\/www.upo.es\/patio-colorado\/2024\/05\/10\/exposicion-jose-luis-mauri-pinturas-en-el-espacio-santa-clara-de-sevilla-2024\/","title":{"rendered":"Exposici\u00f3n: Jos\u00e9 Luis Mauri. Pinturas en el Espacio Santa Clara de Sevilla 2024"},"content":{"rendered":"<p>Desde el viernes 3 de mayo hasta el domingo 22 de septiembre de 2024, los amantes del arte tendr\u00e1n la oportunidad de sumergirse en la fascinante exposici\u00f3n \u00abJos\u00e9 Luis Mauri. Pinturas\u00bb en el Espacio Santa Clara de Sevilla. Esta muestra, dedicada a la obra del artista sevillano Jos\u00e9 Luis Mauri Rivero, ofrece una retrospectiva completa de su prol\u00edfica carrera. Reconocido como un maestro tanto en su propia generaci\u00f3n como entre artistas m\u00e1s j\u00f3venes, Mauri es c\u00e9lebre por sus evocadores paisajes que capturan la esencia y la evoluci\u00f3n de la capital andaluza.<\/p>\n<p>El comisario de la exposici\u00f3n, Juan Lacomba, ha curado con esmero esta muestra, reuniendo un total de ciento veinte obras del artista, junto con piezas de otros creadores contempor\u00e1neos de los a\u00f1os cincuenta y sesenta. Este conjunto de obras proporciona una visi\u00f3n \u00fanica no solo del trabajo de Mauri, sino tambi\u00e9n del contexto art\u00edstico en el que floreci\u00f3.<\/p>\n<p>La exhibici\u00f3n, organizada por el Ayuntamiento de Sevilla, promete ser una experiencia enriquecedora para quienes deseen explorar la riqueza cultural de la ciudad. Los visitantes tendr\u00e1n la oportunidad de sumergirse en el mundo creativo de Mauri y contemplar c\u00f3mo sus obras han capturado la esencia misma de Sevilla a lo largo del tiempo.<\/p>\n<p>Aprovecha esta destacada muestra de arte para sumergirte en la belleza y el legado cultural de Sevilla, y d\u00e9jate inspirar por el genio de Jos\u00e9 Luis Mauri y sus contempor\u00e1neos.<\/p>\n<p><img loading=\"lazy\" decoding=\"async\" class=\"aligncenter\" src=\"https:\/\/www.sevilla.org\/actualidad\/eventos\/2024\/exposicion-jose-luis-mauri-pinturas\/@@download\/image\/TQ__7211.JPG\" alt=\"Exposici\u00f3n 'Jos\u00e9 Luis Mauri. Pinturas' \u2014 Actualidad\" width=\"355\" height=\"236\" \/><\/p>\n","protected":false},"excerpt":{"rendered":"<p>Desde el viernes 3 de mayo hasta el domingo 22 de septiembre de 2024, los amantes del arte tendr\u00e1n la oportunidad de sumergirse en la fascinante exposici\u00f3n \u00abJos\u00e9 Luis Mauri. Pinturas\u00bb en el Espacio Santa Clara de Sevilla. Esta muestra, dedicada a la obra del artista sevillano Jos\u00e9 Luis Mauri Rivero, ofrece una retrospectiva completa [&hellip;]<\/p>\n","protected":false},"author":126,"featured_media":0,"comment_status":"open","ping_status":"open","sticky":false,"template":"","format":"standard","meta":{"_acf_changed":false,"_monsterinsights_skip_tracking":false,"_monsterinsights_sitenote_active":false,"_monsterinsights_sitenote_note":"","_monsterinsights_sitenote_category":0,"footnotes":""},"categories":[1],"tags":[],"class_list":["post-8423","post","type-post","status-publish","format-standard","hentry","category-sin-categoria"],"blocksy_meta":[],"acf":[],"jetpack_featured_media_url":"","_links":{"self":[{"href":"https:\/\/www.upo.es\/patio-colorado\/wp-json\/wp\/v2\/posts\/8423","targetHints":{"allow":["GET"]}}],"collection":[{"href":"https:\/\/www.upo.es\/patio-colorado\/wp-json\/wp\/v2\/posts"}],"about":[{"href":"https:\/\/www.upo.es\/patio-colorado\/wp-json\/wp\/v2\/types\/post"}],"author":[{"embeddable":true,"href":"https:\/\/www.upo.es\/patio-colorado\/wp-json\/wp\/v2\/users\/126"}],"replies":[{"embeddable":true,"href":"https:\/\/www.upo.es\/patio-colorado\/wp-json\/wp\/v2\/comments?post=8423"}],"version-history":[{"count":1,"href":"https:\/\/www.upo.es\/patio-colorado\/wp-json\/wp\/v2\/posts\/8423\/revisions"}],"predecessor-version":[{"id":8424,"href":"https:\/\/www.upo.es\/patio-colorado\/wp-json\/wp\/v2\/posts\/8423\/revisions\/8424"}],"wp:attachment":[{"href":"https:\/\/www.upo.es\/patio-colorado\/wp-json\/wp\/v2\/media?parent=8423"}],"wp:term":[{"taxonomy":"category","embeddable":true,"href":"https:\/\/www.upo.es\/patio-colorado\/wp-json\/wp\/v2\/categories?post=8423"},{"taxonomy":"post_tag","embeddable":true,"href":"https:\/\/www.upo.es\/patio-colorado\/wp-json\/wp\/v2\/tags?post=8423"}],"curies":[{"name":"wp","href":"https:\/\/api.w.org\/{rel}","templated":true}]}}