{"id":8426,"date":"2024-05-10T16:36:53","date_gmt":"2024-05-10T16:36:53","guid":{"rendered":"https:\/\/www.upo.es\/patio-colorado\/?p=8426"},"modified":"2024-05-10T16:36:53","modified_gmt":"2024-05-10T16:36:53","slug":"rocio-molina-vicente-amigo-y-eva-yerbabuena-en-el-xix-flamenco-londres-festival","status":"publish","type":"post","link":"https:\/\/www.upo.es\/patio-colorado\/2024\/05\/10\/rocio-molina-vicente-amigo-y-eva-yerbabuena-en-el-xix-flamenco-londres-festival\/","title":{"rendered":"Roc\u00edo Molina, Vicente Amigo y Eva Yerbabuena en el XIX Flamenco Londres Festival"},"content":{"rendered":"<p>El Flamenco Festival Londres, en su XIX edici\u00f3n, se erige como un magn\u00edfico escaparate del arte flamenco, reuniendo a un selecto elenco de talentos de renombre internacional. Desde el 4 hasta el 15 de junio, la capital brit\u00e1nica ser\u00e1 testigo de un despliegue de pasi\u00f3n, virtuosismo y creatividad, encarnado por figuras emblem\u00e1ticas como Roc\u00edo Molina, Vicente Amigo, Alfonso Losa, Patricia Guerrero y Eva Yerbabuena.<\/p>\n<p>En un comunicado oficial, el festival ha subrayado su compromiso con la diversidad art\u00edstica, manifestando su intenci\u00f3n de abrir un espacio para una amplia variedad de expresiones dentro del flamenco. Desde las formas m\u00e1s tradicionales hasta las propuestas m\u00e1s vanguardistas, el programa del festival explorar\u00e1 las m\u00faltiples facetas de este arte arraigado en la cultura espa\u00f1ola.<\/p>\n<p>Durante diez d\u00edas consecutivos, el escenario del prestigioso Sadler&#8217;s Wells Theatre se convertir\u00e1 en el epicentro de la danza flamenca, acogiendo un total de quince espect\u00e1culos presentados por diez compa\u00f1\u00edas, compuestas por un elenco de 130 artistas y t\u00e9cnicos espa\u00f1oles de reconocido prestigio. Se espera que el festival atraiga a unas 19.000 personas \u00e1vidas de disfrutar de esta experiencia \u00fanica.<\/p>\n<p>El Flamenco Festival se enorgullece de su papel como catalizador de la evoluci\u00f3n del flamenco, mostrando c\u00f3mo este arte se reinventa y se adapta a los tiempos modernos sin perder su esencia. Desde los maestros consagrados hasta las voces emergentes, el festival ofrece una plataforma para celebrar la riqueza y la diversidad del flamenco en el siglo XXI.<\/p>\n<p>En su edici\u00f3n de 2024, el Flamenco Festival promete un viaje inolvidable a trav\u00e9s de las diversas vertientes de la danza espa\u00f1ola contempor\u00e1nea. Desde la innovadora propuesta de Roc\u00edo Molina hasta la maestr\u00eda de artistas como Alfonso Losa y Patricia Guerrero, pasando por la emotividad de Eva Yerbabuena y el virtuosismo de Vicente Amigo y Diego del Morao, cada espect\u00e1culo ser\u00e1 una experiencia \u00fanica e inspiradora para el p\u00fablico londinense.<\/p>\n<p>A lo largo de los a\u00f1os, el Flamenco Festival ha desempe\u00f1ado un papel fundamental en la difusi\u00f3n y promoci\u00f3n del flamenco en todo el mundo, presentando un total de 1.397 representaciones y dando a conocer a 188 compa\u00f1\u00edas en 182 espacios de diferentes rincones del globo. Es un testimonio del poder transformador y la universalidad de este arte que sigue cautivando al p\u00fablico internacional con su pasi\u00f3n y su virtuosismo.<\/p>\n<p><img loading=\"lazy\" decoding=\"async\" class=\"aligncenter\" src=\"https:\/\/phantom-elmundo.unidadeditorial.es\/f6789c59a9dbdaee5d365fba1aa9265a\/resize\/1200\/f\/webp\/assets\/multimedia\/imagenes\/2024\/05\/07\/17151033536662.jpg\" alt=\"Roc\u00edo Molina, Vicente Amigo y Eva Yerbabuena, entre las estrellas del XIX  Flamenco Londres Festival | Andaluc\u00eda\" width=\"430\" height=\"287\" \/><\/p>\n","protected":false},"excerpt":{"rendered":"<p>El Flamenco Festival Londres, en su XIX edici\u00f3n, se erige como un magn\u00edfico escaparate del arte flamenco, reuniendo a un selecto elenco de talentos de renombre internacional. Desde el 4 hasta el 15 de junio, la capital brit\u00e1nica ser\u00e1 testigo de un despliegue de pasi\u00f3n, virtuosismo y creatividad, encarnado por figuras emblem\u00e1ticas como Roc\u00edo Molina, [&hellip;]<\/p>\n","protected":false},"author":126,"featured_media":0,"comment_status":"open","ping_status":"open","sticky":false,"template":"","format":"standard","meta":{"_acf_changed":false,"_monsterinsights_skip_tracking":false,"_monsterinsights_sitenote_active":false,"_monsterinsights_sitenote_note":"","_monsterinsights_sitenote_category":0,"footnotes":""},"categories":[1],"tags":[],"class_list":["post-8426","post","type-post","status-publish","format-standard","hentry","category-sin-categoria"],"blocksy_meta":[],"acf":[],"jetpack_featured_media_url":"","_links":{"self":[{"href":"https:\/\/www.upo.es\/patio-colorado\/wp-json\/wp\/v2\/posts\/8426","targetHints":{"allow":["GET"]}}],"collection":[{"href":"https:\/\/www.upo.es\/patio-colorado\/wp-json\/wp\/v2\/posts"}],"about":[{"href":"https:\/\/www.upo.es\/patio-colorado\/wp-json\/wp\/v2\/types\/post"}],"author":[{"embeddable":true,"href":"https:\/\/www.upo.es\/patio-colorado\/wp-json\/wp\/v2\/users\/126"}],"replies":[{"embeddable":true,"href":"https:\/\/www.upo.es\/patio-colorado\/wp-json\/wp\/v2\/comments?post=8426"}],"version-history":[{"count":1,"href":"https:\/\/www.upo.es\/patio-colorado\/wp-json\/wp\/v2\/posts\/8426\/revisions"}],"predecessor-version":[{"id":8427,"href":"https:\/\/www.upo.es\/patio-colorado\/wp-json\/wp\/v2\/posts\/8426\/revisions\/8427"}],"wp:attachment":[{"href":"https:\/\/www.upo.es\/patio-colorado\/wp-json\/wp\/v2\/media?parent=8426"}],"wp:term":[{"taxonomy":"category","embeddable":true,"href":"https:\/\/www.upo.es\/patio-colorado\/wp-json\/wp\/v2\/categories?post=8426"},{"taxonomy":"post_tag","embeddable":true,"href":"https:\/\/www.upo.es\/patio-colorado\/wp-json\/wp\/v2\/tags?post=8426"}],"curies":[{"name":"wp","href":"https:\/\/api.w.org\/{rel}","templated":true}]}}