{"id":8440,"date":"2024-05-11T12:11:33","date_gmt":"2024-05-11T12:11:33","guid":{"rendered":"https:\/\/www.upo.es\/patio-colorado\/?p=8440"},"modified":"2024-05-12T12:39:50","modified_gmt":"2024-05-12T12:39:50","slug":"la-historia-del-castillo-de-alcaudete-en-jaen","status":"publish","type":"post","link":"https:\/\/www.upo.es\/patio-colorado\/2024\/05\/11\/la-historia-del-castillo-de-alcaudete-en-jaen\/","title":{"rendered":"La historia del Castillo de Alcaudete en Ja\u00e9n"},"content":{"rendered":"<p>El Castillo de Alcaudete, en la zona oeste de la comarca de Sierra Sur de Ja\u00e9n, es una fortaleza que fue declarada Monumento Hist\u00f3rico en 1985 y data de la \u00e9poca emiral. Se encuentra situado en la cima de un cerro que permite el dominio visual del territorio. Sufri\u00f3 diversas restauraciones y transformaciones en \u00e9poca almohade dando lugar a la construcci\u00f3n de un nuevo alc\u00e1zar.<\/p>\n<p>&nbsp;<\/p>\n<figure id=\"attachment_8450\" aria-describedby=\"caption-attachment-8450\" style=\"width: 454px\" class=\"wp-caption aligncenter\"><img loading=\"lazy\" decoding=\"async\" class=\"wp-image-8450\" src=\"https:\/\/www.upo.es\/patio-colorado\/wp-content\/uploads\/2024\/05\/Vista-panoramica-desde-el-castillo-de-Alcaudete-en-Jaen-Imagen-de-Rafael-Tello-300x168.png\" alt=\"\" width=\"454\" height=\"254\" srcset=\"https:\/\/www.upo.es\/patio-colorado\/wp-content\/uploads\/2024\/05\/Vista-panoramica-desde-el-castillo-de-Alcaudete-en-Jaen-Imagen-de-Rafael-Tello-300x168.png 300w, https:\/\/www.upo.es\/patio-colorado\/wp-content\/uploads\/2024\/05\/Vista-panoramica-desde-el-castillo-de-Alcaudete-en-Jaen-Imagen-de-Rafael-Tello-768x431.png 768w, https:\/\/www.upo.es\/patio-colorado\/wp-content\/uploads\/2024\/05\/Vista-panoramica-desde-el-castillo-de-Alcaudete-en-Jaen-Imagen-de-Rafael-Tello.png 844w\" sizes=\"auto, (max-width: 454px) 100vw, 454px\" \/><figcaption id=\"caption-attachment-8450\" class=\"wp-caption-text\">Vista panor\u00e1mica del Castillo de Alcaudete (Tello, s. f.).<\/figcaption><\/figure>\n<p><strong>\u00a0<\/strong><\/p>\n<p><strong>Un poco de historia<\/strong><\/p>\n<p>La fortificaci\u00f3n es construida por los musulmanes bajo el nombre de Al-Qabdaq \u2014ciudad de los manantiales\u2014. \u00a0A finales del siglo IX es pr\u00e1cticamente destruida por las continuas guerras en la zona \u2014el rebelde mulad\u00ed Umar Ibn Hafsun ataca la fortaleza en el 880, entre otros ataques\u2014, que no acabar\u00e1n hasta el reinado de Abderraman III.<\/p>\n<p>Alfonso X conquista la fortaleza en el a\u00f1o 1085 pero los almohades consiguen recuperarla, construyendo as\u00ed un alc\u00e1zar y una muralla de tapial con torres de planta cuadrada.<\/p>\n<p>Con la conquista por Fernando III el Santo en 1240, la fortaleza cae en manos del Rey de Baeza y, m\u00e1s tarde, de la Orden militar de Calatrava. Los musulmanes la recuperan en 1300 pero, tras tres meses de asedio, en 1312 el lugar pas\u00f3 a pertenecer a la corona.<\/p>\n<p>El Rey Pedro I el Cruel vuelve a ceder la fortificaci\u00f3n a la Orden de Calatrava, estos la convierten en una de sus Encomiendas m\u00e1s importantes. Al erigir el castillo se reutiliz\u00f3 el antiguo alc\u00e1zar como antemuro y se construyeron los aposentos y las estancias para el convento.<\/p>\n<p>Con la toma de Granada por los Reyes Cat\u00f3licos, Enrique III cedi\u00f3 la villa a la familia Montemayor en 1380. La fortaleza trascendi\u00f3 entonces su primitiva funci\u00f3n defensiva para ser transformada en una residencia particular de los se\u00f1ores de Alcaudete.<\/p>\n<p>A comienzos del siglo XV la fortaleza sufri\u00f3 un intento fallido de ataque por las tropas de Muhammad VII. A partir de ese momento, el castillo servir\u00eda como puerta de entrada al Reino de Granada y, de nuevo, cumpliendo una funci\u00f3n residencial, en este caso de los Reyes Cat\u00f3licos. En el siglo siguiente, servir\u00eda como hospital.<\/p>\n<p>Las tropas napole\u00f3nicas ocupar\u00edan el castillo durante la invasi\u00f3n francesa, instal\u00e1ndose as\u00ed un polvor\u00edn en el aljibe mayor.<\/p>\n<p>&nbsp;<\/p>\n<p><strong>Castillo de Alcaudete<\/strong><\/p>\n<p>El castillo est\u00e1 situado en lo alto de un cerro de la localidad jienense de Alcaudete. Al acceder por la puerta principal nos encontramos con un pasillo-foso fortificado por diversos elementos de defensa. La zona central presenta una particular elevaci\u00f3n y est\u00e1 dotada de elementos como la sala capitular, el cuerpo de guardia y la Torre del Homenaje.<\/p>\n<p>El castillo cuenta con una planta de forma poli\u00e9drica adaptada a la estructura del suelo natural del lugar, seis torreones de base maciza \u2014tres de ellos cuadrados y los otros tres semicirculares\u2014\u00a0 y estancias en la parte central y superior, y dos puertas de acceso. La primera, en la zona norte, construida con arco de medio punto y defendida por dos torres cuadradas de esquina redondeadas para evitar el da\u00f1o por la artiller\u00eda. La segunda, de menores dimensiones, se encuentra situada junto a la Torre del Reloj.<\/p>\n<p>En la terraza superior destaca la Torre del Homenaje, de planta rectangular y situada en la zona central del patio. Cuenta con tres estancias: un almac\u00e9n o aljibe cubierto con b\u00f3veda de medio ca\u00f1\u00f3n, una sala de audiencias y una estancia superior musealizada. La planta baja serv\u00eda la funci\u00f3n de almac\u00e9n (recog\u00eda el agua de lluvia que se filtraba a trav\u00e9s de la b\u00f3veda) y la tercera estancia serv\u00eda como residencia del comendador.<\/p>\n<p>&nbsp;<\/p>\n<p>&nbsp;<\/p>\n<figure id=\"attachment_8451\" aria-describedby=\"caption-attachment-8451\" style=\"width: 358px\" class=\"wp-caption aligncenter\"><img loading=\"lazy\" decoding=\"async\" class=\"wp-image-8451\" src=\"https:\/\/www.upo.es\/patio-colorado\/wp-content\/uploads\/2024\/05\/fortaleza9_449-300x200.jpg\" alt=\"\" width=\"358\" height=\"238\" srcset=\"https:\/\/www.upo.es\/patio-colorado\/wp-content\/uploads\/2024\/05\/fortaleza9_449-300x200.jpg 300w, https:\/\/www.upo.es\/patio-colorado\/wp-content\/uploads\/2024\/05\/fortaleza9_449-1024x682.jpg 1024w, https:\/\/www.upo.es\/patio-colorado\/wp-content\/uploads\/2024\/05\/fortaleza9_449-768x512.jpg 768w, https:\/\/www.upo.es\/patio-colorado\/wp-content\/uploads\/2024\/05\/fortaleza9_449.jpg 1280w\" sizes=\"auto, (max-width: 358px) 100vw, 358px\" \/><figcaption id=\"caption-attachment-8451\" class=\"wp-caption-text\">(Castillos y fortalezas, s. f.).<\/figcaption><\/figure>\n<p>&nbsp;<\/p>\n<figure id=\"attachment_8452\" aria-describedby=\"caption-attachment-8452\" style=\"width: 239px\" class=\"wp-caption aligncenter\"><img loading=\"lazy\" decoding=\"async\" class=\"wp-image-8452\" src=\"https:\/\/www.upo.es\/patio-colorado\/wp-content\/uploads\/2024\/05\/fortaleza9_442-200x300.jpg\" alt=\"\" width=\"239\" height=\"359\" srcset=\"https:\/\/www.upo.es\/patio-colorado\/wp-content\/uploads\/2024\/05\/fortaleza9_442-200x300.jpg 200w, https:\/\/www.upo.es\/patio-colorado\/wp-content\/uploads\/2024\/05\/fortaleza9_442.jpg 610w\" sizes=\"auto, (max-width: 239px) 100vw, 239px\" \/><figcaption id=\"caption-attachment-8452\" class=\"wp-caption-text\">Vista de una de las torres de la fortaleza (Castillos y fortalezas, s. f.).<\/figcaption><\/figure>\n<p>&nbsp;<\/p>\n<p>Actualmente el Castillo de Alcaudete constituye un conjunto de un excepcional valor hist\u00f3rico y cultural, es un lugar abierto al p\u00fablico que permite hacer una visita a trav\u00e9s de sus pasillos y zonas amuralladas. En \u00e9l podemos encontrar el Centro de Recepci\u00f3n de Visitantes e Interpretaci\u00f3n de la Orden militar de Calatrava por la vinculaci\u00f3n de la misma con la fortificaci\u00f3n. Si decides visitar el lugar podr\u00e1s remontarte al siglo XIII para conocer su historia de primera mano y disfrutar de las actividades que en ella se realizan, como las cenas medievales.<\/p>\n<p>&nbsp;<\/p>\n<p>&nbsp;<\/p>\n<p>&nbsp;<\/p>\n<p>&nbsp;<\/p>\n<p>Referencias<\/p>\n<p>Andaluc\u00eda.org (s. f.). <em>CASTILLO DE ALCAUDETE.<\/em> Andaluc\u00eda.org. https:\/\/www.andalucia.org\/es\/alcaudete-turismo-cultural-castillo-de-alcaudete<\/p>\n<p>Castillos y Fortalezas. <em>Castillo de Alcaudete. Castillos y fortalezas de Ja\u00e9n<\/em>. Castillosyfortalezas.com.\u00a0 <a href=\"https:\/\/castillosyfortalezasdejaen.com\/castillos\/castillo-de-alcaudete.html\">https:\/\/castillosyfortalezasdejaen.com\/castillos\/castillo-de-alcaudete.html<\/a><\/p>\n<p>Gonz\u00e1lez, P. (s. f.). <em>Castillo de Alcaudete. Castillos y fortalezas medievales.<\/em> Castillosyfortalezasmedievales.wordpress.com.\u00a0 <a href=\"https:\/\/castillosyfortalezasmedievales.wordpress.com\/rutas\/andalucia\/jaen\/castillo-de-alcaudete\/\">https:\/\/castillosyfortalezasmedievales.wordpress.com\/rutas\/andalucia\/jaen\/castillo-de-alcaudete\/<\/a><\/p>\n<p>Hern\u00e1ndez, L. (2024). <em>La curiosa historia del Castillo de Alcaudete y su vinculaci\u00f3n con la Orden militar de Calatrava.<\/em> <a href=\"https:\/\/www.lasexta.com\/viajestic\/escapadas\/curiosa-historia-castillo-alcaudete-vinculacion-orden-militar-calatrava_202404236627795bc0b95c00010faae7.html\">https:\/\/www.lasexta.com\/viajestic\/escapadas\/curiosa-historia-castillo-alcaudete-vinculacion-orden-militar-calatrava_202404236627795bc0b95c00010faae7.html<\/a><\/p>\n<p>&nbsp;<\/p>\n","protected":false},"excerpt":{"rendered":"<p>El Castillo de Alcaudete, en la zona oeste de la comarca de Sierra Sur de Ja\u00e9n, es una fortaleza que fue declarada Monumento Hist\u00f3rico en 1985 y data de la \u00e9poca emiral. Se encuentra situado en la cima de un cerro que permite el dominio visual del territorio. Sufri\u00f3 diversas restauraciones y transformaciones en \u00e9poca [&hellip;]<\/p>\n","protected":false},"author":136,"featured_media":8441,"comment_status":"open","ping_status":"open","sticky":false,"template":"","format":"standard","meta":{"_acf_changed":false,"_monsterinsights_skip_tracking":false,"_monsterinsights_sitenote_active":false,"_monsterinsights_sitenote_note":"","_monsterinsights_sitenote_category":0,"footnotes":""},"categories":[1,166,403,306,170],"tags":[353],"class_list":["post-8440","post","type-post","status-publish","format-standard","has-post-thumbnail","hentry","category-sin-categoria","category-historia-arqueologia","category-historias-y-mucho-mas","category-jaen","category-monumentos-y-turismo","tag-jaen"],"blocksy_meta":[],"acf":[],"jetpack_featured_media_url":"https:\/\/www.upo.es\/patio-colorado\/wp-content\/uploads\/2024\/05\/image_218591.jpeg","_links":{"self":[{"href":"https:\/\/www.upo.es\/patio-colorado\/wp-json\/wp\/v2\/posts\/8440","targetHints":{"allow":["GET"]}}],"collection":[{"href":"https:\/\/www.upo.es\/patio-colorado\/wp-json\/wp\/v2\/posts"}],"about":[{"href":"https:\/\/www.upo.es\/patio-colorado\/wp-json\/wp\/v2\/types\/post"}],"author":[{"embeddable":true,"href":"https:\/\/www.upo.es\/patio-colorado\/wp-json\/wp\/v2\/users\/136"}],"replies":[{"embeddable":true,"href":"https:\/\/www.upo.es\/patio-colorado\/wp-json\/wp\/v2\/comments?post=8440"}],"version-history":[{"count":5,"href":"https:\/\/www.upo.es\/patio-colorado\/wp-json\/wp\/v2\/posts\/8440\/revisions"}],"predecessor-version":[{"id":8506,"href":"https:\/\/www.upo.es\/patio-colorado\/wp-json\/wp\/v2\/posts\/8440\/revisions\/8506"}],"wp:featuredmedia":[{"embeddable":true,"href":"https:\/\/www.upo.es\/patio-colorado\/wp-json\/wp\/v2\/media\/8441"}],"wp:attachment":[{"href":"https:\/\/www.upo.es\/patio-colorado\/wp-json\/wp\/v2\/media?parent=8440"}],"wp:term":[{"taxonomy":"category","embeddable":true,"href":"https:\/\/www.upo.es\/patio-colorado\/wp-json\/wp\/v2\/categories?post=8440"},{"taxonomy":"post_tag","embeddable":true,"href":"https:\/\/www.upo.es\/patio-colorado\/wp-json\/wp\/v2\/tags?post=8440"}],"curies":[{"name":"wp","href":"https:\/\/api.w.org\/{rel}","templated":true}]}}