{"id":847,"date":"2020-04-10T09:36:27","date_gmt":"2020-04-10T09:36:27","guid":{"rendered":"https:\/\/www.upo.es\/patio-colorado\/?p=847"},"modified":"2020-04-10T09:36:27","modified_gmt":"2020-04-10T09:36:27","slug":"festival-deportivo-solidario-todos-unidos-por-una-buena-causa","status":"publish","type":"post","link":"https:\/\/www.upo.es\/patio-colorado\/2020\/04\/10\/festival-deportivo-solidario-todos-unidos-por-una-buena-causa\/","title":{"rendered":"Festival Deportivo Solidario: todos unidos por una buena causa"},"content":{"rendered":"<p>Durante estos d\u00edas de confinamiento, las buenas acciones y los eventos <em>online<\/em> se disparan. En esta ocasi\u00f3n, os presentamos el Festival Deportivo Solidario, otra oportunidad m\u00e1s para participar activamente en la lucha contra el COVID-19 de manera solidaria. Este festival, ideado por el malague\u00f1o Juan Antonio Blanca, tendr\u00e1 lugar este domingo, 12 de abril, y podr\u00e1 participarse realizando cualquier actividad f\u00edsica. Todo vale (mientras que pueda hacerse en casa, claro): correr, saltar, o montar en la bici est\u00e1tica. El \u00fanico requisito, y por aqu\u00ed viene la parte solidaria, es realizar una donaci\u00f3n a Bomberos Sin Fronteras.<\/p>\n<p>Este evento, que se har\u00e1 en directo a trav\u00e9s de Facebook, comenzar\u00e1 a las 10:00 horas y acabar\u00e1 a las 14:00 horas. De esta manera, todo el que quiera puede, desde su propia casa, compartir su actividad y, adem\u00e1s, por una buena causa. Si quieres ser part\u00edcipe de ello, \u00a1no olvides inscribirte! Podr\u00e1s apuntarte a trav\u00e9s de la web Dorsal Chip. Mediante la inscripci\u00f3n se realiza la donaci\u00f3n a Bomberos Sin Fronteras, organizaci\u00f3n que estos d\u00edas no para de luchar contra el COVID-19 fabricando y distribuyendo pantallas de protecci\u00f3n facial en todo el pa\u00eds. Asimismo, como se organiza a nivel andaluz, una buena parte de lo recaudado se destinar\u00e1 a los centros sanitarios de nuestra comunidad.<\/p>\n<p>La actividad no tiene ni un tiempo ni una distancia fijada, por lo que cada uno decide cu\u00e1ndo acaba su prueba. Tras ello, se proceder\u00e1 a la rifa de dorsales de distintas carreras de Andaluc\u00eda. Adem\u00e1s, mediante el Facebook ser\u00e1 posible conectar con los participantes, para que cuenten c\u00f3mo est\u00e1n viviendo la experiencia y qu\u00e9 tal les va con la actividad. Este evento es una oportunidad \u00fanica de hacer deporte mientras disfrutas de la compa\u00f1\u00eda \u201cvirtual\u201d de otros deportistas y colaboras por la causa m\u00e1s importante del momento. \u00a1No dejes pasar la oportunidad!<\/p>\n<p>&nbsp;<\/p>\n<p><img loading=\"lazy\" decoding=\"async\" class=\" wp-image-848 aligncenter\" src=\"https:\/\/www.upo.es\/patio-colorado\/wp-content\/uploads\/2020\/04\/fest-212x300.jpg\" alt=\"\" width=\"287\" height=\"406\" srcset=\"https:\/\/www.upo.es\/patio-colorado\/wp-content\/uploads\/2020\/04\/fest-212x300.jpg 212w, https:\/\/www.upo.es\/patio-colorado\/wp-content\/uploads\/2020\/04\/fest.jpg 480w\" sizes=\"auto, (max-width: 287px) 100vw, 287px\" \/><\/p>\n","protected":false},"excerpt":{"rendered":"<p>Durante estos d\u00edas de confinamiento, las buenas acciones y los eventos online se disparan. En esta ocasi\u00f3n, os presentamos el Festival Deportivo Solidario, otra oportunidad m\u00e1s para participar activamente en la lucha contra el COVID-19 de manera solidaria. Este festival, ideado por el malague\u00f1o Juan Antonio Blanca, tendr\u00e1 lugar este domingo, 12 de abril, y [&hellip;]<\/p>\n","protected":false},"author":18,"featured_media":848,"comment_status":"open","ping_status":"open","sticky":false,"template":"","format":"standard","meta":{"_acf_changed":false,"_monsterinsights_skip_tracking":false,"_monsterinsights_sitenote_active":false,"_monsterinsights_sitenote_note":"","_monsterinsights_sitenote_category":0,"footnotes":""},"categories":[46,12],"tags":[153,152,151],"class_list":["post-847","post","type-post","status-publish","format-standard","has-post-thumbnail","hentry","category-en-la-prensa","category-eventos","tag-bomberossinfronteras","tag-festivaldeportivosolidario","tag-quedateencasa"],"blocksy_meta":[],"acf":[],"jetpack_featured_media_url":"https:\/\/www.upo.es\/patio-colorado\/wp-content\/uploads\/2020\/04\/fest.jpg","_links":{"self":[{"href":"https:\/\/www.upo.es\/patio-colorado\/wp-json\/wp\/v2\/posts\/847","targetHints":{"allow":["GET"]}}],"collection":[{"href":"https:\/\/www.upo.es\/patio-colorado\/wp-json\/wp\/v2\/posts"}],"about":[{"href":"https:\/\/www.upo.es\/patio-colorado\/wp-json\/wp\/v2\/types\/post"}],"author":[{"embeddable":true,"href":"https:\/\/www.upo.es\/patio-colorado\/wp-json\/wp\/v2\/users\/18"}],"replies":[{"embeddable":true,"href":"https:\/\/www.upo.es\/patio-colorado\/wp-json\/wp\/v2\/comments?post=847"}],"version-history":[{"count":1,"href":"https:\/\/www.upo.es\/patio-colorado\/wp-json\/wp\/v2\/posts\/847\/revisions"}],"predecessor-version":[{"id":849,"href":"https:\/\/www.upo.es\/patio-colorado\/wp-json\/wp\/v2\/posts\/847\/revisions\/849"}],"wp:featuredmedia":[{"embeddable":true,"href":"https:\/\/www.upo.es\/patio-colorado\/wp-json\/wp\/v2\/media\/848"}],"wp:attachment":[{"href":"https:\/\/www.upo.es\/patio-colorado\/wp-json\/wp\/v2\/media?parent=847"}],"wp:term":[{"taxonomy":"category","embeddable":true,"href":"https:\/\/www.upo.es\/patio-colorado\/wp-json\/wp\/v2\/categories?post=847"},{"taxonomy":"post_tag","embeddable":true,"href":"https:\/\/www.upo.es\/patio-colorado\/wp-json\/wp\/v2\/tags?post=847"}],"curies":[{"name":"wp","href":"https:\/\/api.w.org\/{rel}","templated":true}]}}