{"id":8483,"date":"2024-05-12T10:05:47","date_gmt":"2024-05-12T10:05:47","guid":{"rendered":"https:\/\/www.upo.es\/patio-colorado\/?p=8483"},"modified":"2024-05-12T12:54:38","modified_gmt":"2024-05-12T12:54:38","slug":"plaza-de-espana-acoge-la-escena-del-techno","status":"publish","type":"post","link":"https:\/\/www.upo.es\/patio-colorado\/2024\/05\/12\/plaza-de-espana-acoge-la-escena-del-techno\/","title":{"rendered":"La Plaza de Espa\u00f1a acoge la escena del Techno"},"content":{"rendered":"<p>El pr\u00f3ximo mes de junio, en la <strong>Plaza de Espa\u00f1a de Sevilla,<\/strong> tendr\u00e1 lugar el festival <strong>Ic\u00f3nica Fest. <\/strong>Consistir\u00e1 en una serie de conciertos que se celebrar\u00e1n entre el 7 y 16 de junio de 2024. Parece sorprendente que un lugar tan espectacular y de tan magn\u00edfico valor cultural, hist\u00f3rico y art\u00edstico para el patrimonio andaluz como es la Plaza de Espa\u00f1a sea el que acoja estas actuaciones. El conjunto, encuadrado en el <strong>Parque de Mar\u00eda Luisa<\/strong>, posee unas magn\u00edficas dimensiones y data del a\u00f1o 1929, cuando el arquitecto sevillano An\u00edbal Gonz\u00e1lez dise\u00f1\u00f3 su construcci\u00f3n para la Exposici\u00f3n Iberoamericana.<\/p>\n<p>&nbsp;<\/p>\n<figure id=\"attachment_8485\" aria-describedby=\"caption-attachment-8485\" style=\"width: 536px\" class=\"wp-caption aligncenter\"><img loading=\"lazy\" decoding=\"async\" class=\"wp-image-8485\" src=\"https:\/\/www.upo.es\/patio-colorado\/wp-content\/uploads\/2024\/05\/Captssura-300x164.png\" alt=\"\" width=\"536\" height=\"293\" srcset=\"https:\/\/www.upo.es\/patio-colorado\/wp-content\/uploads\/2024\/05\/Captssura-300x164.png 300w, https:\/\/www.upo.es\/patio-colorado\/wp-content\/uploads\/2024\/05\/Captssura-1024x561.png 1024w, https:\/\/www.upo.es\/patio-colorado\/wp-content\/uploads\/2024\/05\/Captssura-768x421.png 768w, https:\/\/www.upo.es\/patio-colorado\/wp-content\/uploads\/2024\/05\/Captssura.png 1048w\" sizes=\"auto, (max-width: 536px) 100vw, 536px\" \/><figcaption id=\"caption-attachment-8485\" class=\"wp-caption-text\">(IC\u00d3NICA SANTALUC\u00cdA Sevilla Fest).<\/figcaption><\/figure>\n<p>&nbsp;<\/p>\n<p>El festival en su IV Edici\u00f3n traer\u00e1 artistas de diversos g\u00e9neros pero hoy nos centraremos en la m\u00fasica electr\u00f3nica. Y es que el <strong>Techno berlin\u00e9s<\/strong> fue declarado el pasado mes de marzo <strong>Patrimonio Cultural Inmaterial de la Humanidad<\/strong> por la UNESCO, un hito hist\u00f3rico para la m\u00fasica electr\u00f3nica y los amantes de la misma. Este logro nos acerca un poco m\u00e1s a la apreciaci\u00f3n de la m\u00fasica electr\u00f3nica, su importancia en la cultura y el ocio, as\u00ed como a la consideraci\u00f3n de la misma como algo valioso y digno de conservar y difundir.<\/p>\n<p>La Plaza de Espa\u00f1a, con la actuaci\u00f3n de diversos artistas, nos ofrecer\u00e1 una interesante fusi\u00f3n de m\u00fasica y recreaci\u00f3n en uno de los conjuntos m\u00e1s emblem\u00e1ticos de la provincia, tal es as\u00ed que fue declarado <strong>Bien de Inter\u00e9s Cultural<\/strong> y <strong>Patrimonio Hist\u00f3rico de Espa\u00f1a.<\/strong><\/p>\n<p>&nbsp;<\/p>\n<p>&nbsp;<\/p>\n<figure id=\"attachment_8484\" aria-describedby=\"caption-attachment-8484\" style=\"width: 536px\" class=\"wp-caption aligncenter\"><img loading=\"lazy\" decoding=\"async\" class=\"wp-image-8484\" src=\"https:\/\/www.upo.es\/patio-colorado\/wp-content\/uploads\/2024\/05\/Historia-de-Carl-Cox-300x170.jpg\" alt=\"\" width=\"536\" height=\"304\" srcset=\"https:\/\/www.upo.es\/patio-colorado\/wp-content\/uploads\/2024\/05\/Historia-de-Carl-Cox-300x170.jpg 300w, https:\/\/www.upo.es\/patio-colorado\/wp-content\/uploads\/2024\/05\/Historia-de-Carl-Cox-768x435.jpg 768w, https:\/\/www.upo.es\/patio-colorado\/wp-content\/uploads\/2024\/05\/Historia-de-Carl-Cox.jpg 1000w\" sizes=\"auto, (max-width: 536px) 100vw, 536px\" \/><figcaption id=\"caption-attachment-8484\" class=\"wp-caption-text\">Carl Cox (Passport Experience).<\/figcaption><\/figure>\n<p>&nbsp;<\/p>\n<p>Nuestra ciudad acoger\u00e1 al DJ y productor brit\u00e1nico <strong>Carl Cox<\/strong>, uno de los mayores exponentes del la <strong>electr\u00f3nica, el techno, el house y el tech house<\/strong>. Desde sus inicios en los a\u00f1os 80 bajo el nombre de <b>\u00ab<\/b>Three Deck Wizard<b>\u00bb <\/b>fusion\u00f3 ritmos <strong>groove, hip-hop neoyorquino<\/strong> <strong>y<\/strong> <strong>electro<\/strong>. Carl Cox form\u00f3 su propio sello en 1999, Intec Records,\u00a0 sumando \u00e9xitos underground y disfrutando de ocho a\u00f1os a la vanguardia de la m\u00fasica electr\u00f3nica. Tras su cierre, volvi\u00f3 a lanzar su sello en 2010 como Intec Digital, convirti\u00e9ndose as\u00ed en un de las figuras con m\u00e1s renombre en la escena de la electr\u00f3nica. Y es que el mundo underground no permanece escondido una vez m\u00e1s sino que, en este caso, se le da la oportunidad de disfrutar del sonido en un lugar tan emblem\u00e1tico como es la Plaza de Espa\u00f1a.<\/p>\n<p>&nbsp;<\/p>\n<figure id=\"attachment_8487\" aria-describedby=\"caption-attachment-8487\" style=\"width: 524px\" class=\"wp-caption aligncenter\"><img loading=\"lazy\" decoding=\"async\" class=\"wp-image-8487\" src=\"https:\/\/www.upo.es\/patio-colorado\/wp-content\/uploads\/2024\/05\/Captura-300x166.png\" alt=\"\" width=\"524\" height=\"290\" srcset=\"https:\/\/www.upo.es\/patio-colorado\/wp-content\/uploads\/2024\/05\/Captura-300x166.png 300w, https:\/\/www.upo.es\/patio-colorado\/wp-content\/uploads\/2024\/05\/Captura-768x424.png 768w, https:\/\/www.upo.es\/patio-colorado\/wp-content\/uploads\/2024\/05\/Captura.png 1012w\" sizes=\"auto, (max-width: 524px) 100vw, 524px\" \/><figcaption id=\"caption-attachment-8487\" class=\"wp-caption-text\">(IC\u00d3NICA SANTALUC\u00cdA Sevilla Fest).<\/figcaption><\/figure>\n<p>&nbsp;<\/p>\n<p>Por si no fuera poco, en el mes de julio, el d\u00eda 9, podremos disfrutar de la actuaci\u00f3n del grupo <strong>The Prodigy,<\/strong> que no se queda atr\u00e1s. Y es que esta banda brit\u00e1nica fue adquiriendo un gran prestigio a finales de la d\u00e9cada de los a\u00f1os 90 y comienzos de los 2000, son considerados pioneros en el g\u00e9nero de la electr\u00f3nica, adem\u00e1s de ser figuras emblem\u00e1ticas dentro de la escena punk. Desde\u00a0 los ritmos <strong>rave, hardcore techno, breakbeat, big beat y punk<\/strong>, en la Plaza de Espa\u00f1a podremos disfrutar de esta incre\u00edble actuaci\u00f3n.<\/p>\n<p>&nbsp;<\/p>\n<figure id=\"attachment_8489\" aria-describedby=\"caption-attachment-8489\" style=\"width: 496px\" class=\"wp-caption aligncenter\"><img loading=\"lazy\" decoding=\"async\" class=\"wp-image-8489\" src=\"https:\/\/www.upo.es\/patio-colorado\/wp-content\/uploads\/2024\/05\/the-prodigy-radionica-300x158.jpg\" alt=\"\" width=\"496\" height=\"261\" srcset=\"https:\/\/www.upo.es\/patio-colorado\/wp-content\/uploads\/2024\/05\/the-prodigy-radionica-300x158.jpg 300w, https:\/\/www.upo.es\/patio-colorado\/wp-content\/uploads\/2024\/05\/the-prodigy-radionica-1024x538.jpg 1024w, https:\/\/www.upo.es\/patio-colorado\/wp-content\/uploads\/2024\/05\/the-prodigy-radionica-768x403.jpg 768w, https:\/\/www.upo.es\/patio-colorado\/wp-content\/uploads\/2024\/05\/the-prodigy-radionica.jpg 1200w\" sizes=\"auto, (max-width: 496px) 100vw, 496px\" \/><figcaption id=\"caption-attachment-8489\" class=\"wp-caption-text\">The Prodigy (Radionica, 2021).<\/figcaption><\/figure>\n<p>&nbsp;<\/p>\n<p>IC\u00d3NICA SANTALUC\u00cdA Sevilla Fest, con el respaldo institucional del Ayuntamiento de Sevilla y el apoyo de patrocinadores y colaboradores,\u00a0 promete ser un evento inolvidable. La Plaza de Espa\u00f1a se convierte una vez m\u00e1s en el escenario perfecto para ofrecer al p\u00fablico las actuaciones de impresionantes artistas de los g\u00e9neros mas variados, desde el reguet\u00f3n y el pop, hasta la m\u00fasica electr\u00f3nica. Con m\u00e1s de 80.000 entradas vendidas hasta la fecha y un total de 37 conciertos confirmados, el festival promete superar las expectativas de otras ediciones y consolidarse en la escena musical como uno de los eventos m\u00e1s destacados del panorama nacional. Adem\u00e1s, el lugar donde tendr\u00e1 lugar est\u00e1 lleno de historia, arte y magia. Te animamos a disfrutar de esta incre\u00edble oportunidad en la que la historia de la ciudad se fusiona con la historia de la m\u00fasica.<\/p>\n<p>&nbsp;<\/p>\n<p>&nbsp;<\/p>\n<p>&nbsp;<\/p>\n<p>&nbsp;<\/p>\n<p>Referencias<\/p>\n<p>Beat &amp; Mix (s. f.). <em>\u00a1IC\u00d3NICA SANTALUC\u00cdA Sevilla Fest 2024: La Fiesta del Verano en la Plaza de Espa\u00f1a de Sevilla!<\/em><a href=\"https:\/\/beatandmix.com\/iconica-santalucia-sevilla-fest-2024-la-fiesta-del-verano-en-la-plaza-de-espana-de-sevilla\/\">.-sevilla-fest-2024-la-fiesta-del-verano-en-la-plaza-de-espana-de-sevilla\/<\/a><\/p>\n<p>Ic\u00f3nica Fest (s. f.). <em>IC\u00d3NICA SANTALUC\u00cdA Sevilla Fest.<\/em>https:\/\/iconicafest.com\/<\/p>\n<p>Passport Experience (s. f.). <em>La historia de Carl Cox resumida en 10 sonidos.<\/em> https:\/\/passportexperience.com\/la-historia-de-carl-cox-10-sonidos\/<\/p>\n<p>Radionica (2021). T<em>he Prodigy se prepara para la pantalla grande<\/em>. Radionica. https:\/\/www.radionica.rocks\/noticias\/prodigy-se-prepara-para-la-pantalla-grande<\/p>\n<p>Sevilla Actualidad (2024). Aitana y Carl Cox, artistas confirmados para el Ic\u00f3nica Fest 2024. <em>Sevilla Actualidad.<\/em> https:\/\/www.sevillaactualidad.com\/sevilla\/536241-aitana-y-carl-cox-artistas-confirmados-para-el-iconica-fest-2024\/<\/p>\n<p>&nbsp;<\/p>\n<p>&nbsp;<\/p>\n<p>&nbsp;<\/p>\n","protected":false},"excerpt":{"rendered":"<p>El pr\u00f3ximo mes de junio, en la Plaza de Espa\u00f1a de Sevilla, tendr\u00e1 lugar el festival Ic\u00f3nica Fest. Consistir\u00e1 en una serie de conciertos que se celebrar\u00e1n entre el 7 y 16 de junio de 2024. Parece sorprendente que un lugar tan espectacular y de tan magn\u00edfico valor cultural, hist\u00f3rico y art\u00edstico para el patrimonio [&hellip;]<\/p>\n","protected":false},"author":136,"featured_media":8486,"comment_status":"open","ping_status":"open","sticky":false,"template":"","format":"standard","meta":{"_acf_changed":false,"_monsterinsights_skip_tracking":false,"_monsterinsights_sitenote_active":false,"_monsterinsights_sitenote_note":"","_monsterinsights_sitenote_category":0,"footnotes":""},"categories":[12,23,301],"tags":[53,608],"class_list":["post-8483","post","type-post","status-publish","format-standard","has-post-thumbnail","hentry","category-eventos","category-patrimonio-vivo","category-sevilla","tag-musica","tag-plaza-de-espana"],"blocksy_meta":[],"acf":[],"jetpack_featured_media_url":"https:\/\/www.upo.es\/patio-colorado\/wp-content\/uploads\/2024\/05\/Captu33ra.png","_links":{"self":[{"href":"https:\/\/www.upo.es\/patio-colorado\/wp-json\/wp\/v2\/posts\/8483","targetHints":{"allow":["GET"]}}],"collection":[{"href":"https:\/\/www.upo.es\/patio-colorado\/wp-json\/wp\/v2\/posts"}],"about":[{"href":"https:\/\/www.upo.es\/patio-colorado\/wp-json\/wp\/v2\/types\/post"}],"author":[{"embeddable":true,"href":"https:\/\/www.upo.es\/patio-colorado\/wp-json\/wp\/v2\/users\/136"}],"replies":[{"embeddable":true,"href":"https:\/\/www.upo.es\/patio-colorado\/wp-json\/wp\/v2\/comments?post=8483"}],"version-history":[{"count":4,"href":"https:\/\/www.upo.es\/patio-colorado\/wp-json\/wp\/v2\/posts\/8483\/revisions"}],"predecessor-version":[{"id":8512,"href":"https:\/\/www.upo.es\/patio-colorado\/wp-json\/wp\/v2\/posts\/8483\/revisions\/8512"}],"wp:featuredmedia":[{"embeddable":true,"href":"https:\/\/www.upo.es\/patio-colorado\/wp-json\/wp\/v2\/media\/8486"}],"wp:attachment":[{"href":"https:\/\/www.upo.es\/patio-colorado\/wp-json\/wp\/v2\/media?parent=8483"}],"wp:term":[{"taxonomy":"category","embeddable":true,"href":"https:\/\/www.upo.es\/patio-colorado\/wp-json\/wp\/v2\/categories?post=8483"},{"taxonomy":"post_tag","embeddable":true,"href":"https:\/\/www.upo.es\/patio-colorado\/wp-json\/wp\/v2\/tags?post=8483"}],"curies":[{"name":"wp","href":"https:\/\/api.w.org\/{rel}","templated":true}]}}