{"id":851,"date":"2020-04-10T16:30:56","date_gmt":"2020-04-10T16:30:56","guid":{"rendered":"https:\/\/www.upo.es\/patio-colorado\/?p=851"},"modified":"2020-04-10T16:30:56","modified_gmt":"2020-04-10T16:30:56","slug":"serial-patrimonio-bollullos-de-la-mitacion-1","status":"publish","type":"post","link":"https:\/\/www.upo.es\/patio-colorado\/2020\/04\/10\/serial-patrimonio-bollullos-de-la-mitacion-1\/","title":{"rendered":"Serial patrimonio Bollullos de la Mitaci\u00f3n (1)"},"content":{"rendered":"<h3 class=\"sppb-addon-title\">Ermita de Cuatrovitas<\/h3>\n<p>Fuente: P\u00e1gina web del ayuntamiento de Bollullos de la Mitaci\u00f3n.<\/p>\n<div class=\"sppb-addon-content\">\n<div>Esta arquitectura pertenece al Arte Almohade, situ\u00e1ndose a 5,5 Km de Bollullos de la Mitaci\u00f3n. Esta antigua mezquita almohade cristianizada destaca por su planta basilical, siendo un rasgo de la arquitectura hispanomusulmana. La estructura del Mihrab, otro elemento a destacar del monumento, fue detectada en la ultima restauraci\u00f3n del monumento. Los restos del Sahn (patio) es otro elemento por el que merece destacar este monumento.<\/p>\n<p>Se cambi\u00f3 la orientaci\u00f3n Norte-Sur por la Sur-Norte con el objetivo de convertir este edificio en un templo de car\u00e1cter cristiano. Otra reforma que podemos destacar es la construcci\u00f3n del Altar Mayor. El edificio tambi\u00e9n contiene una estructura formada por una planta rectangular con tres naves separadas por arcos sobre pilares cuadrangulares de ladrillos, apoy\u00e1ndose cinco arcos sobre ellos. Esos cinco arcos se encuentran encuadrados por sus correspondientes alfices, mientras que su p\u00f3rtico es de car\u00e1cter m\u00fadejar. En el patio se puede apreciar la primitiva puerta de entrada a la mezquita.<\/p><\/div>\n<\/div>\n","protected":false},"excerpt":{"rendered":"<p>Ermita de Cuatrovitas Fuente: P\u00e1gina web del ayuntamiento de Bollullos de la Mitaci\u00f3n. Esta arquitectura pertenece al Arte Almohade, situ\u00e1ndose a 5,5 Km de Bollullos de la Mitaci\u00f3n. Esta antigua mezquita almohade cristianizada destaca por su planta basilical, siendo un rasgo de la arquitectura hispanomusulmana. La estructura del Mihrab, otro elemento a destacar del monumento, [&hellip;]<\/p>\n","protected":false},"author":7,"featured_media":852,"comment_status":"open","ping_status":"open","sticky":false,"template":"","format":"standard","meta":{"_acf_changed":false,"_monsterinsights_skip_tracking":false,"_monsterinsights_sitenote_active":false,"_monsterinsights_sitenote_note":"","_monsterinsights_sitenote_category":0,"footnotes":""},"categories":[24,44],"tags":[],"class_list":["post-851","post","type-post","status-publish","format-standard","has-post-thumbnail","hentry","category-conservacion-y-restauracion","category-patrimonio"],"blocksy_meta":[],"acf":[],"jetpack_featured_media_url":"https:\/\/www.upo.es\/patio-colorado\/wp-content\/uploads\/2020\/04\/ERMITA.png","_links":{"self":[{"href":"https:\/\/www.upo.es\/patio-colorado\/wp-json\/wp\/v2\/posts\/851","targetHints":{"allow":["GET"]}}],"collection":[{"href":"https:\/\/www.upo.es\/patio-colorado\/wp-json\/wp\/v2\/posts"}],"about":[{"href":"https:\/\/www.upo.es\/patio-colorado\/wp-json\/wp\/v2\/types\/post"}],"author":[{"embeddable":true,"href":"https:\/\/www.upo.es\/patio-colorado\/wp-json\/wp\/v2\/users\/7"}],"replies":[{"embeddable":true,"href":"https:\/\/www.upo.es\/patio-colorado\/wp-json\/wp\/v2\/comments?post=851"}],"version-history":[{"count":1,"href":"https:\/\/www.upo.es\/patio-colorado\/wp-json\/wp\/v2\/posts\/851\/revisions"}],"predecessor-version":[{"id":853,"href":"https:\/\/www.upo.es\/patio-colorado\/wp-json\/wp\/v2\/posts\/851\/revisions\/853"}],"wp:featuredmedia":[{"embeddable":true,"href":"https:\/\/www.upo.es\/patio-colorado\/wp-json\/wp\/v2\/media\/852"}],"wp:attachment":[{"href":"https:\/\/www.upo.es\/patio-colorado\/wp-json\/wp\/v2\/media?parent=851"}],"wp:term":[{"taxonomy":"category","embeddable":true,"href":"https:\/\/www.upo.es\/patio-colorado\/wp-json\/wp\/v2\/categories?post=851"},{"taxonomy":"post_tag","embeddable":true,"href":"https:\/\/www.upo.es\/patio-colorado\/wp-json\/wp\/v2\/tags?post=851"}],"curies":[{"name":"wp","href":"https:\/\/api.w.org\/{rel}","templated":true}]}}