{"id":8514,"date":"2024-05-13T18:08:45","date_gmt":"2024-05-13T18:08:45","guid":{"rendered":"https:\/\/www.upo.es\/patio-colorado\/?p=8514"},"modified":"2024-05-13T18:08:45","modified_gmt":"2024-05-13T18:08:45","slug":"el-abanico-y-sus-codigos","status":"publish","type":"post","link":"https:\/\/www.upo.es\/patio-colorado\/2024\/05\/13\/el-abanico-y-sus-codigos\/","title":{"rendered":"El abanico y sus c\u00f3digos"},"content":{"rendered":"<p><span style=\"font-weight: 400\">Si realizamos la b\u00fasqueda r\u00e1pida en <\/span><a href=\"https:\/\/images.google.com\/\"><span style=\"font-weight: 400\">Google Im\u00e1genes<\/span><\/a><span style=\"font-weight: 400\"> de la palabra \u00abflamenca\u00bb o \u00absevillana\u00bb, comprobaremos que no es dif\u00edcil encontrar entre los resultados la presencia de un objeto en especial: el abanico plegable. Este invento, aunque dise\u00f1ado en el Jap\u00f3n del siglo VII, se ha ganado un lugar especial entre el imaginario identitario andaluz. Y es que, gracias a su clima, la introducci\u00f3n del abanico en Europa dej\u00f3 huella en lo que hoy conocemos como Andaluc\u00eda, donde se albergar\u00edan algunas de las f\u00e1bricas de abanicos m\u00e1s importantes de Occidente. Esta infiltraci\u00f3n en nuestra cultura se puede apreciar perfectamente en nuestras calles ahora que la primavera se ha afianzado del todo y que el verano se va abriendo paso.<\/span><\/p>\n<p><span style=\"font-weight: 400\">El flamenco adopt\u00f3 al abanico en el baile, present\u00e1ndose hasta d\u00eda de hoy como un elemento que suma a la expresividad de cada movimiento, aunque en sus or\u00edgenes contribu\u00eda a la narraci\u00f3n de historias mediante la danza. Entre los siglos XVIII y XIX, en un contexto en el que la libertad de la mujer se ve\u00eda altamente limitada, el abanico supuso una v\u00eda de expresi\u00f3n oculta en la cotidianidad, especialmente en lo relacionado con el cortejo. En cambio, tanto en el baile como en el d\u00eda a d\u00eda, el lenguaje del abanico se ha ido perdiendo con el paso de los a\u00f1os.\u00a0<\/span><\/p>\n<figure id=\"attachment_8516\" aria-describedby=\"caption-attachment-8516\" style=\"width: 179px\" class=\"wp-caption alignleft\"><img loading=\"lazy\" decoding=\"async\" class=\"wp-image-8516\" src=\"https:\/\/www.upo.es\/patio-colorado\/wp-content\/uploads\/2024\/05\/descarga.jpg\" alt=\"\" width=\"179\" height=\"269\" \/><figcaption id=\"caption-attachment-8516\" class=\"wp-caption-text\"><span style=\"color: #808080\">Imagen extra\u00edda de pxhere.com. Licencia Creative Commons<\/span><\/figcaption><\/figure>\n<p><span style=\"font-weight: 400\">Siendo un elemento totalmente social y para nada te\u00f3rico, no son pocos los c\u00f3digos de los que se tiene constancia a d\u00eda de hoy, contando con variaciones entre distintas zonas y \u00e9pocas. A\u00fan as\u00ed, son varios los que se mantienen fieles a la versi\u00f3n recogida siglos atr\u00e1s. A continuaci\u00f3n, algunos ejemplos de estas se\u00f1as del galanteo del siglo XIX:<\/span><\/p>\n<p><span style=\"font-weight: 400\">&#8211; Empezando por lo m\u00e1s b\u00e1sico, para afirmar, decir \u00abs\u00ed\u00bb, se colocar\u00eda el abanico abierto sobre la mejilla derecha; para negar, decir \u00abno\u00bb, sobre la izquierda.<\/span><\/p>\n<p><span style=\"font-weight: 400\">&#8211; En el caso de tener que acordar una cita, se desplegar\u00eda el n\u00famero de varillas del abanico correspondiente a la hora de la misma. Y, si al llegar a la cita se sospecha falta de intimidad, sostenerlo totalmente abierto bajo los ojos vendr\u00eda a decir algo as\u00ed como \u00abcuidado, nos vigilan\u00bb.<\/span><\/p>\n<p><span style=\"font-weight: 400\">&#8211; Para declarar amor, se puede recurrir a algo tan sencillo como mantener el abanico abierto frente a los ojos con una mano sobre el coraz\u00f3n para un \u00abte quiero\u00bb; o quiz\u00e1 ofrecer al otro el abanico cerrado (\u00fatil tambi\u00e9n para verificar la correspondencia).<\/span><\/p>\n<p><span style=\"font-weight: 400\">&#8211; Pero el rechazo tambi\u00e9n es una opci\u00f3n. Llevar con empuje el abanico cerrado hacia el hombro derecho ser\u00eda \u00abte detesto\u00bb, apuntar al suelo estando abierto \u00abte desprecio\u00bb. En el peor de los casos, habr\u00eda que recurrir a un movimiento m\u00e1s complejo, abri\u00e9ndolo y sosteni\u00e9ndolo con la mano derecha mientras que se va girando con la izquierda, para expresar que \u00abmis padres se oponen\u00bb.<\/span><\/p>\n<p>Son tantos los posibles movimientos y posiciones, como sus interpretaciones, pero, si tenemos la suerte de encontrar a alguien que comparta nuestras referencias, es tentador el poder mantener una conversaci\u00f3n al completo sin que nadie nos coh\u00edba.\u00a0 Por ello, para facilitaros la tarea y daros un mayor <span style=\"font-weight: 400\">\u00ababanico\u00bb de posibilidades, os dejo por aqu\u00ed este TikTok de @somossevilla, en el que la gu\u00eda local Conchita muestra otros gestos, m\u00e1s actuales y diferentes a los que ya hemos visto, pero igual de intuitivos y divertidos:<\/span><\/p>\n<blockquote class=\"tiktok-embed\" cite=\"https:\/\/www.tiktok.com\/@somossevilla\/video\/7210470848140938501\" data-video-id=\"7210470848140938501\" data-embed-from=\"oembed\" style=\"max-width:605px; min-width:325px;\">\n<section> <a target=\"_blank\" title=\"@somossevilla\" href=\"https:\/\/www.tiktok.com\/@somossevilla?refer=embed\">@somossevilla<\/a> <\/p>\n<p>\u201dEL LENGUAJE DEL ABANICO\u00bb La pen\u00faltima frase es la mejor y m\u00e1s graciosa.\ud83d\ude02\ud83d\udc4c Conchita es gu\u00eda local de Sevilla y nos cuenta lo que puede decir un abanico Sevillano sin soltar una sola palabra. <a title=\"sevilla\" target=\"_blank\" href=\"https:\/\/www.tiktok.com\/tag\/sevilla?refer=embed\">#sevilla<\/a> <a title=\"abanico\" target=\"_blank\" href=\"https:\/\/www.tiktok.com\/tag\/abanico?refer=embed\">#abanico<\/a> <a title=\"andalucia\" target=\"_blank\" href=\"https:\/\/www.tiktok.com\/tag\/andalucia?refer=embed\">#andalucia<\/a> <a title=\"spain\" target=\"_blank\" href=\"https:\/\/www.tiktok.com\/tag\/spain?refer=embed\">#spain<\/a> <a title=\"espa\u00f1a\" target=\"_blank\" href=\"https:\/\/www.tiktok.com\/tag\/espa%C3%B1a?refer=embed\">#espa\u00f1a<\/a> <a title=\"comidasevillana\" target=\"_blank\" href=\"https:\/\/www.tiktok.com\/tag\/comidasevillana?refer=embed\">#comidasevillana<\/a> <a title=\"fyp\u30b7\" target=\"_blank\" href=\"https:\/\/www.tiktok.com\/tag\/fyp%E3%82%B7?refer=embed\">#fyp\u30b7<\/a> <a title=\"sevilla\" target=\"_blank\" href=\"https:\/\/www.tiktok.com\/tag\/sevilla?refer=embed\">#sevilla<\/a> <a title=\"churri\" target=\"_blank\" href=\"https:\/\/www.tiktok.com\/tag\/churri?refer=embed\">#churri<\/a> <\/p>\n<p> <a target=\"_blank\" title=\"\u266c sonido original - somossevilla\" href=\"https:\/\/www.tiktok.com\/music\/sonido-original-7210470855884049158?refer=embed\">\u266c sonido original &#8211; somossevilla<\/a> <\/section>\n<\/blockquote>\n<p> <script async src=\"https:\/\/www.tiktok.com\/embed.js\"><\/script><\/p>\n<p><strong>REFERENCIAS:<\/strong><\/p>\n<p>&#8211; Jasso Gonz\u00e1lez, X. (2016).\u00a0\u00a0<em>Lenguaje y significado del abanico en la danza espa\u00f1ola\u00a0<\/em>[informe de pr\u00e1ctica educativa]. ENDNGC\/INBA, Ciudad de M\u00e9xico.<\/p>\n<p>&#8211; Noguera, J. J. (2007). Dos ojos y un abanico.\u00a0<em>Archivos de la Sociedad Espa\u00f1ola de Oftalmolog\u00eda, 82<\/em> (8).<\/p>\n<p>&#8211; somossevilla [@somossevilla] (2023, 14 de abril). EL LENGUAJE DEL ABANICO.\u00a0 https:\/\/www.tiktok.com\/@somossevilla\/video\/7210470848140938501?lang=es<\/p>\n","protected":false},"excerpt":{"rendered":"<p>Si realizamos la b\u00fasqueda r\u00e1pida en Google Im\u00e1genes de la palabra \u00abflamenca\u00bb o \u00absevillana\u00bb, comprobaremos que no es dif\u00edcil encontrar entre los resultados la presencia de un objeto en especial: el abanico plegable. Este invento, aunque dise\u00f1ado en el Jap\u00f3n del siglo VII, se ha ganado un lugar especial entre el imaginario identitario andaluz. Y [&hellip;]<\/p>\n","protected":false},"author":129,"featured_media":8518,"comment_status":"open","ping_status":"open","sticky":false,"template":"","format":"standard","meta":{"_acf_changed":false,"_monsterinsights_skip_tracking":false,"_monsterinsights_sitenote_active":false,"_monsterinsights_sitenote_note":"","_monsterinsights_sitenote_category":0,"footnotes":""},"categories":[166,23],"tags":[1069,1070,875,828],"class_list":["post-8514","post","type-post","status-publish","format-standard","has-post-thumbnail","hentry","category-historia-arqueologia","category-patrimonio-vivo","tag-abanico","tag-lenguaje","tag-mujer","tag-patrimonio-cultural-inmaterial"],"blocksy_meta":[],"acf":[],"jetpack_featured_media_url":"https:\/\/www.upo.es\/patio-colorado\/wp-content\/uploads\/2024\/05\/abanicos3-612x612-1.jpg","_links":{"self":[{"href":"https:\/\/www.upo.es\/patio-colorado\/wp-json\/wp\/v2\/posts\/8514","targetHints":{"allow":["GET"]}}],"collection":[{"href":"https:\/\/www.upo.es\/patio-colorado\/wp-json\/wp\/v2\/posts"}],"about":[{"href":"https:\/\/www.upo.es\/patio-colorado\/wp-json\/wp\/v2\/types\/post"}],"author":[{"embeddable":true,"href":"https:\/\/www.upo.es\/patio-colorado\/wp-json\/wp\/v2\/users\/129"}],"replies":[{"embeddable":true,"href":"https:\/\/www.upo.es\/patio-colorado\/wp-json\/wp\/v2\/comments?post=8514"}],"version-history":[{"count":4,"href":"https:\/\/www.upo.es\/patio-colorado\/wp-json\/wp\/v2\/posts\/8514\/revisions"}],"predecessor-version":[{"id":8520,"href":"https:\/\/www.upo.es\/patio-colorado\/wp-json\/wp\/v2\/posts\/8514\/revisions\/8520"}],"wp:featuredmedia":[{"embeddable":true,"href":"https:\/\/www.upo.es\/patio-colorado\/wp-json\/wp\/v2\/media\/8518"}],"wp:attachment":[{"href":"https:\/\/www.upo.es\/patio-colorado\/wp-json\/wp\/v2\/media?parent=8514"}],"wp:term":[{"taxonomy":"category","embeddable":true,"href":"https:\/\/www.upo.es\/patio-colorado\/wp-json\/wp\/v2\/categories?post=8514"},{"taxonomy":"post_tag","embeddable":true,"href":"https:\/\/www.upo.es\/patio-colorado\/wp-json\/wp\/v2\/tags?post=8514"}],"curies":[{"name":"wp","href":"https:\/\/api.w.org\/{rel}","templated":true}]}}