{"id":8523,"date":"2024-05-14T16:07:00","date_gmt":"2024-05-14T16:07:00","guid":{"rendered":"https:\/\/www.upo.es\/patio-colorado\/?p=8523"},"modified":"2024-05-14T16:07:00","modified_gmt":"2024-05-14T16:07:00","slug":"mudejart-un-festival-que-fusiona-arte-historia-y-creatividad-en-jaen","status":"publish","type":"post","link":"https:\/\/www.upo.es\/patio-colorado\/2024\/05\/14\/mudejart-un-festival-que-fusiona-arte-historia-y-creatividad-en-jaen\/","title":{"rendered":"Mudejart: Un Festival que Fusiona Arte, Historia y Creatividad en Ja\u00e9n"},"content":{"rendered":"<p>El pasado s\u00e1bado, en el patio del Sal\u00f3n Mud\u00e9jar de Ja\u00e9n, se inaugur\u00f3 un evento \u00fanico: Mudejart, un festival de arte y artesan\u00eda que ha sido el resultado de la colaboraci\u00f3n entre la concejal de Cultura, Turismo y Patrimonio Hist\u00f3rico, Mar\u00eda Espejo, la empresa Intranerso representada por Marta Ram\u00edrez, y otras entidades como el Patronato de Cultura, Turismo, Festejos y Patrimonio Hist\u00f3rico.<\/p>\n<p>&nbsp;<\/p>\n<p>Este festival, concebido como una celebraci\u00f3n de la creatividad y la tradici\u00f3n, continuar\u00e1 los d\u00edas 18 y 25 de mayo, y se compone de tres talleres distintos: cer\u00e1mica, alfarer\u00eda y velas.<\/p>\n<p><img loading=\"lazy\" decoding=\"async\" class=\"aligncenter\" src=\"https:\/\/www.aytojaen.es\/portal\/RecursosWeb\/IMAGENES\/1\/0_32849_1.jpg\" alt=\"Mudejart. Talleres de Arte en el Sal\u00f3n Mud\u00e9jar\" width=\"353\" height=\"353\" \/><\/p>\n<p style=\"text-align: center\">(Cr\u00e9ditos: <a href=\"https:\/\/www.aytojaen.es\/portal\/p_20_contenedor1.jsp?seccion=s_fact_d4_v1.jsp&amp;contenido=59935&amp;tipo=2&amp;nivel=1400&amp;layout=p_20_contenedor1.jsp&amp;codResi=1&amp;language=es&amp;codMenu=303&amp;codMenuPN=4&amp;codMenuSN=103\">Ayuntamiento de Ja\u00e9n<\/a>)<\/p>\n<p>&nbsp;<\/p>\n<p>Mar\u00eda Espejo enfatiz\u00f3 la importancia de la colaboraci\u00f3n entre el sector privado y la administraci\u00f3n para hacer posibles eventos de esta \u00edndole. Destaca que Mudejart no solo une gastronom\u00eda, patrimonio y arte, sino que tambi\u00e9n contribuye a potenciar y visibilizar a Ja\u00e9n como una ciudad rica en eventos culturales y patrimoniales.<\/p>\n<p>&nbsp;<\/p>\n<p>Por otro lado, Marta Ram\u00edrez expres\u00f3 su entusiasmo por ofrecer a la comunidad la oportunidad de explorar su creatividad en un ambiente diferente al convencional, invitando a todos a compartir momentos \u00fanicos en espacios hist\u00f3ricos y emblem\u00e1ticos de la ciudad de Ja\u00e9n.<\/p>\n<p>&nbsp;<\/p>\n<p>Los talleres ofrecen a los participantes la oportunidad de aprender nuevas habilidades art\u00edsticas mientras disfrutan de la compa\u00f1\u00eda de amigos y familiares. El primero de ellos, el taller de alfarer\u00eda impartido por <em>Modelando entre Olivos<\/em>, se centra en la creaci\u00f3n y decoraci\u00f3n de piezas \u00fanicas.<\/p>\n<p><img loading=\"lazy\" decoding=\"async\" class=\"alignright\" src=\"https:\/\/lacontradejaen.eldiario.es\/img\/galeria\/2024\/05\/mudejart_cultura2_jaen-26.jpg\" alt=\"Mudejart propone un mosaico de talleres durante mayo\" width=\"307\" height=\"205\" \/><\/p>\n<p>&nbsp;<\/p>\n<p>&nbsp;<\/p>\n<p>&nbsp;<\/p>\n<p>&nbsp;<\/p>\n<p>&nbsp;<\/p>\n<p style=\"text-align: right\">(Cr\u00e9ditos <a href=\"https:\/\/lacontradejaen.eldiario.es\/mudejart-talleres-salon-mudejar-mayo-jaen\/\">LacontradeJa\u00e9n<\/a>)<\/p>\n<p>&nbsp;<\/p>\n<p>Posteriormente, le sigue el taller de pintura, dirigido por Victoria Ochando, este s\u00e1bado 18 de mayo.<\/p>\n<p>Finalmente, el s\u00e1bado 25, el Bosque M\u00e1gico guiar\u00e1 a los asistentes a trav\u00e9s del proceso de creaci\u00f3n de velas arom\u00e1ticas.<\/p>\n<p><img loading=\"lazy\" decoding=\"async\" class=\"alignleft\" src=\"https:\/\/cdn.socy.cloud\/JOLY\/v3\/SSFC\/653788e94a483\/https:\/\/www.jaenhoy.es\/2024\/05\/06\/ocio\/celebrara-conocer-significado-rituales-relacionados_1900320233_211425102_1200x675.jpg\" alt=\"Mudejart: talleres de creatividad en el Sal\u00f3n Mud\u00e9jar del Palacio del  Condestable Iranzo\" width=\"503\" height=\"263\" \/><\/p>\n<p>&nbsp;<\/p>\n<p>&nbsp;<\/p>\n<p>&nbsp;<\/p>\n<p>&nbsp;<\/p>\n<p>&nbsp;<\/p>\n<p>&nbsp;<\/p>\n<p>(Cr\u00e9ditos <a href=\"https:\/\/www.jaenhoy.es\/ocio\/Mudejart-Mudejar-Palacio-Condestable-Iranzo-talleres-creatividad-arte-ninos-adultos-familia-infantil-inscripcion-quehacer-agenda-ocio-cultura-taller-curso-ceramica-velas-pintura_0_1900310614.html\">Ja\u00e9n Hoy<\/a>)<\/p>\n<p>&nbsp;<\/p>\n<p>Adem\u00e1s de los talleres, Mudejart ofrece tambi\u00e9n la degustaci\u00f3n de productos t\u00edpicos de la provincia, de manera que los participantes pueden sumergirse en lo mejor de la cultura local.<\/p>\n<p>&nbsp;<\/p>\n<p>Las entradas para los talleres est\u00e1n disponibles en el sitio web oficial del evento, <a href=\"http:\/\/www.xperincesstage.com\">www.xperincesstage.com<\/a>, o a trav\u00e9s del n\u00famero de tel\u00e9fono 6334 894 937.<\/p>\n<p>&nbsp;<\/p>\n<p>En mi opini\u00f3n, Mudejart desempe\u00f1a un papel muy importante para el patrimonio jienense y andaluz. Nos ayuda a comprender la importancia de preservar y promover el legado hist\u00f3rico de Ja\u00e9n y a transmitir su herencia cultural a las generaciones futuras de manera innovadora.<\/p>\n<p>&nbsp;<\/p>\n<p><strong>Bibliograf\u00eda:<\/strong><\/p>\n<p>Ayuntamiento de Ja\u00e9n. (s.f.). Mudejar. Talleres de Arte en el Sal\u00f3n Mud\u00e9jar. Recuperado de <a href=\"https:\/\/www.aytojaen.es\/portal\/p_20_contenedor1.jsp?seccion=s_fact_d4_v1.jsp&amp;contenido=59935&amp;tipo=2&amp;nivel=1400&amp;layout=p_20_contenedor1.jsp&amp;codResi=1&amp;language=es&amp;codMenu=303&amp;codMenuPN=4&amp;codMenuSN=103\">https:\/\/www.aytojaen.es\/portal\/p_20_contenedor1.jsp?seccion=s_fact_d4_v1.jsp&amp;contenido=59935&amp;tipo=2&amp;nivel=1400&amp;layout=p_20_contenedor1.jsp&amp;codResi=1&amp;language=es&amp;codMenu=303&amp;codMenuPN=4&amp;codMenuSN=103\u00a0<\/a><\/p>\n<p>ExtraJaen. (2024). La capital a\u00fana arte, patrimonio y gastronom\u00eda en el festival Mudejart. <em>ExtraJaen<\/em>. Recuperado de <a href=\"https:\/\/extrajaen.com\/cultura\/la-capital-auna-arte-patrimonio-y-gastronomia-en-el-festival-mudejart\">https:\/\/extrajaen.com\/cultura\/la-capital-auna-arte-patrimonio-y-gastronomia-en-el-festival-mudejart<\/a><\/p>\n<p>Ja\u00e9n Hoy. (s.f.). Mudejart: talleres de creatividad en el Sal\u00f3n Mud\u00e9jar del Palacio del Condestable Iranzo. Recuperado de <a href=\"https:\/\/www.jaenhoy.es\/ocio\/Mudejart-Mudejar-Palacio-Condestable-Iranzo-talleres-creatividad-arte-ninos-adultos-familia-infantil-inscripcion-quehacer-agenda-ocio-cultura-taller-curso-ceramica-velas-pintura_0_1900310614.html\">https:\/\/www.jaenhoy.es\/ocio\/Mudejart-Mudejar-Palacio-Condestable-Iranzo-talleres-creatividad-arte-ninos-adultos-familia-infantil-inscripcion-quehacer-agenda-ocio-cultura-taller-curso-ceramica-velas-pintura_0_1900310614.html\u00a0<\/a><\/p>\n<p>La Contra de Ja\u00e9n. (s.f.). Mudejart propone un mosaico de talleres durante mayo. Recuperado de <a href=\"https:\/\/lacontradejaen.eldiario.es\/mudejart-talleres-salon-mudejar-mayo-jaen\/\">https:\/\/lacontradejaen.eldiario.es\/mudejart-talleres-salon-mudejar-mayo-jaen\/<\/a><\/p>\n","protected":false},"excerpt":{"rendered":"<p>El pasado s\u00e1bado, en el patio del Sal\u00f3n Mud\u00e9jar de Ja\u00e9n, se inaugur\u00f3 un evento \u00fanico: Mudejart, un festival de arte y artesan\u00eda que ha sido el resultado de la colaboraci\u00f3n entre la concejal de Cultura, Turismo y Patrimonio Hist\u00f3rico, Mar\u00eda Espejo, la empresa Intranerso representada por Marta Ram\u00edrez, y otras entidades como el Patronato [&hellip;]<\/p>\n","protected":false},"author":128,"featured_media":8531,"comment_status":"open","ping_status":"open","sticky":false,"template":"","format":"standard","meta":{"_acf_changed":false,"_monsterinsights_skip_tracking":false,"_monsterinsights_sitenote_active":false,"_monsterinsights_sitenote_note":"","_monsterinsights_sitenote_category":0,"footnotes":""},"categories":[306],"tags":[14,1071,346,818,48,353],"class_list":["post-8523","post","type-post","status-publish","format-standard","has-post-thumbnail","hentry","category-jaen","tag-gastronomia","tag-mudejart","tag-patrimoniocultural","tag-actividades","tag-eventos","tag-jaen"],"blocksy_meta":[],"acf":[],"jetpack_featured_media_url":"https:\/\/www.upo.es\/patio-colorado\/wp-content\/uploads\/2024\/05\/descarga.jpeg","_links":{"self":[{"href":"https:\/\/www.upo.es\/patio-colorado\/wp-json\/wp\/v2\/posts\/8523","targetHints":{"allow":["GET"]}}],"collection":[{"href":"https:\/\/www.upo.es\/patio-colorado\/wp-json\/wp\/v2\/posts"}],"about":[{"href":"https:\/\/www.upo.es\/patio-colorado\/wp-json\/wp\/v2\/types\/post"}],"author":[{"embeddable":true,"href":"https:\/\/www.upo.es\/patio-colorado\/wp-json\/wp\/v2\/users\/128"}],"replies":[{"embeddable":true,"href":"https:\/\/www.upo.es\/patio-colorado\/wp-json\/wp\/v2\/comments?post=8523"}],"version-history":[{"count":5,"href":"https:\/\/www.upo.es\/patio-colorado\/wp-json\/wp\/v2\/posts\/8523\/revisions"}],"predecessor-version":[{"id":8530,"href":"https:\/\/www.upo.es\/patio-colorado\/wp-json\/wp\/v2\/posts\/8523\/revisions\/8530"}],"wp:featuredmedia":[{"embeddable":true,"href":"https:\/\/www.upo.es\/patio-colorado\/wp-json\/wp\/v2\/media\/8531"}],"wp:attachment":[{"href":"https:\/\/www.upo.es\/patio-colorado\/wp-json\/wp\/v2\/media?parent=8523"}],"wp:term":[{"taxonomy":"category","embeddable":true,"href":"https:\/\/www.upo.es\/patio-colorado\/wp-json\/wp\/v2\/categories?post=8523"},{"taxonomy":"post_tag","embeddable":true,"href":"https:\/\/www.upo.es\/patio-colorado\/wp-json\/wp\/v2\/tags?post=8523"}],"curies":[{"name":"wp","href":"https:\/\/api.w.org\/{rel}","templated":true}]}}