{"id":8532,"date":"2024-05-15T15:43:13","date_gmt":"2024-05-15T15:43:13","guid":{"rendered":"https:\/\/www.upo.es\/patio-colorado\/?p=8532"},"modified":"2024-05-15T15:43:13","modified_gmt":"2024-05-15T15:43:13","slug":"queipo-de-llano-desahuciado","status":"publish","type":"post","link":"https:\/\/www.upo.es\/patio-colorado\/2024\/05\/15\/queipo-de-llano-desahuciado\/","title":{"rendered":"Queipo de Llano, \u00a1desahuciado!"},"content":{"rendered":"<p>Toda casa tiene sus fantasmas y, desgraciadamente, el nombre de Queipo de Llano a\u00fan resuena en una Andaluc\u00eda que reivindica justicia. Ya en 2022, durante la madrugada del jueves 3 de noviembre, sus restos fueron exhumados de la bas\u00edlica de La Macarena, uno de los principales s\u00edmbolos de la capital hispalense. Esta medida se pudo tomar gracias a la nueva Ley de Memoria Democr\u00e1tica y, c\u00f3mo no, fue criticada por alg\u00fan desencantado (y desalmado) como Francisco Contreras, diputado de Vox, en cuya balanza moral parece que pesa m\u00e1s el hecho de no perturbar \u00abel reposo de los muertos\u00bb, que ser responsable de m\u00e1s de 45 000 fusilamientos.<\/p>\n<p>Sin embargo, se debe agradecer y destacar el hecho de que las voces que m\u00e1s repercuten en esta cuesti\u00f3n persiguen la justicia social, sin necesidad de estar ligadas a ning\u00fan tipo de ideolog\u00eda, pues es algo que va incluso m\u00e1s all\u00e1, un ejercicio de empat\u00eda y verdad. As\u00ed pues, este lunes 13 de mayo, la plataforma cortijo Gambogaz ha solicitado una reuni\u00f3n con la delegaci\u00f3n del Gobierno para considerar \u00abplantear ante los Tribunales de Justicia la remisi\u00f3n al Patrimonio P\u00fablico del cortijo Gambogaz\u00bb. En el comunicado publicado por la plataforma, aseguran que sus investigaciones les permiten demostrar con documentaci\u00f3n fiable la fraudulenta adquisici\u00f3n (y usufructo, pues se utiliz\u00f3 como campo de concentraci\u00f3n) del inmueble por parte de Queipo de Llano.<\/p>\n<p>Situado en las proximidades de Camas, este cortijo destaca art\u00edsticamente por su torre de estilo g\u00f3tico-mud\u00e9jar, declarada como Bien de Inter\u00e9s Cultural (BIC). No obstante, desde el punto de vista patrimonial, su aportaci\u00f3n tambi\u00e9n podr\u00eda ser muy enriquecedora, si tenemos en cuenta los siguientes motivos. Por un lado, se har\u00eda justicia, y con ello se reafirmar\u00eda uno de los principales valores identitarios de cualquier sociedad democr\u00e1tica, ya que conduce a un ejercicio de reflexi\u00f3n y an\u00e1lisis hist\u00f3rico muy necesario en un mundo cada vez m\u00e1s polarizado. Por otro lado, el propio edificio podr\u00eda reacondicionarse de manera que consiga inducir al p\u00fablico hasta este ejercicio que menciono, convirti\u00e9ndose en un espacio donde se haga honor a todos aquellos inocentes que perdieron all\u00ed su vida.<\/p>\n<p>En muchas ocasiones la vida no es justa y, por consiguiente, la historia tampoco, pero no por ello debemos resignarnos, olvidar y seguir. Como habitantes del presente, el patrimonio se convierte en nuestra responsabilidad, por lo que esta acci\u00f3n ha de culminarse con otra de muchas victorias en homenaje a todos aquellos antepasados cuya voz apagaron injustamente.<\/p>\n<p>&nbsp;<\/p>\n<h5>Fuentes consultadas:<\/h5>\n<p>Bocanegra, R. (2024, 13 de mayo). <em>Una plataforma memorialista presiona para que el cortijo de Queipo de Llano en Sevilla pase al patrimonio p\u00fablico.<\/em> P\u00fablico. <a href=\"https:\/\/www.publico.es\/politica\/plataforma-memorialista-presiona-cortijo-queipo-llano-sevilla-pase-patrimonio-publico.html\">https:\/\/www.publico.es\/politica\/plataforma-memorialista-presiona-cortijo-queipo-llano-sevilla-pase-patrimonio-publico.html<\/a><\/p>\n<p>El Rastreador (2022, 25 de octubre).\u00a0<em>Un diputado de Vox alaba la \u201caudacia\u201d del golpista Queipo de Llano.\u00a0<\/em>El Diario. <a href=\"https:\/\/www.eldiario.es\/rastreador\/diputado-vox-alaba-audacia-golpista-queipo-llano_132_9653818.html\">https:\/\/www.eldiario.es\/rastreador\/diputado-vox-alaba-audacia-golpista-queipo-llano_132_9653818.html<\/a><\/p>\n<p>Geniz, Diego J. (2022, 3 de noviembre).\u00a0<em>La exhumaci\u00f3n de Queipo de Llano de la Macarena: cronolog\u00eda de una pol\u00e9mica alargada en el tiempo<\/em>. Diario de Sevilla. <a href=\"https:\/\/www.diariodesevilla.es\/sevilla\/queipo-llano-Macarena-exhumacion-cronologia-polemica_0_1732327024.html\">https:\/\/www.diariodesevilla.es\/sevilla\/queipo-llano-Macarena-exhumacion-cronologia-polemica_0_1732327024.html\u00a0<\/a><\/p>\n<p>Tortosa, J. (2023, 20 de febrero).\u00a0<em>Sobre Gambogaz, el \u201cpazo\u201d andaluz de Queipo de Llano.\u00a0<\/em>Confidencial Andaluz. <a href=\"https:\/\/confidencialandaluz.com\/sobre-gambogaz-el-pazo-andaluz-de-queipo-de-llano\/\">https:\/\/confidencialandaluz.com\/sobre-gambogaz-el-pazo-andaluz-de-queipo-de-llano\/<\/a><\/p>\n<p>&nbsp;<\/p>\n<p>&nbsp;<\/p>\n","protected":false},"excerpt":{"rendered":"<p>Toda casa tiene sus fantasmas y, desgraciadamente, el nombre de Queipo de Llano a\u00fan resuena en una Andaluc\u00eda que reivindica justicia. Ya en 2022, durante la madrugada del jueves 3 de noviembre, sus restos fueron exhumados de la bas\u00edlica de La Macarena, uno de los principales s\u00edmbolos de la capital hispalense. Esta medida se pudo [&hellip;]<\/p>\n","protected":false},"author":134,"featured_media":8540,"comment_status":"open","ping_status":"open","sticky":false,"template":"","format":"standard","meta":{"_acf_changed":false,"_monsterinsights_skip_tracking":false,"_monsterinsights_sitenote_active":false,"_monsterinsights_sitenote_note":"","_monsterinsights_sitenote_category":0,"footnotes":""},"categories":[45,46,171],"tags":[],"class_list":["post-8532","post","type-post","status-publish","format-standard","has-post-thumbnail","hentry","category-boletin-colorao","category-en-la-prensa","category-opinion"],"blocksy_meta":[],"acf":[],"jetpack_featured_media_url":"https:\/\/www.upo.es\/patio-colorado\/wp-content\/uploads\/2024\/05\/cortijogambogaz.webp","_links":{"self":[{"href":"https:\/\/www.upo.es\/patio-colorado\/wp-json\/wp\/v2\/posts\/8532","targetHints":{"allow":["GET"]}}],"collection":[{"href":"https:\/\/www.upo.es\/patio-colorado\/wp-json\/wp\/v2\/posts"}],"about":[{"href":"https:\/\/www.upo.es\/patio-colorado\/wp-json\/wp\/v2\/types\/post"}],"author":[{"embeddable":true,"href":"https:\/\/www.upo.es\/patio-colorado\/wp-json\/wp\/v2\/users\/134"}],"replies":[{"embeddable":true,"href":"https:\/\/www.upo.es\/patio-colorado\/wp-json\/wp\/v2\/comments?post=8532"}],"version-history":[{"count":1,"href":"https:\/\/www.upo.es\/patio-colorado\/wp-json\/wp\/v2\/posts\/8532\/revisions"}],"predecessor-version":[{"id":8541,"href":"https:\/\/www.upo.es\/patio-colorado\/wp-json\/wp\/v2\/posts\/8532\/revisions\/8541"}],"wp:featuredmedia":[{"embeddable":true,"href":"https:\/\/www.upo.es\/patio-colorado\/wp-json\/wp\/v2\/media\/8540"}],"wp:attachment":[{"href":"https:\/\/www.upo.es\/patio-colorado\/wp-json\/wp\/v2\/media?parent=8532"}],"wp:term":[{"taxonomy":"category","embeddable":true,"href":"https:\/\/www.upo.es\/patio-colorado\/wp-json\/wp\/v2\/categories?post=8532"},{"taxonomy":"post_tag","embeddable":true,"href":"https:\/\/www.upo.es\/patio-colorado\/wp-json\/wp\/v2\/tags?post=8532"}],"curies":[{"name":"wp","href":"https:\/\/api.w.org\/{rel}","templated":true}]}}