{"id":8533,"date":"2024-05-15T14:59:42","date_gmt":"2024-05-15T14:59:42","guid":{"rendered":"https:\/\/www.upo.es\/patio-colorado\/?p=8533"},"modified":"2024-05-15T14:59:42","modified_gmt":"2024-05-15T14:59:42","slug":"dia-internacional-de-los-museos-en-andalucia-museos-por-la-educacion-y-la-investigacion","status":"publish","type":"post","link":"https:\/\/www.upo.es\/patio-colorado\/2024\/05\/15\/dia-internacional-de-los-museos-en-andalucia-museos-por-la-educacion-y-la-investigacion\/","title":{"rendered":"D\u00eda Internacional de los Museos en Andaluc\u00eda: \u00abMuseos por la educaci\u00f3n y la investigaci\u00f3n\u00bb"},"content":{"rendered":"<p>Andaluc\u00eda se prepara para celebrar el <strong>D\u00eda Internacional de los Museos<\/strong> el 18 de mayo con una abundante oferta de actividades culturales en los centros p\u00fablicos bajo la tutela de la Junta. Este a\u00f1o, bajo el lema \u00abMuseos por la educaci\u00f3n y la investigaci\u00f3n\u00bb, se destaca el papel esencial de estas instituciones en la provisi\u00f3n de una experiencia educativa integral. En 2024, se subraya especialmente la contribuci\u00f3n de los museos a la investigaci\u00f3n, sirviendo como plataforma para la exploraci\u00f3n y difusi\u00f3n de nuevas ideas.<\/p>\n<p>El consejero de Turismo, Cultura y Deporte, <strong>Arturo Bernal<\/strong>, enfatiz\u00f3 el papel inclusivo de los museos como agentes culturales que acercan la cultura y fomentan el conocimiento. Este compromiso se refleja en su dedicaci\u00f3n a incorporar a las nuevas generaciones mediante enfoques educativos y la aplicaci\u00f3n de las \u00faltimas tecnolog\u00edas para ofrecer un contenido diverso y accesible para todos los ciudadanos de Andaluc\u00eda.<\/p>\n<p>Para conmemorar esta ocasi\u00f3n, se ha organizado una variada programaci\u00f3n durante todo el mes de mayo en las ocho provincias andaluzas. Estas actividades no se limitan solo a los museos, sino que tambi\u00e9n se extienden a entidades culturales y a los conjuntos y enclaves arqueol\u00f3gicos bajo la tutela de la <strong>Consejer\u00eda de Turismo, Cultura y Deporte<\/strong>.<\/p>\n<p>&nbsp;<\/p>\n<p>En <strong>Sevilla<\/strong>, la celebraci\u00f3n del D\u00eda Internacional de los Museos trae consigo una serie de eventos emocionantes. El <strong>Museo Arqueol\u00f3gico<\/strong> abrir\u00e1 sus puertas al Centro Log\u00edstico del Patrimonio Cultural durante la ma\u00f1ana del s\u00e1bado 18 de mayo, ofreciendo a los visitantes una mirada entre bastidores. Por otro lado, el <strong>Museo de Artes y Costumbres Populares<\/strong> invita a participar en talleres de cester\u00eda y yeser\u00eda, que exploran las tradiciones artesanales de la regi\u00f3n, tanto en la ma\u00f1ana como en la tarde.<\/p>\n<p>En el <strong>Museo de Bellas Artes<\/strong> de Sevilla, se inaugurar\u00e1 la exposici\u00f3n \u00abCristo atado a la columna\u00bb de Cornelio Schut el viernes 17 de mayo, seguida de una conferencia titulada \u00abMirar un cuadro\u00bb el domingo 19 de mayo, centrada en la obra del artista y la reciente donaci\u00f3n de su trabajo. Adem\u00e1s, el mismo d\u00eda de la efem\u00e9ride, habr\u00e1 una visita guiada por los \u00abTesoros del Museo de Bellas Artes de Sevilla\u00bb, destacando la persistencia del Costumbrismo en varias obras significativas.<\/p>\n<p>El <strong>conjunto arqueol\u00f3gico de Carmona<\/strong> ofrece una experiencia \u00fanica para familias con visitas teatralizadas los d\u00edas 18 y 25 de mayo, coincidiendo con el 139\u00ba aniversario de la primera visita a un enclave arqueol\u00f3gico en Espa\u00f1a en 1885. En el <strong>conjunto arqueol\u00f3gico de It\u00e1lica<\/strong>, se llevar\u00e1 a cabo el taller \u00abEstrellas de Ptolomeo\u00bb durante la ma\u00f1ana del s\u00e1bado 18.<\/p>\n<p>El <strong>Centro Andaluz de Arte Contempor\u00e1neo<\/strong> se une a la celebraci\u00f3n con actividades gratuitas relacionadas con la exposici\u00f3n temporal \u00abTerritorios. Arte contempor\u00e1neo latinoamericano en la Colecci\u00f3n Jorge M. P\u00e9rez\u00bb. Tambi\u00e9n se ofrecer\u00e1n visitas comentadas adaptadas a diferentes niveles, con talleres para familias y grupos con ni\u00f1os entre 4 y 12 a\u00f1os.<\/p>\n<p>&nbsp;<\/p>\n<p>Bibliograf\u00eda<\/p>\n<p>Consejer\u00eda de Turismo, Cultura y Deporte (2024). El D\u00eda de los Museos llena Andaluc\u00eda de propuestas de arte, m\u00fasica y cultura durante el mes de mayo. <em>Junta de Andaluc\u00eda<\/em>. <a href=\"https:\/\/www.juntadeandalucia.es\/presidencia\/portavoz\/cultura\/193142\/DiaInternacionaldelosMuseos\/programacion\/visitasguiadas\/talleres\/arte\/musica\/arqueologia\/conocimiento\/ConsejeriadeTurismo\/CulturayDeporte\">https:\/\/www.juntadeandalucia.es\/presidencia\/portavoz\/cultura\/193142\/DiaInternacionaldelosMuseos\/programacion\/visitasguiadas\/talleres\/arte\/musica\/arqueologia\/conocimiento\/ConsejeriadeTurismo\/CulturayDeporte<\/a><\/p>\n<p>Gay\u00e1n, A (2024). Actividades gratuitas por el D\u00eda de los Museos en Sevilla en 2024: esta es la programaci\u00f3n completa. <em>ABC<\/em>. <a href=\"https:\/\/www.abc.es\/queplan\/sevilla\/museos-exposiciones\/actividades-gratuitas-dia-museos-sevilla-2024-programacion-20240515144945-nts.html\">https:\/\/www.abc.es\/queplan\/sevilla\/museos-exposiciones\/actividades-gratuitas-dia-museos-sevilla-2024-programacion-20240515144945-nts.html<\/a><\/p>\n<p>&nbsp;<\/p>\n","protected":false},"excerpt":{"rendered":"<p>Andaluc\u00eda se prepara para celebrar el D\u00eda Internacional de los Museos el 18 de mayo con una abundante oferta de actividades culturales en los centros p\u00fablicos bajo la tutela de la Junta. Este a\u00f1o, bajo el lema \u00abMuseos por la educaci\u00f3n y la investigaci\u00f3n\u00bb, se destaca el papel esencial de estas instituciones en la provisi\u00f3n [&hellip;]<\/p>\n","protected":false},"author":146,"featured_media":8535,"comment_status":"open","ping_status":"open","sticky":false,"template":"","format":"standard","meta":{"_acf_changed":false,"_monsterinsights_skip_tracking":false,"_monsterinsights_sitenote_active":false,"_monsterinsights_sitenote_note":"","_monsterinsights_sitenote_category":0,"footnotes":""},"categories":[1],"tags":[1073,1072,560,6],"class_list":["post-8533","post","type-post","status-publish","format-standard","has-post-thumbnail","hentry","category-sin-categoria","tag-consejeria-de-turismo-cultura-y-deporte","tag-dia-internacional-de-los-museos","tag-museos","tag-sevilla"],"blocksy_meta":[],"acf":[],"jetpack_featured_media_url":"https:\/\/www.upo.es\/patio-colorado\/wp-content\/uploads\/2024\/05\/1920x1080_tenerife_museo-municipal-de-bellas-artes_1_gallery_desktop.jpg","_links":{"self":[{"href":"https:\/\/www.upo.es\/patio-colorado\/wp-json\/wp\/v2\/posts\/8533","targetHints":{"allow":["GET"]}}],"collection":[{"href":"https:\/\/www.upo.es\/patio-colorado\/wp-json\/wp\/v2\/posts"}],"about":[{"href":"https:\/\/www.upo.es\/patio-colorado\/wp-json\/wp\/v2\/types\/post"}],"author":[{"embeddable":true,"href":"https:\/\/www.upo.es\/patio-colorado\/wp-json\/wp\/v2\/users\/146"}],"replies":[{"embeddable":true,"href":"https:\/\/www.upo.es\/patio-colorado\/wp-json\/wp\/v2\/comments?post=8533"}],"version-history":[{"count":1,"href":"https:\/\/www.upo.es\/patio-colorado\/wp-json\/wp\/v2\/posts\/8533\/revisions"}],"predecessor-version":[{"id":8537,"href":"https:\/\/www.upo.es\/patio-colorado\/wp-json\/wp\/v2\/posts\/8533\/revisions\/8537"}],"wp:featuredmedia":[{"embeddable":true,"href":"https:\/\/www.upo.es\/patio-colorado\/wp-json\/wp\/v2\/media\/8535"}],"wp:attachment":[{"href":"https:\/\/www.upo.es\/patio-colorado\/wp-json\/wp\/v2\/media?parent=8533"}],"wp:term":[{"taxonomy":"category","embeddable":true,"href":"https:\/\/www.upo.es\/patio-colorado\/wp-json\/wp\/v2\/categories?post=8533"},{"taxonomy":"post_tag","embeddable":true,"href":"https:\/\/www.upo.es\/patio-colorado\/wp-json\/wp\/v2\/tags?post=8533"}],"curies":[{"name":"wp","href":"https:\/\/api.w.org\/{rel}","templated":true}]}}