{"id":854,"date":"2020-04-11T10:55:51","date_gmt":"2020-04-11T10:55:51","guid":{"rendered":"https:\/\/www.upo.es\/patio-colorado\/?p=854"},"modified":"2020-04-11T10:55:51","modified_gmt":"2020-04-11T10:55:51","slug":"apagon-cultural-de-48-horas","status":"publish","type":"post","link":"https:\/\/www.upo.es\/patio-colorado\/2020\/04\/11\/apagon-cultural-de-48-horas\/","title":{"rendered":"Apag\u00f3n cultural de 48 horas"},"content":{"rendered":"<p>El sector de la cultura se ha convertido en uno de los sectores m\u00e1s afectados por la crisis de coronavirus tras las declaraciones del ministro de cultura, Jos\u00e9 Manuel Rodr\u00edguez Uribe. En una comparecencia p\u00fablica del pasado martes parafrase\u00f3 a Orson Welles afirmando que \u00abprimero la vida y despu\u00e9s el cine\u00bb. El ministro no ofreci\u00f3 ninguna soluci\u00f3n a la grave crisis en la que se encuentra el sector cultural en estos duros momentos.<\/p>\n<p>Las palabras de Rodr\u00edguez Uribe recibieron numerosas respuestas por parte de asociaciones y centros culturales, actores y artistas. Tanto es as\u00ed que las asociaciones han comenzado a firmar comunicados para exigir medidas inmediatas, llamando incluso a un apag\u00f3n cultural de 48 horas. A esta propuesta se han sumado sindicatos de actores y m\u00fasicos, el Teatro del Barrio y el Teatro Kamikaze de Madrid, el Ateneu de 9 Barris, que descuelga de la red su circo, los teatros Gaud\u00ed, Mald\u00e0, Antic y Flyhard, la compa\u00f1\u00eda La Cal\u00f2rica. la Sala Trono de Tarragona, Microteatro en Casa, las Productoras Independientes Audioviduales Federadas y la Asociaci\u00f3n de la Industria del Cortometraje.<\/p>\n<p><img loading=\"lazy\" decoding=\"async\" class=\" wp-image-856 aligncenter\" src=\"https:\/\/www.upo.es\/patio-colorado\/wp-content\/uploads\/2020\/04\/48-horas-2-300x169.png\" alt=\"\" width=\"353\" height=\"199\" srcset=\"https:\/\/www.upo.es\/patio-colorado\/wp-content\/uploads\/2020\/04\/48-horas-2-300x169.png 300w, https:\/\/www.upo.es\/patio-colorado\/wp-content\/uploads\/2020\/04\/48-horas-2.png 656w\" sizes=\"auto, (max-width: 353px) 100vw, 353px\" \/><\/p>\n<p>La indignaci\u00f3n ha sido a\u00fan mayor al publicarse las ayudas que el sector del deporte s\u00ed recibir\u00e1. Las federaciones deportivas contar\u00e1n con un apoyo econ\u00f3mico de 50 millones de euros, dejando al otro sector de este ministerio sin recurso alguno. En el lado opuesto se encuentra Alemania, donde han posicionado la cultura como un bien de primera necesidad, por lo que recibir\u00e1 liquidez ilimitada. Las asociaciones culturales espa\u00f1olas han tomado este ejemplo para reivindicar el papel tan fundamental que est\u00e1 ejerciendo la cultura en estos duros d\u00edas de cuarentena. Numerosos artistas han demostrado una inmensa solidaridad para con la poblaci\u00f3n espa\u00f1ola, compartiendo infinitas obras en las redes sociales y plataformas <em>online<\/em> de manera gratuita y voluntaria.<\/p>\n<p>No obstante, las afirmaciones del ministro Rodr\u00edguez Uribe no se pasaron por alto y los defensores de la cultura han ido m\u00e1s all\u00e1. El mi\u00e9rcoles la Academia Catalana de la M\u00fasica, que agrupa a cuarenta asociaciones y centros culturales, pidi\u00f3 la dimisi\u00f3n del ministro. Por lo pronto, las asociaciones de trabajadores y las compa\u00f1\u00edas art\u00edsticas, as\u00ed como salas peque\u00f1as, han alzado su voz y reivindican una soluci\u00f3n r\u00e1pida bajo el <em>hashtag <\/em>#Apag\u00f3nCultural, una pausa de la cultura que dura este viernes y s\u00e1bado. El fin es conseguir que se tomen medidas urgentes para rescatar a un sector que siempre se ha visto con grandes dificultades y poco apoyo econ\u00f3mico.<\/p>\n<p>(Informaci\u00f3n e imagen de portada recogidas del peri\u00f3dico La Vanguardia)<\/p>\n","protected":false},"excerpt":{"rendered":"<p>El sector de la cultura se ha convertido en uno de los sectores m\u00e1s afectados por la crisis de coronavirus tras las declaraciones del ministro de cultura, Jos\u00e9 Manuel Rodr\u00edguez Uribe. En una comparecencia p\u00fablica del pasado martes parafrase\u00f3 a Orson Welles afirmando que \u00abprimero la vida y despu\u00e9s el cine\u00bb. El ministro no ofreci\u00f3 [&hellip;]<\/p>\n","protected":false},"author":3,"featured_media":855,"comment_status":"open","ping_status":"open","sticky":false,"template":"","format":"standard","meta":{"_acf_changed":false,"_monsterinsights_skip_tracking":false,"_monsterinsights_sitenote_active":false,"_monsterinsights_sitenote_note":"","_monsterinsights_sitenote_category":0,"footnotes":""},"categories":[45],"tags":[154],"class_list":["post-854","post","type-post","status-publish","format-standard","has-post-thumbnail","hentry","category-boletin-colorao","tag-apagon-cultural"],"blocksy_meta":[],"acf":[],"jetpack_featured_media_url":"https:\/\/www.upo.es\/patio-colorado\/wp-content\/uploads\/2020\/04\/48-horas.jpg","_links":{"self":[{"href":"https:\/\/www.upo.es\/patio-colorado\/wp-json\/wp\/v2\/posts\/854","targetHints":{"allow":["GET"]}}],"collection":[{"href":"https:\/\/www.upo.es\/patio-colorado\/wp-json\/wp\/v2\/posts"}],"about":[{"href":"https:\/\/www.upo.es\/patio-colorado\/wp-json\/wp\/v2\/types\/post"}],"author":[{"embeddable":true,"href":"https:\/\/www.upo.es\/patio-colorado\/wp-json\/wp\/v2\/users\/3"}],"replies":[{"embeddable":true,"href":"https:\/\/www.upo.es\/patio-colorado\/wp-json\/wp\/v2\/comments?post=854"}],"version-history":[{"count":1,"href":"https:\/\/www.upo.es\/patio-colorado\/wp-json\/wp\/v2\/posts\/854\/revisions"}],"predecessor-version":[{"id":857,"href":"https:\/\/www.upo.es\/patio-colorado\/wp-json\/wp\/v2\/posts\/854\/revisions\/857"}],"wp:featuredmedia":[{"embeddable":true,"href":"https:\/\/www.upo.es\/patio-colorado\/wp-json\/wp\/v2\/media\/855"}],"wp:attachment":[{"href":"https:\/\/www.upo.es\/patio-colorado\/wp-json\/wp\/v2\/media?parent=854"}],"wp:term":[{"taxonomy":"category","embeddable":true,"href":"https:\/\/www.upo.es\/patio-colorado\/wp-json\/wp\/v2\/categories?post=854"},{"taxonomy":"post_tag","embeddable":true,"href":"https:\/\/www.upo.es\/patio-colorado\/wp-json\/wp\/v2\/tags?post=854"}],"curies":[{"name":"wp","href":"https:\/\/api.w.org\/{rel}","templated":true}]}}