{"id":8549,"date":"2024-05-16T15:50:02","date_gmt":"2024-05-16T15:50:02","guid":{"rendered":"https:\/\/www.upo.es\/patio-colorado\/?p=8549"},"modified":"2024-05-16T15:53:43","modified_gmt":"2024-05-16T15:53:43","slug":"ellas-tambien-crean-i-ciclo-de-mujeres-creadoras-en-patrimonio-cultural","status":"publish","type":"post","link":"https:\/\/www.upo.es\/patio-colorado\/2024\/05\/16\/ellas-tambien-crean-i-ciclo-de-mujeres-creadoras-en-patrimonio-cultural\/","title":{"rendered":"\u00abEllas Tambi\u00e9n Crean\u00bb, I Ciclo de Mujeres Creadoras en Patrimonio Cultural"},"content":{"rendered":"<p>Durante los \u00faltimos a\u00f1os, cada vez son m\u00e1s las iniciativas que se hacen un hueco en los espacios institucionales para favorecer nuestra evoluci\u00f3n como sociedad, y cuyo objetivo principal es promover dos valores muy necesarios en este siglo XXI: la igualdad de g\u00e9nero y la sostenibilidad. Si compart\u00eds esta visi\u00f3n, os invito a conocer \u00abEllas Tambi\u00e9n Crean\u00bb, el I Ciclo de Mujeres Creadoras en Patrimonio Cultural, organizado por la Universidad de Sevilla y el Instituto Andaluz del Patrimonio Hist\u00f3rico, que dar\u00e1 comienzo este mismo mes.<\/p>\n<p>El programa est\u00e1 conformado por un total de siete sesiones, las tres primeras se celebrar\u00e1n en la Biblioteca IAPH antes de que finalice del curso (23 y 29 de mayo, 20 de junio) y tratar\u00e1n tem\u00e1ticas relacionadas con la elaboraci\u00f3n de prendas. La primera de estas mujeres es M\u00aa Jos\u00e9 S\u00e1nchez Espinar, quien ofrecer\u00e1 una charla acerca del bordado de mantones, y tan solo seis d\u00edas despu\u00e9s, Tamara Carvajal hablar\u00e1 de su experiencia con la sombrerer\u00eda y los tocados artesanales. Posteriormente, M\u00aa \u00c1ngeles Infante se encargar\u00e1 de ilustrarnos en el arte del punto y el ganchillo, una actividad que podr\u00eda ser perfecta para el verano (y para curar algunos efectos que tiene vivir en la era de la instantaneidad).<\/p>\n<p>Bueno, y no os pens\u00e9is que termina ah\u00ed, porque con el inicio del nuevo curso llegan las cuatro sesiones restantes que tendr\u00e1n lugar los d\u00edas 26 de septiembre (Facultad de Bellas Artes), 17 y 24 de octubre (Facultad de Bellas Artes) y 21 de noviembre (Biblioteca IPAH). De este modo, Camila Puya de Arcos continuar\u00e1 esta serie de conferencias presentando la t\u00e9cnica de pintura sobre seda, seguida de Alicia Gamero Tenorio y su involucraci\u00f3n en el mundo de la creaci\u00f3n cer\u00e1mica. Este primer ciclo llegar\u00e1 a su fin con las sesiones de M\u00aa Pilar Rodr\u00edguez Rivas, quien se centrar\u00e1 en la elaboraci\u00f3n de papel artesanal, y Sonia Camacho Muriel, dedicada a la joyer\u00eda contempor\u00e1nea.<\/p>\n<p>La entrada es libre hasta completar el aforo, por lo que es una actividad estupenda para aprender durante dos horas acerca de oportunidades de negocio sostenible ligadas a la artesan\u00eda, adem\u00e1s de conocer las experiencias personales de estas mujeres en el sector. Me despido, pero antes os dejo el enlace al <a href=\"https:\/\/www.us.es\/eventos\/agenda\/i-ciclo-de-mujeres-creadoras-en-patrimonio-cultural\">cartel<\/a>. \u00a1Espero que esta iniciativa haya despertado vuestra curiosidad!<\/p>\n<p>&nbsp;<\/p>\n<h5>Fuentes consultadas:<\/h5>\n<p>EuropaPress. (2024, 15 de mayo).\u00a0<em>Andaluc\u00eda resalta el legado de artesanas y artistas en el I Ciclo de Mujeres Creadoras en Patrimonio Cultural del IPAH. <\/em><a href=\"https:\/\/www.europapress.es\/esandalucia\/sevilla\/noticia-andalucia-resalta-legado-artesanas-artistas-ciclo-mujeres-creadoras-patrimonio-cultural-iaph-20240515134025.html\">https:\/\/www.europapress.es\/esandalucia\/sevilla\/noticia-andalucia-resalta-legado-artesanas-artistas-ciclo-mujeres-creadoras-patrimonio-cultural-iaph-20240515134025.html<\/a><\/p>\n<p>Universidad de Sevilla. (2024).\u00a0<em>I Ciclo de Mujeres Creadoras en Patrimonio Cultural. <\/em><a href=\"https:\/\/www.us.es\/eventos\/agenda\/i-ciclo-de-mujeres-creadoras-en-patrimonio-cultural\">https:\/\/www.us.es\/eventos\/agenda\/i-ciclo-de-mujeres-creadoras-en-patrimonio-cultural<\/a><\/p>\n<p>&nbsp;<\/p>\n<p>&nbsp;<\/p>\n","protected":false},"excerpt":{"rendered":"<p>Durante los \u00faltimos a\u00f1os, cada vez son m\u00e1s las iniciativas que se hacen un hueco en los espacios institucionales para favorecer nuestra evoluci\u00f3n como sociedad, y cuyo objetivo principal es promover dos valores muy necesarios en este siglo XXI: la igualdad de g\u00e9nero y la sostenibilidad. Si compart\u00eds esta visi\u00f3n, os invito a conocer \u00abEllas [&hellip;]<\/p>\n","protected":false},"author":134,"featured_media":8561,"comment_status":"open","ping_status":"open","sticky":false,"template":"","format":"standard","meta":{"_acf_changed":false,"_monsterinsights_skip_tracking":false,"_monsterinsights_sitenote_active":false,"_monsterinsights_sitenote_note":"","_monsterinsights_sitenote_category":0,"footnotes":""},"categories":[45,12,23,301],"tags":[],"class_list":["post-8549","post","type-post","status-publish","format-standard","has-post-thumbnail","hentry","category-boletin-colorao","category-eventos","category-patrimonio-vivo","category-sevilla"],"blocksy_meta":[],"acf":[],"jetpack_featured_media_url":"https:\/\/www.upo.es\/patio-colorado\/wp-content\/uploads\/2024\/05\/pexels-natallia-rak-784231-1675993-scaled.jpg","_links":{"self":[{"href":"https:\/\/www.upo.es\/patio-colorado\/wp-json\/wp\/v2\/posts\/8549","targetHints":{"allow":["GET"]}}],"collection":[{"href":"https:\/\/www.upo.es\/patio-colorado\/wp-json\/wp\/v2\/posts"}],"about":[{"href":"https:\/\/www.upo.es\/patio-colorado\/wp-json\/wp\/v2\/types\/post"}],"author":[{"embeddable":true,"href":"https:\/\/www.upo.es\/patio-colorado\/wp-json\/wp\/v2\/users\/134"}],"replies":[{"embeddable":true,"href":"https:\/\/www.upo.es\/patio-colorado\/wp-json\/wp\/v2\/comments?post=8549"}],"version-history":[{"count":3,"href":"https:\/\/www.upo.es\/patio-colorado\/wp-json\/wp\/v2\/posts\/8549\/revisions"}],"predecessor-version":[{"id":8565,"href":"https:\/\/www.upo.es\/patio-colorado\/wp-json\/wp\/v2\/posts\/8549\/revisions\/8565"}],"wp:featuredmedia":[{"embeddable":true,"href":"https:\/\/www.upo.es\/patio-colorado\/wp-json\/wp\/v2\/media\/8561"}],"wp:attachment":[{"href":"https:\/\/www.upo.es\/patio-colorado\/wp-json\/wp\/v2\/media?parent=8549"}],"wp:term":[{"taxonomy":"category","embeddable":true,"href":"https:\/\/www.upo.es\/patio-colorado\/wp-json\/wp\/v2\/categories?post=8549"},{"taxonomy":"post_tag","embeddable":true,"href":"https:\/\/www.upo.es\/patio-colorado\/wp-json\/wp\/v2\/tags?post=8549"}],"curies":[{"name":"wp","href":"https:\/\/api.w.org\/{rel}","templated":true}]}}