{"id":8550,"date":"2024-05-16T15:06:52","date_gmt":"2024-05-16T15:06:52","guid":{"rendered":"https:\/\/www.upo.es\/patio-colorado\/?p=8550"},"modified":"2024-05-16T15:06:52","modified_gmt":"2024-05-16T15:06:52","slug":"explorando-el-legado-de-sevilla-la-ultima-donacion-de-luque-cabrera","status":"publish","type":"post","link":"https:\/\/www.upo.es\/patio-colorado\/2024\/05\/16\/explorando-el-legado-de-sevilla-la-ultima-donacion-de-luque-cabrera\/","title":{"rendered":"Explorando el Legado de Sevilla: La \u00faltima donaci\u00f3n de Luque Cabrera"},"content":{"rendered":"<p>El arte, en su forma m\u00e1s esencial, refleja la historia, la cultura y el esp\u00edritu de una comunidad. Esto es algo que podemos ver en el Museo de Bellas Artes de Sevilla, un lugar respetado que protege la herencia art\u00edstica de nuestra ciudad. Gracias a la \u00faltima donaci\u00f3n de la familia del mecenas Luque Cabrera, el museo nos lleva en un viaje fascinante a trav\u00e9s del tiempo y el espacio en su \u00faltima exposici\u00f3n.<\/p>\n<p><img loading=\"lazy\" decoding=\"async\" class=\"alignright\" src=\"https:\/\/upload.wikimedia.org\/wikipedia\/commons\/4\/4d\/Museo_de_Bellas_Artes_de_Sevilla-Puerta_del_Convento_de_la_Merced-20110914-08781.jpg\" alt=\"File:Museo de Bellas Artes de Sevilla-Puerta del Convento de la  Merced-20110914-08781.jpg - Wikimedia Commons\" width=\"354\" height=\"506\" \/><\/p>\n<p>El Bellas Artes de Sevilla, supervisado por la Consejer\u00eda de Turismo, Cultura y Deporte, se convierte en un faro cultural para aquellos que tienen el privilegio de visitarlo. La exposici\u00f3n se titula<strong><em> &#8216;Sevilla en la mirada&#8217;. &#8216;La donaci\u00f3n Luque Cabrera&#8217;<\/em><\/strong>, y nos pone en contexto de la rica historia art\u00edstica de la ciudad, a la vez que rinde homenaje al compromiso del mecenas Luque Cabrera y su familia con la ciudad de Sevilla.<\/p>\n<p>Francisco Luque Cabrera, un hombre apasionado por el arte y la cultura, pas\u00f3 su vida fomentando el legado art\u00edstico de Sevilla y fortaleciendo los v\u00ednculos entre la ciudad y su patrimonio cultural.<\/p>\n<p>El Museo de Bellas Artes conserva 195 obras donadas por su familia como legado perdurable.<\/p>\n<p>&nbsp;<\/p>\n<p style=\"text-align: right\">(Cr\u00e9ditos de imagen: <a href=\"https:\/\/commons.wikimedia.org\/wiki\/File:Museo_de_Bellas_Artes_de_Sevilla-Puerta_del_Convento_de_la_Merced-20110914-08781.jpg\">\u00abCreative Commons\u00bb, WikiMediCommons<\/a>)<\/p>\n<p>&nbsp;<\/p>\n<p>La exposici\u00f3n presenta una gran cantidad de obras que recorren cuatro siglos, desde el XVI hasta el XX. Cada pieza, desde las pinturas de Diego L\u00f3pez que capturan la esencia de la vida sevillana, hasta las emotivas\u00a0 esculturas de Antonio Illanes y Antonio Susillo, que son un testimonio de la belleza y diversidad de Sevilla.<\/p>\n<p>Sin embargo, esta exhibici\u00f3n va m\u00e1s all\u00e1 de simplemente contemplar obras de arte. El deseo de Luque Cabrera de enriquecer los fondos del museo ha dejado un impacto en la comunidad art\u00edstica y cultural de Sevilla, lo que representa un homenaje a su visi\u00f3n y compromiso. Gracias a estas obras, podemos apreciar los monumentos m\u00e1s representativos de la ciudad, su vida cotidiana y sus tradiciones.<\/p>\n<p>Valme Mu\u00f1oz, directora del Museo de Bellas Artes, resalta la importancia que tienen (cada vez m\u00e1s) las obras en papel como testimonio hist\u00f3rico para comprender la evoluci\u00f3n social y urbana de Sevilla. Estos grabados, dibujos y litograf\u00edas nos muestran una ventana exclusiva hacia la historia de la ciudad, desde sus glorias pasadas hasta sus momentos m\u00e1s \u00edntimos y cotidianos.<\/p>\n<p>La donaci\u00f3n de Luque Cabrera no solo aumenta el patrimonio del museo, sino que tambi\u00e9n nos brinda una oportunidad para conectar con la historia y la identidad de Sevilla. Destaca la importancia del arte como un v\u00ednculo entre el pasado, el presente y el futuro, as\u00ed como la generosidad de quienes se dedican a preservar y celebrar nuestra herencia cultural.<\/p>\n<p>Mientras exploramos las salas del Museo de Bellas Artes de Sevilla rodeados por la belleza y la profundidad de las obras donadas por Luque Cabrera, recordamos el impacto transformador del arte y la importancia de preservar nuestro patrimonio.<\/p>\n<p><img decoding=\"async\" src=\"https:\/\/www.juntadeandalucia.es\/presidencia\/portavoz\/resources\/files\/2024\/5\/16\/1715854301872LuqueCabreraBArtes2dn.jpg\" alt=\"El Secretario general para la Cultura, Jos\u00e9 V\u00e9lez, en la inauguraci\u00f3n de lSevilla en la mirada. Donaci\u00f3n Luque Cabrera'.\" \/><\/p>\n<p>(Cr\u00e9ditos de imagen: <a href=\"https:\/\/www.juntadeandalucia.es\/presidencia\/portavoz\/cultura\/193399\/FranciscoLuqueCabrera\/mecenas\/donacion\/MuseodeBellasArtesdeSevilla\/exposicion\/pinturas\/esculturas\/grabados\/ConsejeriadeTurismo\/CulturayDeporte\">Junta de Andaluc\u00eda<\/a>)<\/p>\n<p>&nbsp;<\/p>\n<p><strong>Bibliograf\u00eda:<\/strong><\/p>\n<p>Junta de Andaluc\u00eda. (s. f.). Andaluc\u00eda presenta su oferta tur\u00edstica en la Feria Internacional de Turismo de Madrid (FITUR). Junta de Andaluc\u00eda. <a href=\"https:\/\/www.juntadeandalucia.es\/organismos\/turismoculturaydeporte\/servicios\/actualidad\/noticias\/detalle\/503860.html\">https:\/\/www.juntadeandalucia.es\/organismos\/turismoculturaydeporte\/servicios\/actualidad\/noticias\/detalle\/503860.html<\/a><\/p>\n<p>&nbsp;<\/p>\n<p>Junta de Andaluc\u00eda. (s. f.). Francisco Luque Cabrera, mecenas, dona al Museo de Bellas Artes de Sevilla una exposici\u00f3n de pinturas, esculturas y grabados. Recuperado el 16 de mayo de 2024, de <a href=\"https:\/\/www.juntadeandalucia.es\/presidencia\/portavoz\/cultura\/193399\/FranciscoLuqueCabrera\/mecenas\/donacion\/MuseodeBellasArtesdeSevilla\/exposicion\/pinturas\/esculturas\/grabados\/ConsejeriadeTurismo\/CulturayDeporte\">https:\/\/www.juntadeandalucia.es\/presidencia\/portavoz\/cultura\/193399\/FranciscoLuqueCabrera\/mecenas\/donacion\/MuseodeBellasArtesdeSevilla\/exposicion\/pinturas\/esculturas\/grabados\/ConsejeriadeTurismo\/CulturayDeporte<\/a><\/p>\n<p>&nbsp;<\/p>\n","protected":false},"excerpt":{"rendered":"<p>El arte, en su forma m\u00e1s esencial, refleja la historia, la cultura y el esp\u00edritu de una comunidad. Esto es algo que podemos ver en el Museo de Bellas Artes de Sevilla, un lugar respetado que protege la herencia art\u00edstica de nuestra ciudad. Gracias a la \u00faltima donaci\u00f3n de la familia del mecenas Luque Cabrera, [&hellip;]<\/p>\n","protected":false},"author":128,"featured_media":8558,"comment_status":"open","ping_status":"open","sticky":false,"template":"","format":"standard","meta":{"_acf_changed":false,"_monsterinsights_skip_tracking":false,"_monsterinsights_sitenote_active":false,"_monsterinsights_sitenote_note":"","_monsterinsights_sitenote_category":0,"footnotes":""},"categories":[1],"tags":[],"class_list":["post-8550","post","type-post","status-publish","format-standard","has-post-thumbnail","hentry","category-sin-categoria"],"blocksy_meta":[],"acf":[],"jetpack_featured_media_url":"https:\/\/www.upo.es\/patio-colorado\/wp-content\/uploads\/2024\/05\/1715854183049LuqueCabreraBArtesest1.jpg","_links":{"self":[{"href":"https:\/\/www.upo.es\/patio-colorado\/wp-json\/wp\/v2\/posts\/8550","targetHints":{"allow":["GET"]}}],"collection":[{"href":"https:\/\/www.upo.es\/patio-colorado\/wp-json\/wp\/v2\/posts"}],"about":[{"href":"https:\/\/www.upo.es\/patio-colorado\/wp-json\/wp\/v2\/types\/post"}],"author":[{"embeddable":true,"href":"https:\/\/www.upo.es\/patio-colorado\/wp-json\/wp\/v2\/users\/128"}],"replies":[{"embeddable":true,"href":"https:\/\/www.upo.es\/patio-colorado\/wp-json\/wp\/v2\/comments?post=8550"}],"version-history":[{"count":9,"href":"https:\/\/www.upo.es\/patio-colorado\/wp-json\/wp\/v2\/posts\/8550\/revisions"}],"predecessor-version":[{"id":8560,"href":"https:\/\/www.upo.es\/patio-colorado\/wp-json\/wp\/v2\/posts\/8550\/revisions\/8560"}],"wp:featuredmedia":[{"embeddable":true,"href":"https:\/\/www.upo.es\/patio-colorado\/wp-json\/wp\/v2\/media\/8558"}],"wp:attachment":[{"href":"https:\/\/www.upo.es\/patio-colorado\/wp-json\/wp\/v2\/media?parent=8550"}],"wp:term":[{"taxonomy":"category","embeddable":true,"href":"https:\/\/www.upo.es\/patio-colorado\/wp-json\/wp\/v2\/categories?post=8550"},{"taxonomy":"post_tag","embeddable":true,"href":"https:\/\/www.upo.es\/patio-colorado\/wp-json\/wp\/v2\/tags?post=8550"}],"curies":[{"name":"wp","href":"https:\/\/api.w.org\/{rel}","templated":true}]}}