{"id":8566,"date":"2024-05-17T15:20:11","date_gmt":"2024-05-17T15:20:11","guid":{"rendered":"https:\/\/www.upo.es\/patio-colorado\/?p=8566"},"modified":"2024-05-17T15:23:08","modified_gmt":"2024-05-17T15:23:08","slug":"ventanas-al-arte-y-al-moscatel-la-axarquia-reivindica-su-patrimonio-vinicola-en-la-3a-edicion-de-este-concurso","status":"publish","type":"post","link":"https:\/\/www.upo.es\/patio-colorado\/2024\/05\/17\/ventanas-al-arte-y-al-moscatel-la-axarquia-reivindica-su-patrimonio-vinicola-en-la-3a-edicion-de-este-concurso\/","title":{"rendered":"\u00abVentanas al arte y al moscatel\u00bb: la Axarqu\u00eda reivindica su patrimonio vin\u00edcola en la 3\u00aa edici\u00f3n de este concurso"},"content":{"rendered":"<p>Si las musas te visitan cada vez que tomas una copita de moscatel, la comarca de la Axarqu\u00eda celebra la tercera edici\u00f3n de un concurso hecho para ti: \u201cVentanas al arte y al moscatel\u201d, una iniciativa que busca revalorizar la uva moscatel plasm\u00e1ndola en cualquiera de sus variedades (uva, uva pasa y vino) y procesos de elaboraci\u00f3n.<\/p>\n<p>Este certamen, organizado por la Asociaci\u00f3n Moscatel, admitir\u00e1 obras entre el 16 de julio y el 1 de agosto, por lo que todav\u00eda cuentas con buena parte del verano para darle rienda suelta a tu creatividad y conseguir uno de los tres premios: 2000, 1500 y 1000. Adem\u00e1s, lo interesante de este tercer puesto es que lo elige por votaci\u00f3n el propio p\u00fablico (y cr\u00e9eme que no ser\u00e1 poco, ya que las obras se exhibir\u00e1n por todos los municipios de la zona que participan). El itinerario comenzar\u00e1 el 2 de agosto en el Ayuntamiento de Iznate, donde podremos conocer las 50 obras seleccionadas, y finalizar\u00e1 en noviembre con la entrega de premios en el Mercado Moscatel de Alm\u00e1char.<\/p>\n<p>La uva moscatel es un elemento fundamental del patrimonio andaluz, especialmente de la comarca de la Axarqu\u00eda, cuya presencia en la pen\u00ednsula ib\u00e9rica se remonta alrededor del a\u00f1o 1000 a. C., cuando los fenicios establecieron asentamientos en las costas de la actual provincia de M\u00e1laga. Progresivamente, los distintos pueblos que habitaron la zona fueron desarrollando su cultivo, hasta que los \u00e1rabes lo afianzaron.<\/p>\n<p>Hoy en d\u00eda, esta uva es conocida como la cepa del Mediterr\u00e1neo, pues muchos consideran que se comenz\u00f3 a cultivar en Alejandr\u00eda, y desde ah\u00ed se fue extendiendo por toda la cuenca mediterr\u00e1nea. Es una de las uvas m\u00e1s tempranas del pa\u00eds debido a su necesidad de climas calurosos, y su cosecha es especialmente fruct\u00edfera en las zonas de costa porque precisa de mucha humedad, de ah\u00ed que la comarca de la Axarqu\u00eda se haya constituido como un ecosistema perfecto para esta cepa.<\/p>\n<p>En definitiva, no nos queda otra que brindar porque se sigan impulsando iniciativas locales que busquen conectar la sociedad con sus ra\u00edces a trav\u00e9s del arte y la gastronom\u00eda, con el objetivo de mantener su identidad y adaptarse a las nuevas din\u00e1micas del entorno.<\/p>\n<p>&nbsp;<\/p>\n<h5>Fuentes consultadas:<\/h5>\n<p>Cutanda, P. (2016, 2 de junio).\u00a0<em>Caracter\u00edsticas de la uva Moscatel.\u00a0<\/em>Vinos Cutanda. <a href=\"https:\/\/www.vinoscutanda.com\/blog\/caracteristicas-de-la-uva-moscatel\/\">https:\/\/www.vinoscutanda.com\/blog\/caracteristicas-de-la-uva-moscatel\/<\/a><\/p>\n<p>Roca, V. (2024, 16 de mayo).\u00a0<em>Un concurso para poner en valor la cultura del moscatel en la Axarqu\u00eda.<\/em> Viva C\u00e1diz. <a href=\"https:\/\/vivacadiz.es\/malaga\/1660755\/un-concurso-para-poner-en-valor-la-cultura-del-moscatel-en-la-axarquia\/\">https:\/\/vivacadiz.es\/malaga\/1660755\/un-concurso-para-poner-en-valor-la-cultura-del-moscatel-en-la-axarquia\/<\/a><\/p>\n","protected":false},"excerpt":{"rendered":"<p>Si las musas te visitan cada vez que tomas una copita de moscatel, la comarca de la Axarqu\u00eda celebra la tercera edici\u00f3n de un concurso hecho para ti: \u201cVentanas al arte y al moscatel\u201d, una iniciativa que busca revalorizar la uva moscatel plasm\u00e1ndola en cualquiera de sus variedades (uva, uva pasa y vino) y procesos [&hellip;]<\/p>\n","protected":false},"author":134,"featured_media":8568,"comment_status":"open","ping_status":"open","sticky":false,"template":"","format":"standard","meta":{"_acf_changed":false,"_monsterinsights_skip_tracking":false,"_monsterinsights_sitenote_active":false,"_monsterinsights_sitenote_note":"","_monsterinsights_sitenote_category":0,"footnotes":""},"categories":[1,12,26,311],"tags":[1078],"class_list":["post-8566","post","type-post","status-publish","format-standard","has-post-thumbnail","hentry","category-sin-categoria","category-eventos","category-gastronomia-artesania","category-malaga","tag-concursos"],"blocksy_meta":[],"acf":[],"jetpack_featured_media_url":"https:\/\/www.upo.es\/patio-colorado\/wp-content\/uploads\/2024\/05\/pexels-pixabay-51947.jpg","_links":{"self":[{"href":"https:\/\/www.upo.es\/patio-colorado\/wp-json\/wp\/v2\/posts\/8566","targetHints":{"allow":["GET"]}}],"collection":[{"href":"https:\/\/www.upo.es\/patio-colorado\/wp-json\/wp\/v2\/posts"}],"about":[{"href":"https:\/\/www.upo.es\/patio-colorado\/wp-json\/wp\/v2\/types\/post"}],"author":[{"embeddable":true,"href":"https:\/\/www.upo.es\/patio-colorado\/wp-json\/wp\/v2\/users\/134"}],"replies":[{"embeddable":true,"href":"https:\/\/www.upo.es\/patio-colorado\/wp-json\/wp\/v2\/comments?post=8566"}],"version-history":[{"count":3,"href":"https:\/\/www.upo.es\/patio-colorado\/wp-json\/wp\/v2\/posts\/8566\/revisions"}],"predecessor-version":[{"id":8570,"href":"https:\/\/www.upo.es\/patio-colorado\/wp-json\/wp\/v2\/posts\/8566\/revisions\/8570"}],"wp:featuredmedia":[{"embeddable":true,"href":"https:\/\/www.upo.es\/patio-colorado\/wp-json\/wp\/v2\/media\/8568"}],"wp:attachment":[{"href":"https:\/\/www.upo.es\/patio-colorado\/wp-json\/wp\/v2\/media?parent=8566"}],"wp:term":[{"taxonomy":"category","embeddable":true,"href":"https:\/\/www.upo.es\/patio-colorado\/wp-json\/wp\/v2\/categories?post=8566"},{"taxonomy":"post_tag","embeddable":true,"href":"https:\/\/www.upo.es\/patio-colorado\/wp-json\/wp\/v2\/tags?post=8566"}],"curies":[{"name":"wp","href":"https:\/\/api.w.org\/{rel}","templated":true}]}}