{"id":858,"date":"2020-04-11T12:26:54","date_gmt":"2020-04-11T12:26:54","guid":{"rendered":"https:\/\/www.upo.es\/patio-colorado\/?p=858"},"modified":"2020-04-11T12:26:54","modified_gmt":"2020-04-11T12:26:54","slug":"concurso-de-fotografia-joven-en-brenes","status":"publish","type":"post","link":"https:\/\/www.upo.es\/patio-colorado\/2020\/04\/11\/concurso-de-fotografia-joven-en-brenes\/","title":{"rendered":"Concurso de fotograf\u00eda joven en Brenes"},"content":{"rendered":"<p>El municipio de Brenes celebra su <strong>primer concurso de fotograf\u00eda joven<\/strong>, bajo el nombre de <strong><em>Refleja Brenes<\/em><\/strong>, con la finalidad de promover la identidad del municipio desde la visi\u00f3n de los j\u00f3venes. Mediante la fotograf\u00eda se pretende la b\u00fasqueda de la identificaci\u00f3n de Brenes con sus tradiciones y costumbres, gastronom\u00eda, patrimonio hist\u00f3rico cultural\u2026 En resumen, todo lo que tenga que ver con el municipio: desde objetos hasta rincones y paisajes tomados \u201cdentro de los l\u00edmites del t\u00e9rmino municipal de Brenes\u201d.<\/p>\n<p><img loading=\"lazy\" decoding=\"async\" class=\" wp-image-859 alignleft\" src=\"https:\/\/www.upo.es\/patio-colorado\/wp-content\/uploads\/2020\/04\/reflejabrenes-300x197.jpg\" alt=\"\" width=\"341\" height=\"223\" \/><\/p>\n<p>Si tienes <strong>entre 14 y 30 a\u00f1os<\/strong> y eres conocedor del municipio o resides en \u00e9l, no dejes de participar en este concurso que goza de su primera edici\u00f3n este a\u00f1o 2020. Podr\u00e1s inscribirte y presentar un m\u00e1ximo de 3 fotograf\u00edas <strong>hasta el 30 de abril<\/strong> de este mismo a\u00f1o. El ganador recibir\u00e1 un <strong>premio de 250 <\/strong><strong>\u20ac<\/strong>.<\/p>\n<p>&nbsp;<\/p>\n<p>Para m\u00e1s informaci\u00f3n, consulta las bases <a href=\"http:\/\/aytobrenes.es\/wp-content\/uploads\/2020\/02\/BASES-E-INSCRIPCI%C3%93N-I-CONCURSO-FOTOGRAF%C3%8DA-JOVEN-REFLEJA-BRENES.pdf\">aqu\u00ed<\/a> y env\u00eda tus fotograf\u00edas a <strong>comunicacion@aytobrenes.es<\/strong><\/p>\n<p>&nbsp;<\/p>\n<p>Fuente: http:\/\/aytobrenes.es\/i-concurso-de-fotografia-joven-refleja-brenes<\/p>\n","protected":false},"excerpt":{"rendered":"<p>El municipio de Brenes celebra su primer concurso de fotograf\u00eda joven, bajo el nombre de Refleja Brenes, con la finalidad de promover la identidad del municipio desde la visi\u00f3n de los j\u00f3venes. Mediante la fotograf\u00eda se pretende la b\u00fasqueda de la identificaci\u00f3n de Brenes con sus tradiciones y costumbres, gastronom\u00eda, patrimonio hist\u00f3rico cultural\u2026 En resumen, [&hellip;]<\/p>\n","protected":false},"author":20,"featured_media":865,"comment_status":"open","ping_status":"open","sticky":false,"template":"","format":"standard","meta":{"_acf_changed":false,"_monsterinsights_skip_tracking":false,"_monsterinsights_sitenote_active":false,"_monsterinsights_sitenote_note":"","_monsterinsights_sitenote_category":0,"footnotes":""},"categories":[12],"tags":[155,157,156],"class_list":["post-858","post","type-post","status-publish","format-standard","has-post-thumbnail","hentry","category-eventos","tag-brenes","tag-concursofotografia","tag-reflejabrenes"],"blocksy_meta":[],"acf":[],"jetpack_featured_media_url":"https:\/\/www.upo.es\/patio-colorado\/wp-content\/uploads\/2020\/04\/reflejabrenes-1.jpg","_links":{"self":[{"href":"https:\/\/www.upo.es\/patio-colorado\/wp-json\/wp\/v2\/posts\/858","targetHints":{"allow":["GET"]}}],"collection":[{"href":"https:\/\/www.upo.es\/patio-colorado\/wp-json\/wp\/v2\/posts"}],"about":[{"href":"https:\/\/www.upo.es\/patio-colorado\/wp-json\/wp\/v2\/types\/post"}],"author":[{"embeddable":true,"href":"https:\/\/www.upo.es\/patio-colorado\/wp-json\/wp\/v2\/users\/20"}],"replies":[{"embeddable":true,"href":"https:\/\/www.upo.es\/patio-colorado\/wp-json\/wp\/v2\/comments?post=858"}],"version-history":[{"count":5,"href":"https:\/\/www.upo.es\/patio-colorado\/wp-json\/wp\/v2\/posts\/858\/revisions"}],"predecessor-version":[{"id":864,"href":"https:\/\/www.upo.es\/patio-colorado\/wp-json\/wp\/v2\/posts\/858\/revisions\/864"}],"wp:featuredmedia":[{"embeddable":true,"href":"https:\/\/www.upo.es\/patio-colorado\/wp-json\/wp\/v2\/media\/865"}],"wp:attachment":[{"href":"https:\/\/www.upo.es\/patio-colorado\/wp-json\/wp\/v2\/media?parent=858"}],"wp:term":[{"taxonomy":"category","embeddable":true,"href":"https:\/\/www.upo.es\/patio-colorado\/wp-json\/wp\/v2\/categories?post=858"},{"taxonomy":"post_tag","embeddable":true,"href":"https:\/\/www.upo.es\/patio-colorado\/wp-json\/wp\/v2\/tags?post=858"}],"curies":[{"name":"wp","href":"https:\/\/api.w.org\/{rel}","templated":true}]}}