{"id":8598,"date":"2024-05-20T11:56:33","date_gmt":"2024-05-20T11:56:33","guid":{"rendered":"https:\/\/www.upo.es\/patio-colorado\/?p=8598"},"modified":"2024-05-20T11:56:33","modified_gmt":"2024-05-20T11:56:33","slug":"el-baptisterio-romano-de-cordoba-abre-sus-puertas-al-publico","status":"publish","type":"post","link":"https:\/\/www.upo.es\/patio-colorado\/2024\/05\/20\/el-baptisterio-romano-de-cordoba-abre-sus-puertas-al-publico\/","title":{"rendered":"El baptisterio romano de C\u00f3rdoba abre sus puertas al p\u00fablico"},"content":{"rendered":"<p>La Diputaci\u00f3n Provincial de C\u00f3rdoba ha emprendido un proyecto para poner en valor y abrir al p\u00fablico un antiguo baptisterio romano que se encuentra en el Palacio de la Merced. Aunque este hallazgo no es reciente, ya que fue descubierto hace m\u00e1s de medio siglo, recientemente se ha restaurado para que pueda ser apreciado por todos.<\/p>\n<p>En una presentaci\u00f3n dirigida por Marta Siles, vicepresidenta segunda de la Diputaci\u00f3n, se mostraron los resultados de esta intervenci\u00f3n. Se ha eliminado una b\u00f3veda de vidrio que cubr\u00eda los restos del baptisterio, permitiendo una mejor visibilidad. Adem\u00e1s, se han a\u00f1adido explicaciones sobre su historia y significado.<\/p>\n<p>El baptisterio fue descubierto en 1969 durante unas obras de ampliaci\u00f3n del Palacio de la Merced, bajo la direcci\u00f3n del arquitecto Rafael de La-Hoz Arderius. Se trata de un recept\u00e1culo de agua bastante grande, con escaleras que conducen a su interior. Se cree que fue construido en el siglo I como parte de unas termas y luego, entre los siglos III y IV, se convirti\u00f3 en un baptisterio para bautismos cristianos.<\/p>\n<p>La restauraci\u00f3n reciente implic\u00f3 la eliminaci\u00f3n de una estructura que rodeaba el baptisterio, as\u00ed como la reubicaci\u00f3n de algunas instalaciones sanitarias para mejorar el espacio disponible. Ahora, los visitantes pueden explorar el Palacio de la Merced y aprender sobre su historia como convento de la Orden de la Merced, as\u00ed como acercarse a este importante vestigio romano desde una plataforma elevada y mediante unas escaleras que permiten un acceso cercano.<\/p>\n<p>Se ha planteado la posibilidad de que el baptisterio estuviera relacionado con una ermita dedicada a Santa Eulalia, que se encontraba extramuros de C\u00f3rdoba. Sin embargo, a\u00fan no se han encontrado otros restos que confirmen esta teor\u00eda.<\/p>\n<p>Esta iniciativa de la Diputaci\u00f3n de C\u00f3rdoba no solo busca preservar un importante patrimonio hist\u00f3rico, sino tambi\u00e9n enriquecer la oferta cultural y tur\u00edstica de la ciudad, brindando a los visitantes la oportunidad de explorar su pasado romano.<\/p>\n<p><img loading=\"lazy\" decoding=\"async\" class=\"aligncenter\" src=\"https:\/\/static.eldiario.es\/clip\/b654e76d-1314-41e4-9e68-199ab10471de_16-9-discover-aspect-ratio_default_0.jpg\" alt=\"El baptisterio romano de la Diputaci\u00f3n de C\u00f3rdoba, redescubierto\" width=\"378\" height=\"213\" \/><\/p>\n<p style=\"text-align: center\">Baptisterio tardorromano bajo la Diputaci\u00f3n de C\u00f3rdoba (\u00c1lex Gallegos, 2024)<\/p>\n","protected":false},"excerpt":{"rendered":"<p>La Diputaci\u00f3n Provincial de C\u00f3rdoba ha emprendido un proyecto para poner en valor y abrir al p\u00fablico un antiguo baptisterio romano que se encuentra en el Palacio de la Merced. Aunque este hallazgo no es reciente, ya que fue descubierto hace m\u00e1s de medio siglo, recientemente se ha restaurado para que pueda ser apreciado por [&hellip;]<\/p>\n","protected":false},"author":126,"featured_media":0,"comment_status":"open","ping_status":"open","sticky":false,"template":"","format":"standard","meta":{"_acf_changed":false,"_monsterinsights_skip_tracking":false,"_monsterinsights_sitenote_active":false,"_monsterinsights_sitenote_note":"","_monsterinsights_sitenote_category":0,"footnotes":""},"categories":[24,304,166,44],"tags":[55,39,345,346],"class_list":["post-8598","post","type-post","status-publish","format-standard","hentry","category-conservacion-y-restauracion","category-cordoba","category-historia-arqueologia","category-patrimonio","tag-andalucia","tag-arqueologia","tag-cordoba","tag-patrimoniocultural"],"blocksy_meta":[],"acf":[],"jetpack_featured_media_url":"","_links":{"self":[{"href":"https:\/\/www.upo.es\/patio-colorado\/wp-json\/wp\/v2\/posts\/8598","targetHints":{"allow":["GET"]}}],"collection":[{"href":"https:\/\/www.upo.es\/patio-colorado\/wp-json\/wp\/v2\/posts"}],"about":[{"href":"https:\/\/www.upo.es\/patio-colorado\/wp-json\/wp\/v2\/types\/post"}],"author":[{"embeddable":true,"href":"https:\/\/www.upo.es\/patio-colorado\/wp-json\/wp\/v2\/users\/126"}],"replies":[{"embeddable":true,"href":"https:\/\/www.upo.es\/patio-colorado\/wp-json\/wp\/v2\/comments?post=8598"}],"version-history":[{"count":1,"href":"https:\/\/www.upo.es\/patio-colorado\/wp-json\/wp\/v2\/posts\/8598\/revisions"}],"predecessor-version":[{"id":8604,"href":"https:\/\/www.upo.es\/patio-colorado\/wp-json\/wp\/v2\/posts\/8598\/revisions\/8604"}],"wp:attachment":[{"href":"https:\/\/www.upo.es\/patio-colorado\/wp-json\/wp\/v2\/media?parent=8598"}],"wp:term":[{"taxonomy":"category","embeddable":true,"href":"https:\/\/www.upo.es\/patio-colorado\/wp-json\/wp\/v2\/categories?post=8598"},{"taxonomy":"post_tag","embeddable":true,"href":"https:\/\/www.upo.es\/patio-colorado\/wp-json\/wp\/v2\/tags?post=8598"}],"curies":[{"name":"wp","href":"https:\/\/api.w.org\/{rel}","templated":true}]}}