{"id":8675,"date":"2024-05-21T11:33:46","date_gmt":"2024-05-21T11:33:46","guid":{"rendered":"https:\/\/www.upo.es\/patio-colorado\/?p=8675"},"modified":"2024-05-21T11:33:46","modified_gmt":"2024-05-21T11:33:46","slug":"la-junta-de-andalucia-da-pasos-para-eliminar-la-gratuidad-de-sus-museos","status":"publish","type":"post","link":"https:\/\/www.upo.es\/patio-colorado\/2024\/05\/21\/la-junta-de-andalucia-da-pasos-para-eliminar-la-gratuidad-de-sus-museos\/","title":{"rendered":"La Junta de Andaluc\u00eda da pasos para eliminar la gratuidad de sus museos"},"content":{"rendered":"<p><span style=\"font-weight: 400\">Esta semana pasada, la Consejer\u00eda de Turismo, Cultura y Deporte de la Junta de Andaluc\u00eda ha anunciado la tramitaci\u00f3n de una nueva norma que afectar\u00e1 al acceso a los museos andaluces. Una forma curiosa de celebrar el D\u00eda Internacional de los Museos (18 de mayo).<\/span><\/p>\n<p><span style=\"font-weight: 400\">A excepci\u00f3n del Centro Andaluz de Arte Contempor\u00e1neo, el Conjunto Monumental de la Alhambra y la Sinagoga de C\u00f3rdoba, los museos, yacimientos y otros espacios culturales<\/span><b> de administraci\u00f3n auton\u00f3mica<\/b><span style=\"font-weight: 400\"> en Andaluc\u00eda han contado con acceso gratuito desde 2001. O al menos as\u00ed ha sido para ciudadanos de la Uni\u00f3n Europea, con un precio de tan solo 1.5 euros para los visitantes de otros pa\u00edses. Esta noticia, como es de esperar, ha dado pie a un acalorado debate entre quienes defienden esta medida y quienes no.<\/span><\/p>\n<p><span style=\"font-weight: 400\">Para aceptar la gesti\u00f3n de esta nueva norma, la Consejer\u00eda se ha respaldado en la expectativa de ganancias para las arcas p\u00fablicas, estimada en unos 7.8 millones de euros anuales, al implementar precios de entre 3 y 8 euros en un total de 34 enclaves culturales. Teniendo en cuenta los beneficios estimados, son varias las voces que se han alzado para especificar que estas ganancias deben ser destinadas a los gastos del propio sector cultural y patrimonial para asegurar un correcto mantenimiento y servicio. La Consejer\u00eda de Cultura se ha pronunciado, pues, aclarando que lo recaudado supondr\u00eda \u00fanicamente un 20.5% del total que \u00able cuesta\u00bb a la Junta de Andaluc\u00eda los gastos de mantenimiento y personal (entre otras inversiones). <\/span><\/p>\n<p><span style=\"font-weight: 400\">Esta respuesta ha sido interpretada por muchos como ambigua y disuasiva. L<\/span><span style=\"font-weight: 400\">os objetivos especificados han sido: la restauraci\u00f3n y conservaci\u00f3n de colecciones e infraestructuras o la adquisici\u00f3n de nuevos fondos para exposiciones permanentes. Siendo todos aspectos que hasta ahora eran cubiertos por el presupuesto anual, surge la duda de si el objetivo es realmente aumentar los fondos destinados a cultura o poder permitirse recortar la financiaci\u00f3n p\u00fablica.\u00a0<\/span><\/p>\n<figure id=\"attachment_8678\" aria-describedby=\"caption-attachment-8678\" style=\"width: 324px\" class=\"wp-caption aligncenter\"><img loading=\"lazy\" decoding=\"async\" class=\"wp-image-8678 \" src=\"https:\/\/www.upo.es\/patio-colorado\/wp-content\/uploads\/2024\/05\/27013336488_349c5cfd07_b-300x214.jpg\" alt=\"\" width=\"324\" height=\"231\" srcset=\"https:\/\/www.upo.es\/patio-colorado\/wp-content\/uploads\/2024\/05\/27013336488_349c5cfd07_b-300x214.jpg 300w, https:\/\/www.upo.es\/patio-colorado\/wp-content\/uploads\/2024\/05\/27013336488_349c5cfd07_b-768x548.jpg 768w, https:\/\/www.upo.es\/patio-colorado\/wp-content\/uploads\/2024\/05\/27013336488_349c5cfd07_b.jpg 1024w\" sizes=\"auto, (max-width: 324px) 100vw, 324px\" \/><figcaption id=\"caption-attachment-8678\" class=\"wp-caption-text\"><span style=\"color: #808080\">Medina Azahara. Imagen extra\u00edda de Flickr.<\/span><\/figcaption><\/figure>\n<p><span style=\"font-weight: 400\">De este modo surgen en la oposici\u00f3n dos miedos (y argumentos) principales, muy relacionados entre s\u00ed:<\/span><\/p>\n<p><span style=\"font-weight: 400\">&#8211; En primer lugar, el miedo a una progresiva privatizaci\u00f3n de la cultura iniciada con esta imposici\u00f3n de precios que, de entrada, limitar\u00eda el acceso a tan solo quienes pudieran permit\u00edrselo.\u00a0<\/span><\/p>\n<p><span style=\"font-weight: 400\">&#8211; Igualmente, se resalta la paradoja de calcular unos beneficios hipot\u00e9ticos teniendo en cuenta la actual asistencia a museos y enclaves culturales, y sin considerar que el pago de la entrada podr\u00eda disminuir el n\u00famero de visitas.<\/span><\/p>\n<p><span style=\"font-weight: 400\">Con respecto a estos dos puntos es importante conocer tambi\u00e9n la perspectiva tur\u00edstica, puesto que, seg\u00fan los planes de la Junta, la incorporaci\u00f3n de estas entradas pagadas <\/span><b>no afectar\u00eda a los turistas.<\/b><span style=\"font-weight: 400\"> Claramente, los visitantes <\/span><i><span style=\"font-weight: 400\">reincidentes <\/span><\/i><span style=\"font-weight: 400\">\u00a0(locales principalmente) se oponen por completo, vi\u00e9ndolo no solo como una traba a su acceso a nivel personal, sino como un empuje m\u00e1s para la turistificaci\u00f3n masiva de las ciudades andaluzas.\u00a0 <\/span><span style=\"font-weight: 400\">Una alternativa propuesta ha sido el mantener las tasas para turistas y eximir a los paisanos de ellas, respald\u00e1ndose precisamente en ese 20.5% que la Junta usaba para justificarse: es contradictorio que sean quienes ya aportan un 79.5% quienes se vean obligados a pagar. Claro que, esta medida solo ser\u00eda deseable si se asegurase que el aporte p\u00fablico a la cultura no se va a ver perjudicado, sino reforzado para un mejor aprovechamiento.<\/span><\/p>\n<p><span style=\"font-weight: 400\">En conclusi\u00f3n, la crispaci\u00f3n no se origina \u00fanicamente en el tener que pagar. Va m\u00e1s all\u00e1, a un plano m\u00e1s profundo y amplio. Se trata de presenciar c\u00f3mo se limita el acceso a la cultura, contradiciendo, en el plano legal, a nuestra Constituci\u00f3n, y, en el plano moral, a cualquier concepci\u00f3n consciente y humanista de lo que supone el patrimonio.\u00a0<\/span><\/p>\n<p>&nbsp;<\/p>\n<p><strong>REFERENCIAS:<\/strong><\/p>\n<p>&#8211; Huelva Te Mira [@HuelvaTeMira]. (9 de mayo, 2024.) <em><span class=\"css-1jxf684 r-bcqeeo r-1ttztb7 r-qvutc0 r-poiln3\">LA JUNTA DE ANDALUC\u00cdA EST\u00c1 TRAMITANDO UNA NORMA QUE ELIMINAR\u00c1 LA GRATUIDAD EN LOS MUSEOS. LA ENTRADA EN EL MUSEO DE HUELVA COSTAR\u00c1 5 EUROS POR PERSONA <\/span><\/em>[Hilo de X]. X.\u00a0 https:\/\/x.com\/HuelvaTeMira\/status\/1792128760935825557<\/p>\n<p>&#8211; Lasida, M. (18 de mayo, 2024). La Junta de Andaluc\u00eda ingresar\u00e1 7,8 millones tras suprimir la gratuidad de los museos. <em>ElDiariodeSevilla.<\/em> https:\/\/www.diariodesevilla.es\/andalucia\/Junta-Andalucia-ingresara-millones-gratuidad_0_1903611486.html<\/p>\n","protected":false},"excerpt":{"rendered":"<p>Esta semana pasada, la Consejer\u00eda de Turismo, Cultura y Deporte de la Junta de Andaluc\u00eda ha anunciado la tramitaci\u00f3n de una nueva norma que afectar\u00e1 al acceso a los museos andaluces. Una forma curiosa de celebrar el D\u00eda Internacional de los Museos (18 de mayo). A excepci\u00f3n del Centro Andaluz de Arte Contempor\u00e1neo, el Conjunto [&hellip;]<\/p>\n","protected":false},"author":129,"featured_media":8676,"comment_status":"open","ping_status":"open","sticky":false,"template":"","format":"standard","meta":{"_acf_changed":false,"_monsterinsights_skip_tracking":false,"_monsterinsights_sitenote_active":false,"_monsterinsights_sitenote_note":"","_monsterinsights_sitenote_category":0,"footnotes":""},"categories":[170,171,44],"tags":[1097,208,560,1096],"class_list":["post-8675","post","type-post","status-publish","format-standard","has-post-thumbnail","hentry","category-monumentos-y-turismo","category-opinion","category-patrimonio","tag-acceso-a-la-cultura","tag-junta-de-andalucia","tag-museos","tag-turistificacion"],"blocksy_meta":[],"acf":[],"jetpack_featured_media_url":"https:\/\/www.upo.es\/patio-colorado\/wp-content\/uploads\/2024\/05\/2020-10-07.jpg","_links":{"self":[{"href":"https:\/\/www.upo.es\/patio-colorado\/wp-json\/wp\/v2\/posts\/8675","targetHints":{"allow":["GET"]}}],"collection":[{"href":"https:\/\/www.upo.es\/patio-colorado\/wp-json\/wp\/v2\/posts"}],"about":[{"href":"https:\/\/www.upo.es\/patio-colorado\/wp-json\/wp\/v2\/types\/post"}],"author":[{"embeddable":true,"href":"https:\/\/www.upo.es\/patio-colorado\/wp-json\/wp\/v2\/users\/129"}],"replies":[{"embeddable":true,"href":"https:\/\/www.upo.es\/patio-colorado\/wp-json\/wp\/v2\/comments?post=8675"}],"version-history":[{"count":2,"href":"https:\/\/www.upo.es\/patio-colorado\/wp-json\/wp\/v2\/posts\/8675\/revisions"}],"predecessor-version":[{"id":8679,"href":"https:\/\/www.upo.es\/patio-colorado\/wp-json\/wp\/v2\/posts\/8675\/revisions\/8679"}],"wp:featuredmedia":[{"embeddable":true,"href":"https:\/\/www.upo.es\/patio-colorado\/wp-json\/wp\/v2\/media\/8676"}],"wp:attachment":[{"href":"https:\/\/www.upo.es\/patio-colorado\/wp-json\/wp\/v2\/media?parent=8675"}],"wp:term":[{"taxonomy":"category","embeddable":true,"href":"https:\/\/www.upo.es\/patio-colorado\/wp-json\/wp\/v2\/categories?post=8675"},{"taxonomy":"post_tag","embeddable":true,"href":"https:\/\/www.upo.es\/patio-colorado\/wp-json\/wp\/v2\/tags?post=8675"}],"curies":[{"name":"wp","href":"https:\/\/api.w.org\/{rel}","templated":true}]}}