{"id":8695,"date":"2024-06-08T14:53:45","date_gmt":"2024-06-08T14:53:45","guid":{"rendered":"https:\/\/www.upo.es\/patio-colorado\/?p=8695"},"modified":"2024-06-08T14:56:28","modified_gmt":"2024-06-08T14:56:28","slug":"3-iglesias-en-sevilla-que-no-te-puedes-perder","status":"publish","type":"post","link":"https:\/\/www.upo.es\/patio-colorado\/2024\/06\/08\/3-iglesias-en-sevilla-que-no-te-puedes-perder\/","title":{"rendered":"3 iglesias en Sevilla que no te puedes perder"},"content":{"rendered":"<p>Pasear por Sevilla es muy agradable. A\u00fan m\u00e1s agradable es pasear sin rumbo y entrar en cada una de las preciosas iglesias por las que pasamos, por lo que hemos trazado una ruta muy breve por el centro de Sevilla para pasar al rededor de 1 hora disfrutando de nuestro maravilloso patrimonio.\u00a0 La ruta nos tomar\u00e1 en total 16 minutos a pie, incluyendo los siguientes templos:<\/p>\n<p>-Iglesia de los Terceros<\/p>\n<p>-Iglesia de San Juan de la Palma<\/p>\n<p>-Iglesia de San Antonio Abad<\/p>\n<p><img loading=\"lazy\" decoding=\"async\" class=\"wp-image-8822 aligncenter\" src=\"https:\/\/www.upo.es\/patio-colorado\/wp-content\/uploads\/2024\/06\/Captura-de-pantalla-30-e1717858329326.png\" alt=\"\" width=\"714\" height=\"334\" srcset=\"https:\/\/www.upo.es\/patio-colorado\/wp-content\/uploads\/2024\/06\/Captura-de-pantalla-30-e1717858329326.png 1833w, https:\/\/www.upo.es\/patio-colorado\/wp-content\/uploads\/2024\/06\/Captura-de-pantalla-30-e1717858329326-300x140.png 300w, https:\/\/www.upo.es\/patio-colorado\/wp-content\/uploads\/2024\/06\/Captura-de-pantalla-30-e1717858329326-1024x479.png 1024w, https:\/\/www.upo.es\/patio-colorado\/wp-content\/uploads\/2024\/06\/Captura-de-pantalla-30-e1717858329326-768x359.png 768w, https:\/\/www.upo.es\/patio-colorado\/wp-content\/uploads\/2024\/06\/Captura-de-pantalla-30-e1717858329326-1536x718.png 1536w\" sizes=\"auto, (max-width: 714px) 100vw, 714px\" \/><\/p>\n<p>&nbsp;<\/p>\n<p><strong>IGLESIA DE LOS TERCEROS<\/strong><\/p>\n<figure id=\"attachment_8729\" aria-describedby=\"caption-attachment-8729\" style=\"width: 259px\" class=\"wp-caption alignleft\"><img loading=\"lazy\" decoding=\"async\" class=\"wp-image-8729\" src=\"https:\/\/www.upo.es\/patio-colorado\/wp-content\/uploads\/2024\/05\/IMG_0259-scaled.jpg\" alt=\"Sotocoro de la iglesia\" width=\"259\" height=\"345\" srcset=\"https:\/\/www.upo.es\/patio-colorado\/wp-content\/uploads\/2024\/05\/IMG_0259-scaled.jpg 1920w, https:\/\/www.upo.es\/patio-colorado\/wp-content\/uploads\/2024\/05\/IMG_0259-225x300.jpg 225w, https:\/\/www.upo.es\/patio-colorado\/wp-content\/uploads\/2024\/05\/IMG_0259-768x1024.jpg 768w, https:\/\/www.upo.es\/patio-colorado\/wp-content\/uploads\/2024\/05\/IMG_0259-1152x1536.jpg 1152w, https:\/\/www.upo.es\/patio-colorado\/wp-content\/uploads\/2024\/05\/IMG_0259-1536x2048.jpg 1536w\" sizes=\"auto, (max-width: 259px) 100vw, 259px\" \/><figcaption id=\"caption-attachment-8729\" class=\"wp-caption-text\">Sotocoro de la iglesia<\/figcaption><\/figure>\n<p>La Iglesia de Nuestra Se\u00f1ora de Consolaci\u00f3n, m\u00e1s conocida como Iglesia de los Terceros es un templo barroco del siglo XVI, creada por la Orden Tercera Franciscana. Seg\u00fan entramos, somos recibidos por la portada principal bajo el sotocoro,\u00a0 decorado con una yeser\u00eda de gran calidad y que nos dirige la mirada inmediatamente al altar mayor.<\/p>\n<p>A nuestra izquierda, podemos admirar la talla del Sant\u00edsimo Cristo de la Buena Muerte, obra an\u00f3nima del S. XVIII.<\/p>\n<p>Seguidamente, hay una peque\u00f1a capilla con un \u00f3leo sobre lienzo en un p\u00e9simo estado de conservaci\u00f3n, en el que se aprecia una Virgen con un ni\u00f1o Jes\u00fas sentado en su regazo, pudiendo tratarse de una Virgen de Consolaci\u00f3n, con algunas tallas policromadas de \u00e1ngeles orando.<\/p>\n<p>La siguiente capilla es usada para exponer el patrimonio de la Hermandad de la Cena, que tiene sede en dicha iglesia. El acceso a la capilla es \u00fanicamente con gu\u00eda, que aunque es gratuita, son solo los martes y los s\u00e1bados a las 12:15. Desde fuera podemos ver el paso procesional del Sant\u00edsimo Cristo de la Humildad y Paciencia y los respiraderos del paso de palio de Mar\u00eda Sant\u00edsima del Subterr\u00e1neo, junto a su manto procesional, sus coronas o algunas sayas.<\/p>\n<p>Seguimos con la capilla Sacramental, decorada ricamente con pinturas al fresco en sus muros. Presidiendo la capilla, un retablo de estilo neocl\u00e1sico de m\u00e1rmol jaspeado. En la calle baja, una virgen de advocaci\u00f3n desconocida, en el centro, una Asunci\u00f3n Gloriosa y a la derecha, un santo de advocaci\u00f3n tambi\u00e9n desconocida. En el \u00e1tico, un crucificado. Adem\u00e1s, actualmente, debido a obras en la iglesia de Omnium Sanctorum, podemos admirar tambi\u00e9n las im\u00e1genes del Sant\u00edsimo Cristo de la Paz y Mar\u00eda Sant\u00edsima del Carmen Doloroso, titulares de la Hermandad del Carmen.<\/p>\n<p>El \u00faltimo retablo del lado izquierdo del templo es el que preside Mar\u00eda Sant\u00edsima del Subterr\u00e1neo, Reina de los Cielos y Tierra. Esta preciosa dolorosa es an\u00f3nima, aunque atribuida a Juan de Astorga, siendo una talla de candelero. El \u00e1tico del retablo tiene una escena de la Sagrada Entrada en Jerusal\u00e9n, ya que originalmente pertenec\u00eda al Sant\u00edsimo Cristo del Amor.<\/p>\n<p>A su lado, otro peque\u00f1o retablo, de estilo barroco, que alberga a Nuestra Se\u00f1ora de la Encarnaci\u00f3n, una imagen completamente tallada pero que habitualmente se viste con ricas ropas, aunque sus brazos son articulados.<\/p>\n<p>La joya de la corona de este templo es su retablo mayor, uno de los mejores realizados en el s. XVII en Sevilla, realizado por Dionisio de Ribas y remodelado posteriormente por Francisco de Barahona, quien a\u00f1adi\u00f3 el camar\u00edn rococo de la Virgen de la Consolaci\u00f3n. La talla de la Virgen de la Consolaci\u00f3n es controvertida, ya que hay quienes afirman que se trata de la talla original de la Virgen del Roc\u00edo. Lo m\u00e1s llamativo del retablo es la representaci\u00f3n de la Sagrada Cena, un conjunto excelente realizado por Ortega Bru que ocupa casi en su totalidad el altar.<\/p>\n<figure id=\"attachment_8790\" aria-describedby=\"caption-attachment-8790\" style=\"width: 2560px\" class=\"wp-caption alignnone\"><img loading=\"lazy\" decoding=\"async\" class=\"wp-image-8790 size-full\" src=\"https:\/\/www.upo.es\/patio-colorado\/wp-content\/uploads\/2024\/06\/IMG_0276-scaled.jpg\" alt=\"\" width=\"2560\" height=\"1920\" srcset=\"https:\/\/www.upo.es\/patio-colorado\/wp-content\/uploads\/2024\/06\/IMG_0276-scaled.jpg 2560w, https:\/\/www.upo.es\/patio-colorado\/wp-content\/uploads\/2024\/06\/IMG_0276-300x225.jpg 300w, https:\/\/www.upo.es\/patio-colorado\/wp-content\/uploads\/2024\/06\/IMG_0276-1024x768.jpg 1024w, https:\/\/www.upo.es\/patio-colorado\/wp-content\/uploads\/2024\/06\/IMG_0276-768x576.jpg 768w, https:\/\/www.upo.es\/patio-colorado\/wp-content\/uploads\/2024\/06\/IMG_0276-1536x1152.jpg 1536w, https:\/\/www.upo.es\/patio-colorado\/wp-content\/uploads\/2024\/06\/IMG_0276-2048x1536.jpg 2048w\" sizes=\"auto, (max-width: 2560px) 100vw, 2560px\" \/><figcaption id=\"caption-attachment-8790\" class=\"wp-caption-text\">Altar mayor de la iglesia con el conjunto escult\u00f3rico de la Sagrada Cena de Ortega Bru<\/figcaption><\/figure>\n<p>Seguimos y a la derecha del altar mayor vemos el retablo del Nazareno, escoltado por dos santos, aunque no hay informaci\u00f3n sobre la autor\u00eda de ninguna de las tallas o del propio retablo.<\/p>\n<p>El siguiente retablo que veremos es el del Sant\u00edsimo Cristo de la Humildad y Paciencia, una talla an\u00f3nima del s. XVI realizada en pasta de papel. Este Cristo destaca por su tama\u00f1o, ya que la talla apenas llega a los 100cm de altura, sin embargo, es una de las tallas m\u00e1s valoradas a nivel art\u00edstico de nuestra ciudad por su antig\u00fcedad y calidad. A ambos lados del Cristo vemos las tallas de San Francisco de As\u00eds y San Roque.<\/p>\n<p>Por \u00faltimo, llegamos a la capilla de la Encarnaci\u00f3n, uno de los grandes estrenos de la ciudad en estos \u00faltimos a\u00f1os, ya que estuvo cerrada durante d\u00e9cadas. En esta capilla, veremos a la Virgen de la Encarnaci\u00f3n, atribuida a Juan de Mesa, en un espl\u00e9ndido camar\u00edn muy recientemente reformado. A un lado, nos llamar\u00e1 la atenci\u00f3n ver un reclinatorio protegido por rejas, y se trata ni m\u00e1s ni menos que de un reclinatorio usado por el mism\u00edsimo Papa Juan Pablo II en 1983 durante su visita a la ciudad de Sevilla.<\/p>\n<p>Como hemos visto, la Iglesia de los Terceros es una maravilla un tanto desconocida, \u00a1pero a\u00fan hay mucho m\u00e1s!<\/p>\n<p>&nbsp;<\/p>\n<p><strong>Iglesia de San Juan de la Palma<\/strong><\/p>\n<p>Sin duda, una iglesia especial. Se inici\u00f3 su construcci\u00f3n sobre una antigua mezquita en el s. XIV, aunque la iglesia que conocemos hoy en d\u00eda no concluy\u00f3 hasta el s. XVIII, teniendo un caracter\u00edstico estilo g\u00f3tico mud\u00e9jar. Si bien es cierto que esta iglesia es de grandes dimensiones, la mayor parte de sus capillas est\u00e1n casi vac\u00edas y con una decoraci\u00f3n muy escueta, aunque las grandes joyas que oculta este templo arregla este defecto.<\/p>\n<figure id=\"attachment_8813\" aria-describedby=\"caption-attachment-8813\" style=\"width: 321px\" class=\"wp-caption alignleft\"><img loading=\"lazy\" decoding=\"async\" class=\"wp-image-8813\" src=\"https:\/\/www.upo.es\/patio-colorado\/wp-content\/uploads\/2024\/06\/IMG_0301-scaled.jpg\" alt=\"\" width=\"321\" height=\"428\" srcset=\"https:\/\/www.upo.es\/patio-colorado\/wp-content\/uploads\/2024\/06\/IMG_0301-scaled.jpg 1920w, https:\/\/www.upo.es\/patio-colorado\/wp-content\/uploads\/2024\/06\/IMG_0301-225x300.jpg 225w, https:\/\/www.upo.es\/patio-colorado\/wp-content\/uploads\/2024\/06\/IMG_0301-768x1024.jpg 768w, https:\/\/www.upo.es\/patio-colorado\/wp-content\/uploads\/2024\/06\/IMG_0301-1152x1536.jpg 1152w, https:\/\/www.upo.es\/patio-colorado\/wp-content\/uploads\/2024\/06\/IMG_0301-1536x2048.jpg 1536w\" sizes=\"auto, (max-width: 321px) 100vw, 321px\" \/><figcaption id=\"caption-attachment-8813\" class=\"wp-caption-text\">Nuestro Padre Jes\u00fas del Silencio en el desprecio de Herodes<\/figcaption><\/figure>\n<p>Seg\u00fan entramos a la derecha, pasaremos por la tienda de recuerdos, donde venden objetos relacionados con la Hermandad de la Amargura, que tiene sede en esta iglesia. La primera parada ser\u00e1 la capilla de Bautismo, realizadas en el siglo XVIII y originalmente eran de car\u00e1cter funerario. En ella, encontramos una talla de San Juan Bautista y un lienzo de la Virgen con el Ni\u00f1o, adem\u00e1s de parte de los respiraderos del paso de misterio de la Hermandad de la Amargura.<\/p>\n<p>A continuaci\u00f3n, encontraremos la capilla Sacramental, ricamente decorada y con dos grandes protagonistas. Lo primero que vemos es la Inmaculada Concepci\u00f3n, una talla del siglo XVIII expuesta en un camar\u00edn ricamente decorado. El estilo mud\u00e9jar, aunque en perfecto estado de conservaci\u00f3n es sorprendente y nos transporta al esplendor del estilo. Lo m\u00e1s destacable de esta capilla es la talla de Nuestro padre Jes\u00fas del silencio en el desprecio de Herodes, atribuida a Pedro Rold\u00e1n a finales del s. XVII. Su camar\u00edn, aunque es m\u00e1s sencillo, resalta la belleza de la talla con una b\u00f3veda con frescos.<\/p>\n<p>Una vez salimos de la capilla sacramental, veremos una talla de tama\u00f1o natural de Santa \u00c1ngela de la Cruz. La iglesia de San Juan de la Palma est\u00e1 muy ligada a las Hermanas de la Cruz y ah\u00ed radica el gran hermanamiento y la cesi\u00f3n de un relicario con el h\u00e1bito de Santa \u00c1ngela de la Cruz.<\/p>\n<figure id=\"attachment_8814\" aria-describedby=\"caption-attachment-8814\" style=\"width: 368px\" class=\"wp-caption alignright\"><img loading=\"lazy\" decoding=\"async\" class=\"wp-image-8814\" src=\"https:\/\/www.upo.es\/patio-colorado\/wp-content\/uploads\/2024\/06\/E2283244-7794-4A6E-B736-D625B811BBDF.jpg\" alt=\"\" width=\"368\" height=\"655\" srcset=\"https:\/\/www.upo.es\/patio-colorado\/wp-content\/uploads\/2024\/06\/E2283244-7794-4A6E-B736-D625B811BBDF.jpg 1125w, https:\/\/www.upo.es\/patio-colorado\/wp-content\/uploads\/2024\/06\/E2283244-7794-4A6E-B736-D625B811BBDF-169x300.jpg 169w, https:\/\/www.upo.es\/patio-colorado\/wp-content\/uploads\/2024\/06\/E2283244-7794-4A6E-B736-D625B811BBDF-576x1024.jpg 576w, https:\/\/www.upo.es\/patio-colorado\/wp-content\/uploads\/2024\/06\/E2283244-7794-4A6E-B736-D625B811BBDF-768x1365.jpg 768w, https:\/\/www.upo.es\/patio-colorado\/wp-content\/uploads\/2024\/06\/E2283244-7794-4A6E-B736-D625B811BBDF-864x1536.jpg 864w\" sizes=\"auto, (max-width: 368px) 100vw, 368px\" \/><figcaption id=\"caption-attachment-8814\" class=\"wp-caption-text\">Mar\u00eda Sant\u00edsima de la Amargura y San Juan Evangelista en su camar\u00edn<\/figcaption><\/figure>\n<p>Nuestra siguiente parada deslumbra por si misma, el altar mayor, de estilo rococ\u00f3. Este fue comprado a mediados del s. XX al convento de San Felipe de Carmona. Lo primero que nos llamar\u00e1 la atenci\u00f3n ser\u00e1 el camar\u00edn en su cuerpo central. Este camar\u00edn ricamente decorado con azulejos alberga a Mar\u00eda Sant\u00edsima de la Amargura y San Juan Evangelista, ambas tallas de Hita del Castillo, del s. XVIII. Una curiosidad que muy poca gente conoce es que cada s\u00e1bado, al finalizar la misa de tarde, el camar\u00edn de la Virgen de la Amargura abre al p\u00fablico durante unos minutos, teniendo la oportunidad de poder observar las magn\u00edficas tallas muy muy cerca.<\/p>\n<p>A ambos lados del camar\u00edn vemos una talla, el Ni\u00f1o Jes\u00fas realizado por Francisco Dionisio de Rivas y San Juan Bautista ni\u00f1o, atribuido al taller de los Rivas. En la hornacina del \u00e1tico del retablo, otra talla de San Juan Bautista.<\/p>\n<p>En el lateral derecho del retablo mayor, vemos la Capilla de la Virgen de la Cabeza.\u00a0 El retablo es barroco y de 3 calles, presidido en una hornacina por la talla de la Virgen de la Cabeza, del s. XX. La talla de la Virgen era una copia de la original, que se encuentra en And\u00fajar, sin embargo, tras un desgraciado incendio, se perdi\u00f3 la Virgen de la Cabeza de And\u00fajar y mandaron hacer una r\u00e9plica de la Virgen que se encontraba en esta iglesia, en San Juan de la Palma.<\/p>\n<p>A continuaci\u00f3n vemos el retablo de Nuestra Se\u00f1ora de Montemayor que alberga la talla de Francisco Buiza en 1956 de Nuestra Se\u00f1ora de Montemayor, quien es patrona de Moguer.<\/p>\n<p>La iglesia de San Juan de la Palma es uno de esos templos con vida, muy tradicionales de nuestra ciudad. Un lugar de recogimiento y silencio en la calle Feria, una de las m\u00e1s transitadas y populares de la ciudad, sirviendo como estandarte de las tradiciones de la ciudad y uni\u00f3n y convivencia de hermandades en un mismo templo.<\/p>\n<p>&nbsp;<\/p>\n<p><strong>Iglesia de San Antonio Abad<\/strong><\/p>\n<figure id=\"attachment_8817\" aria-describedby=\"caption-attachment-8817\" style=\"width: 326px\" class=\"wp-caption alignleft\"><img loading=\"lazy\" decoding=\"async\" class=\"wp-image-8817\" src=\"https:\/\/www.upo.es\/patio-colorado\/wp-content\/uploads\/2024\/06\/IMG_0336-scaled.jpg\" alt=\"\" width=\"326\" height=\"435\" srcset=\"https:\/\/www.upo.es\/patio-colorado\/wp-content\/uploads\/2024\/06\/IMG_0336-scaled.jpg 1920w, https:\/\/www.upo.es\/patio-colorado\/wp-content\/uploads\/2024\/06\/IMG_0336-225x300.jpg 225w, https:\/\/www.upo.es\/patio-colorado\/wp-content\/uploads\/2024\/06\/IMG_0336-768x1024.jpg 768w, https:\/\/www.upo.es\/patio-colorado\/wp-content\/uploads\/2024\/06\/IMG_0336-1152x1536.jpg 1152w, https:\/\/www.upo.es\/patio-colorado\/wp-content\/uploads\/2024\/06\/IMG_0336-1536x2048.jpg 1536w\" sizes=\"auto, (max-width: 326px) 100vw, 326px\" \/><figcaption id=\"caption-attachment-8817\" class=\"wp-caption-text\">San Judas Tadeo y las numerosas ofrendas de los devotos<\/figcaption><\/figure>\n<p>En la calle Alfonso XII, en pleno coraz\u00f3n de Sevilla, rozando Sierpes, Tetu\u00e1n y las Setas, se abre un p\u00f3rtico un tanto extra\u00f1o que da lugar a un patio, estamos entrando a San Antonio Abad, conocida popularmente como \u00abLa catedral del Silencio\u00bb.<\/p>\n<p>Seg\u00fan entramos, veremos en el patio algunas peque\u00f1as hornacinas con algunos santos de gran devoci\u00f3n, como San Cayetano o Santa Rita de Casia. Sin embargo, el m\u00e1s popular y siempre con un gran n\u00famero de fieles a su alrededor, San Judas Tadeo, patr\u00f3n de las causas dif\u00edciles y desesperadas, siendo muy tradicional ofrecerle flores y prender velas rojas para pedir su ayuda en momentos complicados, no siendo raro que haya m\u00e1s personas pidi\u00e9ndole a San Judas Tadeo en el exterior que fieles en el interior de la iglesia.<\/p>\n<p>Una vez nos adentramos en su interior, nos sorprender\u00e1 el presbiterio tan ricamente decorado con pinturas murales y b\u00f3vedas de ca\u00f1\u00f3n igualmente decoradas, teniendo una sensaci\u00f3n de gran amplitud y quedaremos maravillados ante la belleza de sus pinturas, obras de Juan Espinal y Domingo Mart\u00ednez. La estructura de la iglesia es algo at\u00edpico, ya que se compone de dos naves paralelas.<\/p>\n<p>&nbsp;<\/p>\n<figure id=\"attachment_8818\" aria-describedby=\"caption-attachment-8818\" style=\"width: 579px\" class=\"wp-caption aligncenter\"><img loading=\"lazy\" decoding=\"async\" class=\"wp-image-8818\" src=\"https:\/\/www.upo.es\/patio-colorado\/wp-content\/uploads\/2024\/06\/IMG_0338-scaled-e1717856691862.jpg\" alt=\"\" width=\"579\" height=\"434\" srcset=\"https:\/\/www.upo.es\/patio-colorado\/wp-content\/uploads\/2024\/06\/IMG_0338-scaled-e1717856691862.jpg 2560w, https:\/\/www.upo.es\/patio-colorado\/wp-content\/uploads\/2024\/06\/IMG_0338-scaled-e1717856691862-300x225.jpg 300w, https:\/\/www.upo.es\/patio-colorado\/wp-content\/uploads\/2024\/06\/IMG_0338-scaled-e1717856691862-1024x768.jpg 1024w, https:\/\/www.upo.es\/patio-colorado\/wp-content\/uploads\/2024\/06\/IMG_0338-scaled-e1717856691862-768x576.jpg 768w, https:\/\/www.upo.es\/patio-colorado\/wp-content\/uploads\/2024\/06\/IMG_0338-scaled-e1717856691862-1536x1152.jpg 1536w, https:\/\/www.upo.es\/patio-colorado\/wp-content\/uploads\/2024\/06\/IMG_0338-scaled-e1717856691862-2048x1536.jpg 2048w\" sizes=\"auto, (max-width: 579px) 100vw, 579px\" \/><figcaption id=\"caption-attachment-8818\" class=\"wp-caption-text\">Detalles del techo<\/figcaption><\/figure>\n<p><img loading=\"lazy\" decoding=\"async\" class=\" wp-image-8820 alignright\" src=\"https:\/\/www.upo.es\/patio-colorado\/wp-content\/uploads\/2024\/06\/IMG_0341-scaled.jpg\" alt=\"\" width=\"366\" height=\"488\" srcset=\"https:\/\/www.upo.es\/patio-colorado\/wp-content\/uploads\/2024\/06\/IMG_0341-scaled.jpg 1920w, https:\/\/www.upo.es\/patio-colorado\/wp-content\/uploads\/2024\/06\/IMG_0341-225x300.jpg 225w, https:\/\/www.upo.es\/patio-colorado\/wp-content\/uploads\/2024\/06\/IMG_0341-768x1024.jpg 768w, https:\/\/www.upo.es\/patio-colorado\/wp-content\/uploads\/2024\/06\/IMG_0341-1152x1536.jpg 1152w, https:\/\/www.upo.es\/patio-colorado\/wp-content\/uploads\/2024\/06\/IMG_0341-1536x2048.jpg 1536w\" sizes=\"auto, (max-width: 366px) 100vw, 366px\" \/><\/p>\n<p>El retablo principal es de estilo barroco del s. XVII, con columnas salom\u00f3nicas y presidido por Nuestro Padre Jes\u00fas Nazareno del Silencio. Esta es obra de Francisco de Ocampo en el s. XVII y llama la atenci\u00f3n su caracter\u00edstica forma de agarrar la cruz, contraria a la representaci\u00f3n popular. Esta talla es muy expresiva y causa gran devoci\u00f3n en la ciudad. A ambos lados del Cristo, vemos las tallas de San Ant\u00f3n, obra de Ruiz Gij\u00f3n y Beato Juan de Prado.<\/p>\n<p>Dentro de esta misma nave hay una hornacina que contiene a una Inmaculada Concepci\u00f3n, escoltada por Santa Ana y San Joaqu\u00edn.<\/p>\n<p>Pasando a la siguiente nave, veremos la capilla mayor, donde encontraremos el altar de Mar\u00eda Sant\u00edsima de la Concepci\u00f3n, una maravillosa talla de Sebasti\u00e1n Santos acompa\u00f1ado por un San Juan Evangelista de Crist\u00f3bal Ramos. El altar es impresionante, ricamente decorado con las bambalinas del que fue el antiguo paso de la Virgen de la Concepci\u00f3n.\u00a0 Si tienes la oportunidad de visitar la iglesia en tiempo de Cuaresma, podr\u00e1s ver montado su actual paso de palio, inspirado en la Catedral de San Marcos de Venecia y realizado enteramente en plata, siendo una joya en si mismo, aunque debido a su grand\u00edsimo peso, es popularmente conocido como \u00abLa tetera\u00bb, por el sonido que hacen los costaleros al levantarlo.<\/p>\n<p>En el lado izquierdo, vemos una hornacina que contiene un crucificado y dos \u00e1ngeles pasionarios, y en el muro opuesto, una talla de San Jos\u00e9 con el Ni\u00f1o Jes\u00fas. Ocupando una parte de esta, hay una imagen del Arc\u00e1ngel San Miguel que aparentemente es de nueva adquisici\u00f3n y no he podido lograr encontrar informaci\u00f3n respecto a su autor, fecha y estilo, pero que de igual manera os comparto porque me impact\u00f3 de una manera muy positiva dicha talla, de una gran calidad.<\/p>\n<figure id=\"attachment_8821\" aria-describedby=\"caption-attachment-8821\" style=\"width: 269px\" class=\"wp-caption aligncenter\"><img loading=\"lazy\" decoding=\"async\" class=\"wp-image-8821\" src=\"https:\/\/www.upo.es\/patio-colorado\/wp-content\/uploads\/2024\/06\/IMG_0343-scaled.jpg\" alt=\"\" width=\"269\" height=\"358\" srcset=\"https:\/\/www.upo.es\/patio-colorado\/wp-content\/uploads\/2024\/06\/IMG_0343-scaled.jpg 1920w, https:\/\/www.upo.es\/patio-colorado\/wp-content\/uploads\/2024\/06\/IMG_0343-225x300.jpg 225w, https:\/\/www.upo.es\/patio-colorado\/wp-content\/uploads\/2024\/06\/IMG_0343-768x1024.jpg 768w, https:\/\/www.upo.es\/patio-colorado\/wp-content\/uploads\/2024\/06\/IMG_0343-1152x1536.jpg 1152w, https:\/\/www.upo.es\/patio-colorado\/wp-content\/uploads\/2024\/06\/IMG_0343-1536x2048.jpg 1536w\" sizes=\"auto, (max-width: 269px) 100vw, 269px\" \/><figcaption id=\"caption-attachment-8821\" class=\"wp-caption-text\">Arc\u00e1ngel San Miguel<\/figcaption><\/figure>\n<p>Esto ha sido todo, espero que pod\u00e1is visitar estas iglesias y conocer mejor el inmenso patrimonio que nuestra ciudad posee. Como hemos dicho, todas est\u00e1n muy cerca de la otra y en total, no tardar\u00e9is mucho m\u00e1s de una hora en visitarlas todas en detalle. Los templos elegidos tienen unos horarios de apertura muy razonables y amplios, por lo que podr\u00eda visitarlos casi cualquier d\u00eda a casi cualquier hora.<\/p>\n<p>&nbsp;<\/p>\n<p><strong>BIBLIOGRAF\u00cdA:<\/strong><\/p>\n<p>*TODAS LAS IM\u00c1GENES SON DE ELABORACI\u00d3N PROPIA*<\/p>\n<div>\n<p><i>Iglesia de Nuestra Se\u00f1ora de la Consolaci\u00f3n (Los Terceros), -II y final.<\/i> (s.\u00a0f.). <span class=\"url\">https:\/\/leyendasdesevilla.blogspot.com\/2012\/07\/iglesia-de-nuestra-senora-de-la_08.html<\/span><\/p>\n<\/div>\n<div>\n<p>Santiago, F. (s.\u00a0f.). <i>Iglesia de San Juan de la Palma &#8211; Conocer Sevilla Informacion &#8211; Grupo Arte Sacro<\/i>. Francisco Santiago 2004. <span class=\"url\">http:\/\/www.conocersevilla.org\/templos\/parroquias\/sanjuanpalma\/index.html<\/span><\/p>\n<\/div>\n<div>\n<p><i>Iglesia de San Antonio Abad. sede de la Hermandad del Silencio. Sevilla:RAFAES<\/i>. (s.\u00a0f.). <span class=\"url\">http:\/\/www.rafaes.com\/templo-san-antonio-abad1.htm<\/span><\/p>\n<\/div>\n<p>&nbsp;<\/p>\n","protected":false},"excerpt":{"rendered":"<p>Pasear por Sevilla es muy agradable. A\u00fan m\u00e1s agradable es pasear sin rumbo y entrar en cada una de las preciosas iglesias por las que pasamos, por lo que hemos trazado una ruta muy breve por el centro de Sevilla para pasar al rededor de 1 hora disfrutando de nuestro maravilloso patrimonio.\u00a0 La ruta nos [&hellip;]<\/p>\n","protected":false},"author":130,"featured_media":8818,"comment_status":"open","ping_status":"open","sticky":false,"template":"","format":"standard","meta":{"_acf_changed":false,"_monsterinsights_skip_tracking":false,"_monsterinsights_sitenote_active":false,"_monsterinsights_sitenote_note":"","_monsterinsights_sitenote_category":0,"footnotes":""},"categories":[1],"tags":[],"class_list":["post-8695","post","type-post","status-publish","format-standard","has-post-thumbnail","hentry","category-sin-categoria"],"blocksy_meta":[],"acf":[],"jetpack_featured_media_url":"https:\/\/www.upo.es\/patio-colorado\/wp-content\/uploads\/2024\/06\/IMG_0338-scaled-e1717856691862.jpg","_links":{"self":[{"href":"https:\/\/www.upo.es\/patio-colorado\/wp-json\/wp\/v2\/posts\/8695","targetHints":{"allow":["GET"]}}],"collection":[{"href":"https:\/\/www.upo.es\/patio-colorado\/wp-json\/wp\/v2\/posts"}],"about":[{"href":"https:\/\/www.upo.es\/patio-colorado\/wp-json\/wp\/v2\/types\/post"}],"author":[{"embeddable":true,"href":"https:\/\/www.upo.es\/patio-colorado\/wp-json\/wp\/v2\/users\/130"}],"replies":[{"embeddable":true,"href":"https:\/\/www.upo.es\/patio-colorado\/wp-json\/wp\/v2\/comments?post=8695"}],"version-history":[{"count":7,"href":"https:\/\/www.upo.es\/patio-colorado\/wp-json\/wp\/v2\/posts\/8695\/revisions"}],"predecessor-version":[{"id":8823,"href":"https:\/\/www.upo.es\/patio-colorado\/wp-json\/wp\/v2\/posts\/8695\/revisions\/8823"}],"wp:featuredmedia":[{"embeddable":true,"href":"https:\/\/www.upo.es\/patio-colorado\/wp-json\/wp\/v2\/media\/8818"}],"wp:attachment":[{"href":"https:\/\/www.upo.es\/patio-colorado\/wp-json\/wp\/v2\/media?parent=8695"}],"wp:term":[{"taxonomy":"category","embeddable":true,"href":"https:\/\/www.upo.es\/patio-colorado\/wp-json\/wp\/v2\/categories?post=8695"},{"taxonomy":"post_tag","embeddable":true,"href":"https:\/\/www.upo.es\/patio-colorado\/wp-json\/wp\/v2\/tags?post=8695"}],"curies":[{"name":"wp","href":"https:\/\/api.w.org\/{rel}","templated":true}]}}