{"id":8704,"date":"2024-05-23T08:56:08","date_gmt":"2024-05-23T08:56:08","guid":{"rendered":"https:\/\/www.upo.es\/patio-colorado\/?p=8704"},"modified":"2024-05-23T08:56:08","modified_gmt":"2024-05-23T08:56:08","slug":"ecce-homo-de-caravaggio-en-el-museo-del-prado","status":"publish","type":"post","link":"https:\/\/www.upo.es\/patio-colorado\/2024\/05\/23\/ecce-homo-de-caravaggio-en-el-museo-del-prado\/","title":{"rendered":"\u201cEcce Homo\u201d de Caravaggio en el Museo del Prado"},"content":{"rendered":"<p><img loading=\"lazy\" decoding=\"async\" class=\"alignnone size-medium wp-image-8705\" src=\"https:\/\/www.upo.es\/patio-colorado\/wp-content\/uploads\/2024\/05\/Ecce-Homo-240x300.jpg\" alt=\"\" width=\"240\" height=\"300\" srcset=\"https:\/\/www.upo.es\/patio-colorado\/wp-content\/uploads\/2024\/05\/Ecce-Homo-240x300.jpg 240w, https:\/\/www.upo.es\/patio-colorado\/wp-content\/uploads\/2024\/05\/Ecce-Homo-819x1024.jpg 819w, https:\/\/www.upo.es\/patio-colorado\/wp-content\/uploads\/2024\/05\/Ecce-Homo-768x960.jpg 768w, https:\/\/www.upo.es\/patio-colorado\/wp-content\/uploads\/2024\/05\/Ecce-Homo.jpg 1024w\" sizes=\"auto, (max-width: 240px) 100vw, 240px\" \/><\/p>\n<p>El \u00f3leo que fue descubierto por sorpresa en Madrid en el 2021 se podr\u00e1 visitar en el museo del Prado tras \u00a0su restauraci\u00f3n y su estudio desde el 28 de mayo hasta octubre de 2024, gracias al pr\u00e9stamo de su propietario, permanecer\u00e1 expuesta en una sala individual y especial de dicho museo.<\/p>\n<p>Este \u00f3leo pintada por el artista \u00a0sobre 1605-1609, para formar parte de la colecci\u00f3n privada del rey Felipe IV, el \u201cEcce Homo\u201d es una de las 60 conocidas que existen de Caravaggio aunque en su momento se le atribuy\u00f3 a su alumno Jos\u00e9 de Ribera. La obra ha sido cedida a la pinacoteca espa\u00f1ola a trav\u00e9s de la galer\u00eda de arte Colnaghi, quien hab\u00eda custodiado la obra desde abril de 2021 en donde el Prado alert\u00f3 al Ministerio de Cultura de dicha obra iba a ser subastada en la casa Ansorena.<\/p>\n<p>Desde su aparici\u00f3n en esta subasta, el \u00abEcce Homo\u00bb ha representado \u00abuno de los mayores descubrimientos de la historia del arte\u00bb, seg\u00fan el Prado, \u00ablogrando un consenso sin precedentes en lo que a su autentificaci\u00f3n se refiere\u00bb. Cuando el cuadro apareci\u00f3 por primera vez al p\u00fablico en 2021 para ser subastado, fue presentado como \u00abLa coronaci\u00f3n de espinas\u00bb y estaba atribuido al C\u00edrculo de Jos\u00e9 de Ribera (S.XVIII). Su precio de salida eran 1.500 euros, muy por debajo incluso para esa calificaci\u00f3n, seg\u00fan todos los expertos.<\/p>\n<p>Hasta entonces hab\u00eda estado en el piso de la familia P\u00e9rez de Castro, en el madrile\u00f1o barrio de Salamanca, quienes, seg\u00fan se supo poco despu\u00e9s, eran descendientes de Evaristo P\u00e9rez de Castro, pol\u00edtico, acad\u00e9mico, redactor de la Constituci\u00f3n de 1812 y gran coleccionista de arte. Posteriormente fue vendida a un comprador que se mantiene en el anonimato, seg\u00fan cont\u00f3 a EFE fuentes del Prado, a trav\u00e9s de una subasta o de una compra particular.<\/p>\n<p>\u00abLa obra es un poderoso ejemplo de la maestr\u00eda de Caravaggio en el proceso de concepci\u00f3n: una composici\u00f3n h\u00e1bil que presenta una escena tridimensional y din\u00e1mica, totalmente innovadora dentro de los l\u00edmites de una tradici\u00f3n iconogr\u00e1fica arraigada\u00bb, han se\u00f1alado desde la pinacoteca espa\u00f1ola.<\/p>\n<p>noticia: <a href=\"https:\/\/www.larazon.es\/cultura\/arte\/ecce-homo-caravaggio-esta-museo-prado_20240523664edbbb3a4a7f00012ec7ff.html\">El \u00abEcce Homo\u00bb de Caravaggio ya est\u00e1 en el Museo del Prado (larazon.es)<\/a> <a href=\"https:\/\/www.museodelprado.es\/actualidad\/noticia\/el-museo-nacional-del-prado-y-colnaghi-anuncian\/dda32844-80b3-f345-dab9-b690f35fce8a\">El Museo Nacional del Prado y Colnaghi anuncian el pr\u00e9stamo temporal de la obra maestra de Caravaggio, Ecce Homo &#8211; Noticia &#8211; Museo Nacional del Prado (museodelprado.es)<\/a><\/p>\n","protected":false},"excerpt":{"rendered":"<p>El \u00f3leo que fue descubierto por sorpresa en Madrid en el 2021 se podr\u00e1 visitar en el museo del Prado tras \u00a0su restauraci\u00f3n y su estudio desde el 28 de mayo hasta octubre de 2024, gracias al pr\u00e9stamo de su propietario, permanecer\u00e1 expuesta en una sala individual y especial de dicho museo. Este \u00f3leo pintada [&hellip;]<\/p>\n","protected":false},"author":149,"featured_media":8705,"comment_status":"open","ping_status":"open","sticky":false,"template":"","format":"standard","meta":{"_acf_changed":false,"_monsterinsights_skip_tracking":false,"_monsterinsights_sitenote_active":false,"_monsterinsights_sitenote_note":"","_monsterinsights_sitenote_category":0,"footnotes":""},"categories":[45,46,44,167],"tags":[],"class_list":["post-8704","post","type-post","status-publish","format-standard","has-post-thumbnail","hentry","category-boletin-colorao","category-en-la-prensa","category-patrimonio","category-pintura-escultura"],"blocksy_meta":[],"acf":[],"jetpack_featured_media_url":"https:\/\/www.upo.es\/patio-colorado\/wp-content\/uploads\/2024\/05\/Ecce-Homo.jpg","_links":{"self":[{"href":"https:\/\/www.upo.es\/patio-colorado\/wp-json\/wp\/v2\/posts\/8704","targetHints":{"allow":["GET"]}}],"collection":[{"href":"https:\/\/www.upo.es\/patio-colorado\/wp-json\/wp\/v2\/posts"}],"about":[{"href":"https:\/\/www.upo.es\/patio-colorado\/wp-json\/wp\/v2\/types\/post"}],"author":[{"embeddable":true,"href":"https:\/\/www.upo.es\/patio-colorado\/wp-json\/wp\/v2\/users\/149"}],"replies":[{"embeddable":true,"href":"https:\/\/www.upo.es\/patio-colorado\/wp-json\/wp\/v2\/comments?post=8704"}],"version-history":[{"count":1,"href":"https:\/\/www.upo.es\/patio-colorado\/wp-json\/wp\/v2\/posts\/8704\/revisions"}],"predecessor-version":[{"id":8706,"href":"https:\/\/www.upo.es\/patio-colorado\/wp-json\/wp\/v2\/posts\/8704\/revisions\/8706"}],"wp:featuredmedia":[{"embeddable":true,"href":"https:\/\/www.upo.es\/patio-colorado\/wp-json\/wp\/v2\/media\/8705"}],"wp:attachment":[{"href":"https:\/\/www.upo.es\/patio-colorado\/wp-json\/wp\/v2\/media?parent=8704"}],"wp:term":[{"taxonomy":"category","embeddable":true,"href":"https:\/\/www.upo.es\/patio-colorado\/wp-json\/wp\/v2\/categories?post=8704"},{"taxonomy":"post_tag","embeddable":true,"href":"https:\/\/www.upo.es\/patio-colorado\/wp-json\/wp\/v2\/tags?post=8704"}],"curies":[{"name":"wp","href":"https:\/\/api.w.org\/{rel}","templated":true}]}}