{"id":8730,"date":"2024-05-26T15:19:46","date_gmt":"2024-05-26T15:19:46","guid":{"rendered":"https:\/\/www.upo.es\/patio-colorado\/?p=8730"},"modified":"2024-05-26T15:21:52","modified_gmt":"2024-05-26T15:21:52","slug":"manuel-salinas-exposicion-abstracto-estricto","status":"publish","type":"post","link":"https:\/\/www.upo.es\/patio-colorado\/2024\/05\/26\/manuel-salinas-exposicion-abstracto-estricto\/","title":{"rendered":"Manuel Salinas. Exposici\u00f3n Abstracto Estricto."},"content":{"rendered":"<p>Manuel Salinas (Sevilla, 1940-2021) fue un destacado pintor abstracto espa\u00f1ol, cuya carrera art\u00edstica dej\u00f3 una profunda huella en el arte contempor\u00e1neo. Nacido en Sevilla, comenz\u00f3 su trayectoria art\u00edstica pintando retratos y jardines, demostrando desde temprano un talento innato para la pintura. En la d\u00e9cada de 1970, Salinas se alej\u00f3 de los temas figurativos y se adentr\u00f3 en la abstracci\u00f3n minimalista, una corriente art\u00edstica que busca reducir al m\u00ednimo los elementos compositivos, enfoc\u00e1ndose en formas puras y colores b\u00e1sicos. Este cambio marc\u00f3 un punto de inflexi\u00f3n en su carrera y le permiti\u00f3 explorar nuevas formas de expresi\u00f3n art\u00edstica. Durante este per\u00edodo, Salinas tambi\u00e9n jug\u00f3 un papel crucial en el desarrollo cultural de su ciudad natal, al impulsar el Centro de Arte M-11, un proyecto experimental que tuvo una gran influencia en la vida art\u00edstica de Sevilla.<\/p>\n<p>Juan Manuel Bonet, cr\u00edtico de arte y miembro del equipo de M-11, destac\u00f3 la singularidad de Salinas al afirmar que fue el pintor abstracto que \u201cm\u00e1s se ha perdido antes de encontrarse\u201d. Esta reflexi\u00f3n subraya la evoluci\u00f3n personal y art\u00edstica de Salinas, quien encontr\u00f3 su verdadera voz en el lenguaje del expresionismo abstracto. Este estilo, caracterizado por la velocidad y libertad del gesto pict\u00f3rico, permiti\u00f3 a Salinas crear espacios pl\u00e1sticos donde el color y la emoci\u00f3n eran protagonistas, conquistando el lienzo con una sensibilidad \u00fanica. A partir de su incursi\u00f3n en el expresionismo abstracto, Salinas se autodefini\u00f3 como un \u00ababstracto estricto\u00bb. Esta descripci\u00f3n no solo encapsula su filosof\u00eda art\u00edstica, sino tambi\u00e9n su compromiso con una visi\u00f3n particular del arte. Su enfoque riguroso y apasionado por la abstracci\u00f3n se reflej\u00f3 en todas sus obras, convirti\u00e9ndolo en un referente del movimiento abstracto en Espa\u00f1a.<\/p>\n<p>A lo largo de su vida, Salinas particip\u00f3 en numerosas exposiciones tanto a nivel nacional como internacional, consolidando su reputaci\u00f3n como uno de los principales exponentes de la abstracci\u00f3n. Sus obras, caracterizadas por un uso audaz del color y una t\u00e9cnica gestual libre, contin\u00faan siendo estudiadas y admiradas por su capacidad para transmitir emociones profundas a trav\u00e9s de formas aparentemente simples.\u00a0Salinas falleci\u00f3 en 2021, dejando un legado art\u00edstico significativo. Su contribuci\u00f3n al arte abstracto y su influencia en la escena cultural sevillana y espa\u00f1ola perduran, y su obra sigue inspirando a nuevas generaciones de artistas. Este es recordado no solo por sus logros art\u00edsticos, sino tambi\u00e9n por su dedicaci\u00f3n a la exploraci\u00f3n y la innovaci\u00f3n dentro del arte contempor\u00e1neo.<\/p>\n<p>Esta exposici\u00f3n muestra que Manuel Salinas es uno de esos pintores que recrea el mismo cuadro una y otra vez, siempre igual y siempre diferente, sin caer en la monoton\u00eda. Cada obra encierra una versi\u00f3n nueva pero muy reconocible de lo que \u00e9l percibe como la imagen ideal de la pintura. Esta imagen ideal no se basa en un concepto plat\u00f3nico preexistente, sino que se va creando poco a poco en cada cuadro. Todas sus obras carecen de t\u00edtulo porque todas representan la misma pintura. La idea de \u00abPintura Pintura\u00bb es su concepto.<\/p>\n<p><strong>Fecha<\/strong>: 9 de mayo &#8211; 22 de septiembre de 2024<\/p>\n<p><strong>Ubicaci\u00f3n<\/strong>: CAAC &#8211; Centro Andaluz de Arte Contempor\u00e1neo \/ Monasterio de la Cartuja &#8211; Avda. Am\u00e9rico Vespucio, 2 \/ Sevilla, Espa\u00f1a<\/p>\n<p><strong>Entrada gratuita<\/strong><\/p>\n<p><span style=\"font-weight: 400\"><strong>M\u00e1s informaci\u00f3n<\/strong>: https:\/\/www.caac.es\/programa\/manuelsalinas\/frame.htm<\/span><\/p>\n<p><img loading=\"lazy\" decoding=\"async\" class=\"alignnone size-medium wp-image-8733\" src=\"https:\/\/www.upo.es\/patio-colorado\/wp-content\/uploads\/2024\/05\/unnamed-300x300.jpg\" alt=\"\" width=\"300\" height=\"300\" srcset=\"https:\/\/www.upo.es\/patio-colorado\/wp-content\/uploads\/2024\/05\/unnamed-300x300.jpg 300w, https:\/\/www.upo.es\/patio-colorado\/wp-content\/uploads\/2024\/05\/unnamed-150x150.jpg 150w, https:\/\/www.upo.es\/patio-colorado\/wp-content\/uploads\/2024\/05\/unnamed.jpg 650w\" sizes=\"auto, (max-width: 300px) 100vw, 300px\" \/>\u00a0 \u00a0 \u00a0 \u00a0 \u00a0 \u00a0 \u00a0 \u00a0 \u00a0 \u00a0 \u00a0 \u00a0 \u00a0 \u00a0 \u00a0 <img loading=\"lazy\" decoding=\"async\" class=\"alignnone wp-image-8734\" src=\"https:\/\/www.upo.es\/patio-colorado\/wp-content\/uploads\/2024\/05\/manuelsalinas02pq.jpg\" alt=\"\" width=\"359\" height=\"240\" \/><\/p>\n<p>&nbsp;<\/p>\n<p>Fuente:\u00a0<a href=\"https:\/\/www.caac.es\/programa\/manuelsalinas\/frame.htm\">Centro Andaluz de Arte Contempor\u00e1neo<\/a><\/p>\n","protected":false},"excerpt":{"rendered":"<p>Manuel Salinas (Sevilla, 1940-2021) fue un destacado pintor abstracto espa\u00f1ol, cuya carrera art\u00edstica dej\u00f3 una profunda huella en el arte contempor\u00e1neo. Nacido en Sevilla, comenz\u00f3 su trayectoria art\u00edstica pintando retratos y jardines, demostrando desde temprano un talento innato para la pintura. En la d\u00e9cada de 1970, Salinas se alej\u00f3 de los temas figurativos y se [&hellip;]<\/p>\n","protected":false},"author":142,"featured_media":0,"comment_status":"open","ping_status":"open","sticky":false,"template":"","format":"standard","meta":{"_acf_changed":false,"_monsterinsights_skip_tracking":false,"_monsterinsights_sitenote_active":false,"_monsterinsights_sitenote_note":"","_monsterinsights_sitenote_category":0,"footnotes":""},"categories":[1,44,167,301],"tags":[],"class_list":["post-8730","post","type-post","status-publish","format-standard","hentry","category-sin-categoria","category-patrimonio","category-pintura-escultura","category-sevilla"],"blocksy_meta":[],"acf":[],"jetpack_featured_media_url":"","_links":{"self":[{"href":"https:\/\/www.upo.es\/patio-colorado\/wp-json\/wp\/v2\/posts\/8730","targetHints":{"allow":["GET"]}}],"collection":[{"href":"https:\/\/www.upo.es\/patio-colorado\/wp-json\/wp\/v2\/posts"}],"about":[{"href":"https:\/\/www.upo.es\/patio-colorado\/wp-json\/wp\/v2\/types\/post"}],"author":[{"embeddable":true,"href":"https:\/\/www.upo.es\/patio-colorado\/wp-json\/wp\/v2\/users\/142"}],"replies":[{"embeddable":true,"href":"https:\/\/www.upo.es\/patio-colorado\/wp-json\/wp\/v2\/comments?post=8730"}],"version-history":[{"count":3,"href":"https:\/\/www.upo.es\/patio-colorado\/wp-json\/wp\/v2\/posts\/8730\/revisions"}],"predecessor-version":[{"id":8735,"href":"https:\/\/www.upo.es\/patio-colorado\/wp-json\/wp\/v2\/posts\/8730\/revisions\/8735"}],"wp:attachment":[{"href":"https:\/\/www.upo.es\/patio-colorado\/wp-json\/wp\/v2\/media?parent=8730"}],"wp:term":[{"taxonomy":"category","embeddable":true,"href":"https:\/\/www.upo.es\/patio-colorado\/wp-json\/wp\/v2\/categories?post=8730"},{"taxonomy":"post_tag","embeddable":true,"href":"https:\/\/www.upo.es\/patio-colorado\/wp-json\/wp\/v2\/tags?post=8730"}],"curies":[{"name":"wp","href":"https:\/\/api.w.org\/{rel}","templated":true}]}}