{"id":8763,"date":"2024-05-31T11:42:55","date_gmt":"2024-05-31T11:42:55","guid":{"rendered":"https:\/\/www.upo.es\/patio-colorado\/?p=8763"},"modified":"2024-05-31T11:42:55","modified_gmt":"2024-05-31T11:42:55","slug":"el-teatro-en-el-seno-de-la-upo-furor-bacchicus","status":"publish","type":"post","link":"https:\/\/www.upo.es\/patio-colorado\/2024\/05\/31\/el-teatro-en-el-seno-de-la-upo-furor-bacchicus\/","title":{"rendered":"El teatro en el seno de la UPO: Furor Bacchicus"},"content":{"rendered":"<p><span style=\"font-weight: 400\">Una universidad sin vida cultural estudiantil no ser\u00eda una universidad implicada con las inquietudes de sus estudiantes, y eso la Pablo de Olavide lo tiene muy claro.<\/span><\/p>\n<p><span style=\"font-weight: 400\">Por una parte encontramos la Extensi\u00f3n Cultural, con su lema <\/span><i><span style=\"font-weight: 400\">La UPO es cultura<\/span><\/i><span style=\"font-weight: 400\">, quienes organizan todas las actividades art\u00edsticas, ofrecen diversas formaciones como teatro, canto o baile y est\u00e1n muy inculcados socialmente a trav\u00e9s de su espacio cultural \u00abEl entramado\u00bb. A trav\u00e9s de este enlace encontrar\u00e9is su Agenda Cultural, con todas las actividades que se ofrecen la universidad este curso 2023\/2024:<\/span><a href=\"https:\/\/www.upo.es\/upsc\/extension_cultural\/agenda\/\"><span style=\"font-weight: 400\"> https:\/\/www.upo.es\/upsc\/extension_cultural\/agenda\/<\/span><\/a><span style=\"font-weight: 400\">.<\/span><\/p>\n<p><span style=\"font-weight: 400\">Por otra parte, \u00edntimamente relacionado con la Facultad de Humanidades, est\u00e1 el grupo de teatro grecolatino <\/span><i><span style=\"font-weight: 400\">Furor Bacchicus,<\/span><\/i><span style=\"font-weight: 400\"> el que tambi\u00e9n ha ayudado al impulso art\u00edstico de la universidad. En la propia p\u00e1gina de la facultad est\u00e1 as\u00ed presentado: \u00abFuror Bacchicus Teatro nace en 2012 en el seno de la Facultad de Humanidades de la Universidad Pablo de Olavide para explorar y difundir el teatro grecolatino y, con ello, reivindicar la cultura y los saberes human\u00edsticos como bienes de primera necesidad. Est\u00e1 formada por alumnos y egresados de los grados en Humanidades, Geograf\u00eda e Historia, Traducci\u00f3n e Interpretaci\u00f3n, doble Grado en Ciencias Ambientales y Geograf\u00eda e Historia y doble grado en Humanidades y Traducci\u00f3n e Interpretaci\u00f3n de la Universidad Pablo de Olavide, con la coordinaci\u00f3n de las profesoras Rosario Moreno y Mercedes de la Torre\u00bb (Facultad de Humanidades, UPO, 2022).<\/span><\/p>\n<p><span style=\"font-weight: 400\">En sus casi trece cursos de trayectoria, la compa\u00f1\u00eda ha representado\u00a0 obras: \u00abLa Asamblea de las Mujeres\u00bb\u00a0 de Arist\u00f3fanes; \u00abC\u00e1sina\u00bb, \u00abEl Cartagin\u00e9s\u00bb, \u00abLa maroma\u00bb de Plauto; \u00abEl Juicio de Paris\u00bb de Luciano de Sam\u00f3sata, \u00abLas Troyanas\u00bb de Eur\u00edpides, \u00abClitemnestra encadenada\u00bb, de creaci\u00f3n propia y \u00ab\u00a1Todas contra Eur\u00edpides!\u00bb, basada en \u00abLas Tesmoforias\u00bb de Arist\u00f3fanes. Durante la pandemia, la compa\u00f1\u00eda lanz\u00f3 el programa de radio <\/span><i><span style=\"font-weight: 400\">Onda Olimpo<\/span><\/i><span style=\"font-weight: 400\"> y estren\u00f3 una nueva versi\u00f3n de \u00abEl juicio de Paris\u00bb en versi\u00f3n radiof\u00f3nica, para culminar con estos \u00faltimos a\u00f1os con las obras \u00abAndr\u00f3maca\u00bb de Eur\u00edpides y \u00abEstico\u00bb, de Plauto.<\/span><\/p>\n<p><span style=\"font-weight: 400\">En este a\u00f1o vuelve muy fuerte, pues se ha representado una nueva versi\u00f3n de \u00abLa Asamblea de las mujeres\u00bb, con un renovado texto y un elenco joven y decidido a seguir con el bonito legado griego. Se pudo disfrutar del estreno los d\u00edas 11 y 12 de abril, enmarcado en las Jornadas de Puertas Abiertas de la UPO y el 22 y 23 de abril por la Semana de las Humanidades.<\/span><\/p>\n<p style=\"text-align: center\"><span style=\"font-weight: 400\"><img loading=\"lazy\" decoding=\"async\" class=\"alignnone size-medium wp-image-8764\" src=\"https:\/\/www.upo.es\/patio-colorado\/wp-content\/uploads\/2024\/05\/Asamblea_02_2-371x525-1-212x300.jpg\" alt=\"\" width=\"212\" height=\"300\" srcset=\"https:\/\/www.upo.es\/patio-colorado\/wp-content\/uploads\/2024\/05\/Asamblea_02_2-371x525-1-212x300.jpg 212w, https:\/\/www.upo.es\/patio-colorado\/wp-content\/uploads\/2024\/05\/Asamblea_02_2-371x525-1.jpg 371w\" sizes=\"auto, (max-width: 212px) 100vw, 212px\" \/><\/span><\/p>\n<p>&nbsp;<\/p>\n<p><span style=\"font-weight: 400\">He decidido que esta entrada sea la \u00faltima ya que es la m\u00e1s importante para m\u00ed pues yo misma formo parte del grupo. Por ello, he decidido hacer algunas preguntas a cuatro de mis compa\u00f1eros, que son verdaderos artistas:<\/span><\/p>\n<p><b>1<\/b><\/p>\n<ul>\n<li style=\"font-weight: 400\"><span style=\"font-weight: 400\">Nombre, tiempo que llevas y raz\u00f3n por la que entraste en Furor Bacchicus<\/span><span style=\"font-weight: 400\">.<\/span><\/li>\n<\/ul>\n<p><em><span style=\"font-weight: 400\">Isabel Cabral Argueta, llevo ocho meses (un curso) en furor y entr\u00e9 porque en las jornadas de bienvenida los que estaban en el stand fueron s\u00faper simp\u00e1ticos y nos trataron genial y me apetec\u00eda participar en cosas y no limitarme a ir a clase y como desde el primer momento fueron tan acogedores, supe que ten\u00eda que entrar porque me iban a dar muchas alegr\u00edas y risas.\u00a0<\/span><\/em><\/p>\n<ul>\n<li style=\"font-weight: 400\"><span style=\"font-weight: 400\">\u00bfObra favorita que haya representado el grupo? \u00bfPor qu\u00e9 lo es?<\/span><\/li>\n<\/ul>\n<p><em><span style=\"font-weight: 400\">\u00abAndr\u00f3maca\u00bb, porque era una obra que no esperaba representar y me pareci\u00f3 imponente y muy impactante la primera vez que vi un trocito en un ensayo y poder formar parte de esa pedazo de obra me hizo mucha ilusi\u00f3n.<\/span><\/em><\/p>\n<ul>\n<li style=\"font-weight: 400\"><span style=\"font-weight: 400\">\u00bfQu\u00e9 es lo que m\u00e1s te gusta de la compa\u00f1\u00eda?<\/span><\/li>\n<\/ul>\n<p><em><span style=\"font-weight: 400\">El buen ambiente que hay, que a pesar de ser de diferentes cursos y carreras todos nos ayudamos en todo lo que podemos porque tenemos mucha ilusi\u00f3n. Que Furor no es solo una compa\u00f1\u00eda de teatro universitario, sino que es una familia y un lugar seguro en el que todo el mundo es bienvenido.\u00a0<\/span><\/em><\/p>\n<ul>\n<li style=\"font-weight: 400\"><span style=\"font-weight: 400\">\u00bfQu\u00e9 es lo que m\u00e1s te ha aportado?<\/span><\/li>\n<\/ul>\n<p><em><span style=\"font-weight: 400\">Me ha aportado unas amistades maravillosas y la capacidad de adaptarnos a todo en cualquier momento.<\/span><\/em><\/p>\n<p>&nbsp;<\/p>\n<p><b>2<\/b><\/p>\n<ul>\n<li style=\"font-weight: 400\"><span style=\"font-weight: 400\">Nombre, tiempo que llevas y raz\u00f3n por la que entraste en Furor Bacchicus<\/span><span style=\"font-weight: 400\">.<\/span><\/li>\n<\/ul>\n<p><em><span style=\"font-weight: 400\">Alejandro S\u00e1nchez M\u00e1rquez, llevo un a\u00f1o y medio en el grupo y estudio el Doble Grado de Humanidades con Traducci\u00f3n e Interpretaci\u00f3n. <\/span><span style=\"font-weight: 400\">Me un\u00ed al grupo porque el teatro es mi pasi\u00f3n, dej\u00e9 de participar en \u00e9l durante bachillerato y ahora en la universidad he vuelto a ver la oportunidad. Adem\u00e1s, este grupo de teatro une dos de mis grandes pasiones: el teatro en s\u00ed y la Antig\u00fcedad Cl\u00e1sica.\u00a0<\/span><\/em><\/p>\n<ul>\n<li style=\"font-weight: 400\"><span style=\"font-weight: 400\">\u00bfObra favorita que haya representado el grupo? \u00bfPor qu\u00e9 lo es?<\/span><\/li>\n<\/ul>\n<p><em><span style=\"font-weight: 400\">Andr\u00f3maca. De momento solo he participado en \u00abAndr\u00f3maca\u00bb, \u00abEstico\u00bb y \u00abLa Asamblea de las mujeres\u00bb; y aunque en las dos \u00faltimas obras s\u00ed hablo y tengo una participaci\u00f3n m\u00e1s activa, ya que en Andr\u00f3maca llegu\u00e9 con la obra ya montada y no pude tener un mayor papel que el de soldado; Andr\u00f3maca para mi es muy emocionante, un drama incre\u00edble y cargado de mitolog\u00eda, un coro fant\u00e1stico y un final apote\u00f3sico. Andr\u00f3maca signific\u00f3 mucho para m\u00ed en su momento, por lo que ser\u00eda mi elecci\u00f3n. Aunque he de admitir que las tres son muy importantes para m\u00ed.<\/span><\/em><\/p>\n<ul>\n<li style=\"font-weight: 400\"><span style=\"font-weight: 400\">\u00bfQu\u00e9 es lo que m\u00e1s te gusta de la compa\u00f1\u00eda?<\/span><\/li>\n<\/ul>\n<p><em><span style=\"font-weight: 400\">El compa\u00f1erismo que tenemos entre todos.<\/span><\/em><\/p>\n<ul>\n<li style=\"font-weight: 400\"><span style=\"font-weight: 400\">\u00bfQu\u00e9 es lo que m\u00e1s te ha aportado?<\/span><\/li>\n<\/ul>\n<p><em><span style=\"font-weight: 400\">Un hueco en la universidad donde puedo ser yo mismo, as\u00ed como unos amigos y compa\u00f1eros inolvidables.<\/span><\/em><\/p>\n<p>&nbsp;<\/p>\n<p><b>3<\/b><\/p>\n<ul>\n<li style=\"font-weight: 400\"><span style=\"font-weight: 400\">Nombre, tiempo que llevas y raz\u00f3n por la que entraste en Furor Bacchicus.<\/span><\/li>\n<\/ul>\n<p><em><span style=\"font-weight: 400\">Mari Cruz Mesa Ruiz, casi 2 a\u00f1os en Furor. Entr\u00e9 porque fui a la charla de presentaci\u00f3n y me encant\u00f3 el ambiente. Hac\u00eda tiempo que me picaba el gusanillo del teatro y aprovech\u00e9 la oportunidad.\u00a0<\/span><\/em><\/p>\n<ul>\n<li style=\"font-weight: 400\"><span style=\"font-weight: 400\">\u00bfObra favorita que haya representado el grupo? \u00bfPor qu\u00e9 lo es?<\/span><\/li>\n<\/ul>\n<p><em><span style=\"font-weight: 400\">Mi obra favorita es Andr\u00f3maca. Me\u00a0 parece muy interesante la historia y me gusta que se hable de c\u00f3mo sufrieron las mujeres las consecuencias de la guerra de Troya. Adem\u00e1s, el grupo la represent\u00f3 genial, fue muy emotiva.\u00a0<\/span><\/em><\/p>\n<ul>\n<li style=\"font-weight: 400\"><span style=\"font-weight: 400\">\u00bfQu\u00e9 es lo que m\u00e1s te gusta de la compa\u00f1\u00eda?<\/span><\/li>\n<\/ul>\n<p><em><span style=\"font-weight: 400\">La familiaridad y el respeto con el que nos tratamos todos a todos, es un refugio en el que me siento como en casa incluso estando lejos de ella.\u00a0<\/span><\/em><\/p>\n<ul>\n<li style=\"font-weight: 400\"><span style=\"font-weight: 400\">\u00bfQu\u00e9 es lo que te ha aportado?<\/span><\/li>\n<\/ul>\n<p><span style=\"font-weight: 400\"><em>Pertenecer a Furor me ha aportado muchas cosas: m\u00e1s seguridad en m\u00ed misma, muchas m\u00e1s nociones de mitolog\u00eda y cultura grecolatina, ganas de indagar un poco m\u00e1s en la literatura cl\u00e1sica y, lo m\u00e1s importante, un gran grupo de amigos que perdurar\u00e1n en el tiempo.<\/em><br \/>\n<\/span><\/p>\n<p>&nbsp;<\/p>\n<p><b>4<\/b><\/p>\n<ul>\n<li style=\"font-weight: 400\"><span style=\"font-weight: 400\">Nombre, tiempo que llevas y raz\u00f3n por la que entraste en Furor Bacchicus<\/span><span style=\"font-weight: 400\">.<\/span><\/li>\n<\/ul>\n<p><em><span style=\"font-weight: 400\">Jaime Yuste, llevo cuatro a\u00f1os en Furor (con interrupci\u00f3n de uni en que me fui de Erasmus) y entr\u00e9 en Furor por curiosidad de buscar actividades al entrar en la universidad. Nunca hab\u00eda estado en teatro, pero actuar era algo que me llamaba la atenci\u00f3n, as\u00ed que acompa\u00f1\u00e9 a una amiga m\u00eda a la reuni\u00f3n de inicio de curso de Furor Bacchicus, me gust\u00f3 el ambiente que hab\u00eda y decid\u00ed quedarme.<\/span><\/em><\/p>\n<ul>\n<li style=\"font-weight: 400\"><span style=\"font-weight: 400\">\u00bfObra favorita que haya representado el grupo? \u00bfPor qu\u00e9 lo es?<\/span><\/li>\n<\/ul>\n<p><em><span style=\"font-weight: 400\">Mi obra favorita ha sido Andr\u00f3maca, en gran parte por el recuerdo tan especial que guardo de ella, al ser la primera obra que represente sobre los escenarios. Creo que quedo un trabajo muy completo, muy profesional, supimos mostrar bien las complejidades de los personajes principales, sobre todo Andromaca y Hermione, que estuvieron interpretadas de incre\u00edble manera. Fue, aunque resulte ir\u00f3nico, muy divertido hacer una tragedia, el meterse en el papel de estos grandes dramas dejando a un lado el cachondeo que ten\u00edamos en el grupo.<\/span><\/em><\/p>\n<ul>\n<li style=\"font-weight: 400\"><span style=\"font-weight: 400\">\u00bfQu\u00e9 es lo que m\u00e1s te gusta de la compa\u00f1\u00eda?<\/span><\/li>\n<\/ul>\n<p><em><span style=\"font-weight: 400\">Creo que lo que m\u00e1s me gusta es el buen ambiente que hay, la flexibilidad y comprensi\u00f3n y la buena adaptaci\u00f3n que se hace de los cl\u00e1sicos grecolatinos para aprenderlo de forma m\u00e1s did\u00e1ctica, por eso me parece tan chulo que representemos frente a institutos porque se empapan de este car\u00e1cter did\u00e1ctico de la asociaci\u00f3n.<\/span><\/em><\/p>\n<ul>\n<li style=\"font-weight: 400\"><span style=\"font-weight: 400\">\u00bfQu\u00e9 es lo que te ha aportado?<\/span><\/li>\n<\/ul>\n<p><em><span style=\"font-weight: 400\">Creo que lo que m\u00e1s me ha aportado es seguridad y confianza en m\u00ed mismo, al tener que enfrentarme a un gran p\u00fablico, he tenido que perder mucha timidez y me ha ayudado a expresarme mejor en p\u00fablico.<\/span><\/em><\/p>\n<p>&nbsp;<\/p>\n<p><span style=\"font-weight: 400\">A esta \u00faltima responder\u00e9 yo tambi\u00e9n. Furor ha estado conmigo desde que entr\u00e9 en la universidad all\u00e1 por 2020 y se ha convertido en algo m\u00e1s que un simple grupo de teatro. No solo es un espacio en el que puedo ser yo misma sin ning\u00fan tipo de tapujos sino que ha sido una fuente vital de aprendizaje a nivel emocional y un pilar en mi experiencia en la universidad.<\/span><\/p>\n<p>&nbsp;<\/p>\n<p><b>Fuentes<\/b><span style=\"font-weight: 400\">: <\/span><a href=\"https:\/\/www.upo.es\/facultad-humanidades\/es\/de-interes\/Noticias-de-la-Facultad\/Furor-Bacchicus-Teatro-vuelve-a-los-escenarios-con-Andromaca-de-Euripides\/\"><span style=\"font-weight: 400\">https:\/\/www.upo.es\/facultad-humanidades\/es\/de-interes\/Noticias-de-la-Facultad\/Furor-Bacchicus-Teatro-vuelve-a-los-escenarios-con-Andromaca-de-Euripides\/<\/span><\/a><\/p>\n","protected":false},"excerpt":{"rendered":"<p>Una universidad sin vida cultural estudiantil no ser\u00eda una universidad implicada con las inquietudes de sus estudiantes, y eso la Pablo de Olavide lo tiene muy claro. Por una parte encontramos la Extensi\u00f3n Cultural, con su lema La UPO es cultura, quienes organizan todas las actividades art\u00edsticas, ofrecen diversas formaciones como teatro, canto o baile [&hellip;]<\/p>\n","protected":false},"author":139,"featured_media":8765,"comment_status":"open","ping_status":"open","sticky":false,"template":"","format":"standard","meta":{"_acf_changed":false,"_monsterinsights_skip_tracking":false,"_monsterinsights_sitenote_active":false,"_monsterinsights_sitenote_note":"","_monsterinsights_sitenote_category":0,"footnotes":""},"categories":[137,23],"tags":[],"class_list":["post-8763","post","type-post","status-publish","format-standard","has-post-thumbnail","hentry","category-entrevistas","category-patrimonio-vivo"],"blocksy_meta":[],"acf":[],"jetpack_featured_media_url":"https:\/\/www.upo.es\/patio-colorado\/wp-content\/uploads\/2024\/05\/Asambleafoto-scaled.jpg","_links":{"self":[{"href":"https:\/\/www.upo.es\/patio-colorado\/wp-json\/wp\/v2\/posts\/8763","targetHints":{"allow":["GET"]}}],"collection":[{"href":"https:\/\/www.upo.es\/patio-colorado\/wp-json\/wp\/v2\/posts"}],"about":[{"href":"https:\/\/www.upo.es\/patio-colorado\/wp-json\/wp\/v2\/types\/post"}],"author":[{"embeddable":true,"href":"https:\/\/www.upo.es\/patio-colorado\/wp-json\/wp\/v2\/users\/139"}],"replies":[{"embeddable":true,"href":"https:\/\/www.upo.es\/patio-colorado\/wp-json\/wp\/v2\/comments?post=8763"}],"version-history":[{"count":1,"href":"https:\/\/www.upo.es\/patio-colorado\/wp-json\/wp\/v2\/posts\/8763\/revisions"}],"predecessor-version":[{"id":8766,"href":"https:\/\/www.upo.es\/patio-colorado\/wp-json\/wp\/v2\/posts\/8763\/revisions\/8766"}],"wp:featuredmedia":[{"embeddable":true,"href":"https:\/\/www.upo.es\/patio-colorado\/wp-json\/wp\/v2\/media\/8765"}],"wp:attachment":[{"href":"https:\/\/www.upo.es\/patio-colorado\/wp-json\/wp\/v2\/media?parent=8763"}],"wp:term":[{"taxonomy":"category","embeddable":true,"href":"https:\/\/www.upo.es\/patio-colorado\/wp-json\/wp\/v2\/categories?post=8763"},{"taxonomy":"post_tag","embeddable":true,"href":"https:\/\/www.upo.es\/patio-colorado\/wp-json\/wp\/v2\/tags?post=8763"}],"curies":[{"name":"wp","href":"https:\/\/api.w.org\/{rel}","templated":true}]}}