{"id":8771,"date":"2024-06-06T09:41:41","date_gmt":"2024-06-06T09:41:41","guid":{"rendered":"https:\/\/www.upo.es\/patio-colorado\/?p=8771"},"modified":"2024-06-06T09:41:41","modified_gmt":"2024-06-06T09:41:41","slug":"la-cueva-de-las-ventanas","status":"publish","type":"post","link":"https:\/\/www.upo.es\/patio-colorado\/2024\/06\/06\/la-cueva-de-las-ventanas\/","title":{"rendered":"La Cueva de las Ventanas"},"content":{"rendered":"<p>Estamos m\u00e1s que acostumbrados a que nuestra gran querida Andaluc\u00eda tenga una gran cantidad de lugares impresionantes que podemos visitar y, en la entrada de hoy, vamos a hablar de una impresionante cueva que ha sido reconocida como Bien de Inter\u00e9s Cultural. \u00bfQu\u00e9 significa eso? De acuerdo con el diccionario panhisp\u00e1nico del espa\u00f1ol jur\u00eddico: \u00abcategor\u00eda de protecci\u00f3n de aquellos bienes integrantes del patrimonio hist\u00f3rico que por su especial relevancia son declarados (\u2026) con el fin de otorgarles una especial defensa y para prohibir su exportaci\u00f3n definitiva\u00bb.<\/p>\n<p><img loading=\"lazy\" decoding=\"async\" class=\"wp-image-8772 aligncenter\" src=\"https:\/\/www.upo.es\/patio-colorado\/wp-content\/uploads\/2024\/06\/cuevadelasventanas100-300x187.jpg\" alt=\"\" width=\"441\" height=\"275\" srcset=\"https:\/\/www.upo.es\/patio-colorado\/wp-content\/uploads\/2024\/06\/cuevadelasventanas100-300x187.jpg 300w, https:\/\/www.upo.es\/patio-colorado\/wp-content\/uploads\/2024\/06\/cuevadelasventanas100-1024x639.jpg 1024w, https:\/\/www.upo.es\/patio-colorado\/wp-content\/uploads\/2024\/06\/cuevadelasventanas100-768x479.jpg 768w, https:\/\/www.upo.es\/patio-colorado\/wp-content\/uploads\/2024\/06\/cuevadelasventanas100.jpg 1200w\" sizes=\"auto, (max-width: 441px) 100vw, 441px\" \/><\/p>\n<p style=\"text-align: center\">(Waste Magazine, s.f.)<\/p>\n<p>Dicha cueva es\u00a0<em>La Cueva de las Ventanas <\/em>o <em>Cueva del Pi\u00f1ar<\/em>, localizada en la sierra de Arana (Granada) a m\u00e1s de 1.000 metros de altitud y es uno de los monumentos m\u00e1s importantes de esa zona. No solo cuenta con incre\u00edbles formaciones culturales, sino que adem\u00e1s se han encontrado evidencias de ocupaci\u00f3n humana desde el Paleol\u00edtico hasta la Edad Media; por lo que podemos afirmar que es, sin duda, un lugar m\u00e1s que interesante para visitar.<\/p>\n<p>Tras unas labores de limpieza y aprovisionamiento, la cueva se abri\u00f3 al p\u00fablico en el a\u00f1o 1999 y se trata de la \u00fanica cueva de Europa que est\u00e1 acondicionada para aquellas personas con movilidad reducida, por lo que es un destino tur\u00edstico de lo m\u00e1s accesible. Recibe el nombre de\u00a0<em>La Cueva de las Ventanas\u00a0<\/em>debido a que tiene tres grandes accesos que se asemejan a tres grandes ventanales.<\/p>\n<p>Para visitar la cueva, es fundamental hacer uso de un tren tur\u00edstico, que es el encargado de transportar a los visitantes en un trayecto de unos 15 minutos aproximadamente, en el que se recorre las calles del P\u00ed\u00f1ar hasta llegar a la entrada del monumento. Dicha visita da inicio con la conocida <em>Gran Sala, <\/em>de unos 60 metros de longitud, lugar de desarrollo de la vida cotidiana en anta\u00f1o. La cueva cuenta con diferentes galer\u00edas, todas ellas decoradas con elementos impresionantes como estalactitas, estalagmitas y formaciones calc\u00e1reas formadas por la acci\u00f3n del agua a lo largo de millones de a\u00f1os. Tambi\u00e9n se muestran aquellas representaciones que hacen referencia a la trayectoria del hombre por esa cueva, como pueden ser recreaciones de enterramientos y hogares neol\u00edticos, adem\u00e1s de reproducciones de cer\u00e1micas y otros utensilios.<\/p>\n<p>A pesar de haber estado ocupada desde hace miles de a\u00f1os, con presencia visigoda, romana y almor\u00e1vide, las excavaciones arqueol\u00f3gicas serias no empezaron hasta el a\u00f1o 1916. Para visitar la cueva, el precio es de 8 euros para adultos y 5 euros para los m\u00e1s peque\u00f1os de la casa, aunque cuenta con un horario bastante adaptable: de 10 a 14 horas por la ma\u00f1ana y de 16 a 20 por la tarde.<\/p>\n<p>\u00a1Aprovecha el verano para visitar lugares tan incre\u00edbles como este!<\/p>\n<p>Bibliograf\u00eda<\/p>\n<p>Bien de Inter\u00e9s Cultural. (s.f). RAE. Recuperado el 6 de junio de 2024, de https:\/\/dpej.rae.es\/lema\/bien-de-inter%C3%A9s-cultural<\/p>\n<p>Gonz\u00e1lez, M. (2024, junio 4).\u00a0<i>La impresionante cueva andaluza ubicada a 1.000 metros de altura que ha sido reconocida como Bien de Inter\u00e9s Cultural<\/i>. infobae. https:\/\/www.infobae.com\/espana\/viajes\/2024\/06\/04\/la-impresionante-cueva-andaluza-ubicada-a-1000-metros-de-altura-que-ha-sido-reconocida-como-bien-de-interes-cultural\/<\/p>\n<div>\n<p>Waste magazine. (s.f). <i>Monumento Natural Cueva de las ventanas, Pi\u00f1ar, Granada, en Waste Magazine<\/i>. Waste Magazine. Recuperado el 6 de junio de 2024, de https:\/\/wastemagazine.es\/cuevaventanas.htm<\/p>\n<div><\/div>\n<\/div>\n","protected":false},"excerpt":{"rendered":"<p>Estamos m\u00e1s que acostumbrados a que nuestra gran querida Andaluc\u00eda tenga una gran cantidad de lugares impresionantes que podemos visitar y, en la entrada de hoy, vamos a hablar de una impresionante cueva que ha sido reconocida como Bien de Inter\u00e9s Cultural. \u00bfQu\u00e9 significa eso? De acuerdo con el diccionario panhisp\u00e1nico del espa\u00f1ol jur\u00eddico: \u00abcategor\u00eda [&hellip;]<\/p>\n","protected":false},"author":133,"featured_media":8773,"comment_status":"open","ping_status":"open","sticky":false,"template":"","format":"standard","meta":{"_acf_changed":false,"_monsterinsights_skip_tracking":false,"_monsterinsights_sitenote_active":false,"_monsterinsights_sitenote_note":"","_monsterinsights_sitenote_category":0,"footnotes":""},"categories":[46,305,170],"tags":[],"class_list":["post-8771","post","type-post","status-publish","format-standard","has-post-thumbnail","hentry","category-en-la-prensa","category-granada","category-monumentos-y-turismo"],"blocksy_meta":[],"acf":[],"jetpack_featured_media_url":"https:\/\/www.upo.es\/patio-colorado\/wp-content\/uploads\/2024\/06\/cuevadelasventanas100-1.jpg","_links":{"self":[{"href":"https:\/\/www.upo.es\/patio-colorado\/wp-json\/wp\/v2\/posts\/8771","targetHints":{"allow":["GET"]}}],"collection":[{"href":"https:\/\/www.upo.es\/patio-colorado\/wp-json\/wp\/v2\/posts"}],"about":[{"href":"https:\/\/www.upo.es\/patio-colorado\/wp-json\/wp\/v2\/types\/post"}],"author":[{"embeddable":true,"href":"https:\/\/www.upo.es\/patio-colorado\/wp-json\/wp\/v2\/users\/133"}],"replies":[{"embeddable":true,"href":"https:\/\/www.upo.es\/patio-colorado\/wp-json\/wp\/v2\/comments?post=8771"}],"version-history":[{"count":1,"href":"https:\/\/www.upo.es\/patio-colorado\/wp-json\/wp\/v2\/posts\/8771\/revisions"}],"predecessor-version":[{"id":8774,"href":"https:\/\/www.upo.es\/patio-colorado\/wp-json\/wp\/v2\/posts\/8771\/revisions\/8774"}],"wp:featuredmedia":[{"embeddable":true,"href":"https:\/\/www.upo.es\/patio-colorado\/wp-json\/wp\/v2\/media\/8773"}],"wp:attachment":[{"href":"https:\/\/www.upo.es\/patio-colorado\/wp-json\/wp\/v2\/media?parent=8771"}],"wp:term":[{"taxonomy":"category","embeddable":true,"href":"https:\/\/www.upo.es\/patio-colorado\/wp-json\/wp\/v2\/categories?post=8771"},{"taxonomy":"post_tag","embeddable":true,"href":"https:\/\/www.upo.es\/patio-colorado\/wp-json\/wp\/v2\/tags?post=8771"}],"curies":[{"name":"wp","href":"https:\/\/api.w.org\/{rel}","templated":true}]}}