{"id":910,"date":"2020-04-14T17:39:00","date_gmt":"2020-04-14T17:39:00","guid":{"rendered":"https:\/\/www.upo.es\/patio-colorado\/?p=910"},"modified":"2020-04-14T17:39:00","modified_gmt":"2020-04-14T17:39:00","slug":"rutas-virtuales-por-el-espacio-santa-clara","status":"publish","type":"post","link":"https:\/\/www.upo.es\/patio-colorado\/2020\/04\/14\/rutas-virtuales-por-el-espacio-santa-clara\/","title":{"rendered":"Rutas virtuales por el Espacio Santa Clara"},"content":{"rendered":"<p>El Ayuntamiento de Sevilla ofrece desde su web a los ciudadanos la posibilidad de disfrutar de una ruta con vista 360 grados para conocer este conjunto art\u00edstico-cultural desde casa. Dentro de sus instalaciones alberga a la Casa de los Poetas y las Letras y tambi\u00e9n acoge m\u00faltiples exposiciones temporales y diferentes actividades culturales. Asimismo, cuenta con la Sala Luis Gordillo, dedicada de forma permanente a la obra del artista sevillano, una de las principales figuras del arte abstracto en Espa\u00f1a. Gracias a esta ruta virtual, se puede conocer con mayor detalle algunos elementos de este conjunto como el claustro renacentista, el refectorio o la Torre Don Fadrique.<\/p>\n<figure id=\"attachment_912\" aria-describedby=\"caption-attachment-912\" style=\"width: 391px\" class=\"wp-caption alignnone\"><img loading=\"lazy\" decoding=\"async\" class=\"wp-image-912\" src=\"https:\/\/www.upo.es\/patio-colorado\/wp-content\/uploads\/2020\/04\/240px-Real_Monasterio_de_Santa_Clara._Refectorio.jpg\" alt=\"\" width=\"391\" height=\"391\" srcset=\"https:\/\/www.upo.es\/patio-colorado\/wp-content\/uploads\/2020\/04\/240px-Real_Monasterio_de_Santa_Clara._Refectorio.jpg 240w, https:\/\/www.upo.es\/patio-colorado\/wp-content\/uploads\/2020\/04\/240px-Real_Monasterio_de_Santa_Clara._Refectorio-150x150.jpg 150w\" sizes=\"auto, (max-width: 391px) 100vw, 391px\" \/><figcaption id=\"caption-attachment-912\" class=\"wp-caption-text\">El refectorio de Santa Clara<\/figcaption><\/figure>\n<figure style=\"width: 386px\" class=\"wp-caption alignnone\"><img loading=\"lazy\" decoding=\"async\" src=\"https:\/\/upload.wikimedia.org\/wikipedia\/commons\/3\/38\/Torre_de_don_Fadrique._Sevilla.jpg\" alt=\"Torre de Don Fadrique (Sevilla) - Wikipedia, la enciclopedia libre\" width=\"386\" height=\"514\" \/><figcaption class=\"wp-caption-text\">La Torre de Don Fabrique<\/figcaption><\/figure>\n<p>Antonio Mu\u00f1oz, delegado de H\u00e1bitat Urbano, Cultura y Turismo, ha se\u00f1alado que \u00abesta propuesta se encuentra entre los recursos culturales y patrimoniales que el \u00a0Ayuntamiento de Sevilla ha puesto a disposici\u00f3n de la ciudadan\u00eda a trav\u00e9s de su p\u00e1gina web durante la alerta sanitaria, donde recopila una variada oferta de alternativas para este periodo de confinamiento y, as\u00ed, aportar recursos a los sevillanos y sevillanas para que permanezcan en casa\u00bb. Asimismo, ha recordado que se ofrecen tambi\u00e9n otras opciones como un completo cat\u00e1logo de libros electr\u00f3nicos de descarga gratuita, gu\u00edas en torno a la conmemoraci\u00f3n del V Centenario de la Primera Vuelta al Mundo o cat\u00e1logos expositivos.<\/p>\n<figure id=\"attachment_915\" aria-describedby=\"caption-attachment-915\" style=\"width: 454px\" class=\"wp-caption alignnone\"><img loading=\"lazy\" decoding=\"async\" class=\"wp-image-915\" src=\"https:\/\/www.upo.es\/patio-colorado\/wp-content\/uploads\/2020\/04\/Real_Monasterio_de_Santa_Clara_Sevilla._Patio-300x175.jpg\" alt=\"\" width=\"454\" height=\"265\" srcset=\"https:\/\/www.upo.es\/patio-colorado\/wp-content\/uploads\/2020\/04\/Real_Monasterio_de_Santa_Clara_Sevilla._Patio-300x175.jpg 300w, https:\/\/www.upo.es\/patio-colorado\/wp-content\/uploads\/2020\/04\/Real_Monasterio_de_Santa_Clara_Sevilla._Patio-1024x597.jpg 1024w, https:\/\/www.upo.es\/patio-colorado\/wp-content\/uploads\/2020\/04\/Real_Monasterio_de_Santa_Clara_Sevilla._Patio-768x447.jpg 768w, https:\/\/www.upo.es\/patio-colorado\/wp-content\/uploads\/2020\/04\/Real_Monasterio_de_Santa_Clara_Sevilla._Patio.jpg 1030w\" sizes=\"auto, (max-width: 454px) 100vw, 454px\" \/><figcaption id=\"caption-attachment-915\" class=\"wp-caption-text\">El Espacio Santa Clara<\/figcaption><\/figure>\n<p>Este espacio es un monasterio que atesora entre sus muros una rica historia llena de tradici\u00f3n y cultura, de arte y religiosidad. Fue un palacio almohade, posteriormente perteneci\u00f3 al infante de Catilla Don Fadrique (hermano de Alfonso X El Sabio) y se convirti\u00f3 en el convento de la compa\u00f1\u00eda de las Clarisas hasta 1998. Actualmente, este important\u00edsimo conjunto art\u00edstico-cultural est\u00e1 a disposici\u00f3n de la ciudadan\u00eda y se ha convertido en un un eje cultural fundamental donde estudiar, contemplar y conservar el patrimonio hispalense tanto material como inmaterial en sus m\u00e1s amplias manifestaciones.<\/p>\n<p>Gracias a propuestas e ideas como esta y muchas otras que ya han aparecido en El Patio Colorao, podemos observar que nuestro patrimonio no deja de ser relevante ni en momentos como estos, donde todos debemos permanecer en casa. Por ello, bajo el famoso hashtag #Qu\u00e9dateencasa os invitamos a que disfrut\u00e9is siempre de nuestro maravilloso arte. Puedes acceder a la visita virtual desde <a href=\"http:\/\/www.sevilla.org\/SantaClara\/\">aqu\u00ed<\/a>.<\/p>\n<p>&nbsp;<\/p>\n<p>Fuente: https:\/\/www.sevilla.org\/actualidad\/noticias\/el-espacio-santa-clara-abre-sus-puertas-a-las-visitas-virtuales<\/p>\n<p>&nbsp;<\/p>\n","protected":false},"excerpt":{"rendered":"<p>El Ayuntamiento de Sevilla ofrece desde su web a los ciudadanos la posibilidad de disfrutar de una ruta con vista 360 grados para conocer este conjunto art\u00edstico-cultural desde casa. Dentro de sus instalaciones alberga a la Casa de los Poetas y las Letras y tambi\u00e9n acoge m\u00faltiples exposiciones temporales y diferentes actividades culturales. Asimismo, cuenta [&hellip;]<\/p>\n","protected":false},"author":22,"featured_media":916,"comment_status":"open","ping_status":"open","sticky":false,"template":"","format":"standard","meta":{"_acf_changed":false,"_monsterinsights_skip_tracking":false,"_monsterinsights_sitenote_active":false,"_monsterinsights_sitenote_note":"","_monsterinsights_sitenote_category":0,"footnotes":""},"categories":[45,44],"tags":[151,164,163],"class_list":["post-910","post","type-post","status-publish","format-standard","has-post-thumbnail","hentry","category-boletin-colorao","category-patrimonio","tag-quedateencasa","tag-espacio-santa-clara","tag-rutavirtual"],"blocksy_meta":[],"acf":[],"jetpack_featured_media_url":"https:\/\/www.upo.es\/patio-colorado\/wp-content\/uploads\/2020\/04\/descarga-2.jpg","_links":{"self":[{"href":"https:\/\/www.upo.es\/patio-colorado\/wp-json\/wp\/v2\/posts\/910","targetHints":{"allow":["GET"]}}],"collection":[{"href":"https:\/\/www.upo.es\/patio-colorado\/wp-json\/wp\/v2\/posts"}],"about":[{"href":"https:\/\/www.upo.es\/patio-colorado\/wp-json\/wp\/v2\/types\/post"}],"author":[{"embeddable":true,"href":"https:\/\/www.upo.es\/patio-colorado\/wp-json\/wp\/v2\/users\/22"}],"replies":[{"embeddable":true,"href":"https:\/\/www.upo.es\/patio-colorado\/wp-json\/wp\/v2\/comments?post=910"}],"version-history":[{"count":1,"href":"https:\/\/www.upo.es\/patio-colorado\/wp-json\/wp\/v2\/posts\/910\/revisions"}],"predecessor-version":[{"id":918,"href":"https:\/\/www.upo.es\/patio-colorado\/wp-json\/wp\/v2\/posts\/910\/revisions\/918"}],"wp:featuredmedia":[{"embeddable":true,"href":"https:\/\/www.upo.es\/patio-colorado\/wp-json\/wp\/v2\/media\/916"}],"wp:attachment":[{"href":"https:\/\/www.upo.es\/patio-colorado\/wp-json\/wp\/v2\/media?parent=910"}],"wp:term":[{"taxonomy":"category","embeddable":true,"href":"https:\/\/www.upo.es\/patio-colorado\/wp-json\/wp\/v2\/categories?post=910"},{"taxonomy":"post_tag","embeddable":true,"href":"https:\/\/www.upo.es\/patio-colorado\/wp-json\/wp\/v2\/tags?post=910"}],"curies":[{"name":"wp","href":"https:\/\/api.w.org\/{rel}","templated":true}]}}