{"id":9167,"date":"2025-02-13T18:18:24","date_gmt":"2025-02-13T18:18:24","guid":{"rendered":"https:\/\/www.upo.es\/patio-colorado\/?p=9167"},"modified":"2025-02-13T18:19:43","modified_gmt":"2025-02-13T18:19:43","slug":"revista-el-patio-colorao-call-for-papers-2025","status":"publish","type":"post","link":"https:\/\/www.upo.es\/patio-colorado\/2025\/02\/13\/revista-el-patio-colorao-call-for-papers-2025\/","title":{"rendered":"Revista El Patio Colorao: call for papers 2025"},"content":{"rendered":"<p>\u00a1Hola de nuevo, color\u00e1s y coloraos!<\/p>\n<p>Este segundo semestre se viene con fuerza, y no solo por la naturaleza drenante de los finales de curso&#8230;<\/p>\n<p>Nos ilusiona anunciaros que El Patio Colorao abre sus p\u00e1ginas (virtuales) a todo el alumnado de la Facultad de Humanidades de la UPO que busque un lugar donde poder desarrollar y difundir sus ideas sobre <strong>historia, arte y patrimonio andaluz<\/strong>.<\/p>\n<p>A partir de hoy y hasta el <strong>12 de marzo<\/strong> estar\u00e1 abierto el plazo para mandar las propuestas de art\u00edculo, reportaje, entrevista o creaci\u00f3n literaria al correo <strong>revistaelpatiocolorao@gmail.com<\/strong>.<\/p>\n<p>Ojo, importante, tanto la propuesta como el art\u00edculo deben cumplir un m\u00ednimo de requisitos a los que pod\u00e9is acceder en este <a href=\"https:\/\/www.upo.es\/patio-colorado\/nuestra-revista\/envios\/\">enlace<\/a>. Por supuesto, cualquier duda que teng\u00e1is no dud\u00e9is en escribir al mismo correo (o interceptarnos en la UPO, lo que prefir\u00e1is).<\/p>\n<p>Eso es todo, estamos deseando conocer vuestras propuestas y ver c\u00f3mo estas metamorfosean en un espacio amable, creado por y para estudiantes.<\/p>\n<p>Un abrazo,<\/p>\n<p>El equipo de El Patio Colorao<\/p>\n<p><img loading=\"lazy\" decoding=\"async\" class=\"aligncenter size-large wp-image-9168\" src=\"https:\/\/www.upo.es\/patio-colorado\/wp-content\/uploads\/2025\/02\/Poster-Horizontal-Frase-Organico-Blanco-1024x768.png\" alt=\"\" width=\"1024\" height=\"768\" srcset=\"https:\/\/www.upo.es\/patio-colorado\/wp-content\/uploads\/2025\/02\/Poster-Horizontal-Frase-Organico-Blanco-1024x768.png 1024w, https:\/\/www.upo.es\/patio-colorado\/wp-content\/uploads\/2025\/02\/Poster-Horizontal-Frase-Organico-Blanco-300x225.png 300w, https:\/\/www.upo.es\/patio-colorado\/wp-content\/uploads\/2025\/02\/Poster-Horizontal-Frase-Organico-Blanco-768x576.png 768w, https:\/\/www.upo.es\/patio-colorado\/wp-content\/uploads\/2025\/02\/Poster-Horizontal-Frase-Organico-Blanco-1536x1152.png 1536w, https:\/\/www.upo.es\/patio-colorado\/wp-content\/uploads\/2025\/02\/Poster-Horizontal-Frase-Organico-Blanco-2048x1536.png 2048w\" sizes=\"auto, (max-width: 1024px) 100vw, 1024px\" \/><\/p>\n","protected":false},"excerpt":{"rendered":"<p>\u00a1Hola de nuevo, color\u00e1s y coloraos! Este segundo semestre se viene con fuerza, y no solo por la naturaleza drenante de los finales de curso&#8230; Nos ilusiona anunciaros que El Patio Colorao abre sus p\u00e1ginas (virtuales) a todo el alumnado de la Facultad de Humanidades de la UPO que busque un lugar donde poder desarrollar [&hellip;]<\/p>\n","protected":false},"author":1,"featured_media":9170,"comment_status":"open","ping_status":"open","sticky":false,"template":"","format":"standard","meta":{"_acf_changed":false,"_monsterinsights_skip_tracking":false,"_monsterinsights_sitenote_active":false,"_monsterinsights_sitenote_note":"","_monsterinsights_sitenote_category":0,"footnotes":""},"categories":[1110],"tags":[80,1111],"class_list":["post-9167","post","type-post","status-publish","format-standard","has-post-thumbnail","hentry","category-noticias","tag-actualidad","tag-callforpapers"],"blocksy_meta":[],"acf":[],"jetpack_featured_media_url":"https:\/\/www.upo.es\/patio-colorado\/wp-content\/uploads\/2025\/02\/Poster-Horizontal-Frase-Organico-Blanco-1.png","_links":{"self":[{"href":"https:\/\/www.upo.es\/patio-colorado\/wp-json\/wp\/v2\/posts\/9167","targetHints":{"allow":["GET"]}}],"collection":[{"href":"https:\/\/www.upo.es\/patio-colorado\/wp-json\/wp\/v2\/posts"}],"about":[{"href":"https:\/\/www.upo.es\/patio-colorado\/wp-json\/wp\/v2\/types\/post"}],"author":[{"embeddable":true,"href":"https:\/\/www.upo.es\/patio-colorado\/wp-json\/wp\/v2\/users\/1"}],"replies":[{"embeddable":true,"href":"https:\/\/www.upo.es\/patio-colorado\/wp-json\/wp\/v2\/comments?post=9167"}],"version-history":[{"count":1,"href":"https:\/\/www.upo.es\/patio-colorado\/wp-json\/wp\/v2\/posts\/9167\/revisions"}],"predecessor-version":[{"id":9169,"href":"https:\/\/www.upo.es\/patio-colorado\/wp-json\/wp\/v2\/posts\/9167\/revisions\/9169"}],"wp:featuredmedia":[{"embeddable":true,"href":"https:\/\/www.upo.es\/patio-colorado\/wp-json\/wp\/v2\/media\/9170"}],"wp:attachment":[{"href":"https:\/\/www.upo.es\/patio-colorado\/wp-json\/wp\/v2\/media?parent=9167"}],"wp:term":[{"taxonomy":"category","embeddable":true,"href":"https:\/\/www.upo.es\/patio-colorado\/wp-json\/wp\/v2\/categories?post=9167"},{"taxonomy":"post_tag","embeddable":true,"href":"https:\/\/www.upo.es\/patio-colorado\/wp-json\/wp\/v2\/tags?post=9167"}],"curies":[{"name":"wp","href":"https:\/\/api.w.org\/{rel}","templated":true}]}}