{"id":9200,"date":"2025-02-18T17:00:39","date_gmt":"2025-02-18T17:00:39","guid":{"rendered":"https:\/\/www.upo.es\/patio-colorado\/?p=9200"},"modified":"2025-02-18T17:01:20","modified_gmt":"2025-02-18T17:01:20","slug":"os-esperamos-en-caminamos-luego-avanzamos-los-dias-24-y-25-de-febrero","status":"publish","type":"post","link":"https:\/\/www.upo.es\/patio-colorado\/2025\/02\/18\/os-esperamos-en-caminamos-luego-avanzamos-los-dias-24-y-25-de-febrero\/","title":{"rendered":"Os esperamos en \u00abCaminamos, luego avanzamos&#8230;\u00bb los d\u00edas 24 y 25 de febrero"},"content":{"rendered":"<p>\u00a1Hola, color\u00e1s y coloraos!<\/p>\n<p>Aqu\u00ed ten\u00e9is el programa del \u00abXV Seminario de gesti\u00f3n y difusi\u00f3n del patrimonio cultural local\u00bb que organiza nuestro M\u00e1ster en Arte, Museos y Gesti\u00f3n del Patrimonio Hist\u00f3rico:<\/p>\n<p>?\ufe0f 24 y 25 de febrero de 2025<br \/>\n? Casa de la Provincia, Sevilla<br \/>\n? INSCRIPCIONES: danielakaplan96@gmail.com<\/p>\n<p>\u27a1\ufe0f 24 FEBRERO<br \/>\n&#8211; 16:00 Presentaci\u00f3n. Fernando Quiles Garc\u00eda<br \/>\n&#8211; 16:15 \u00abRed de Ciudades Medias del Barroco.\u00bb Fernando Quiles Garc\u00eda<br \/>\n&#8211; 17:00 \u00abDe Gades a Roma: El viaje inmortalizado de un peregrino gaditano en cuatro vasos de plata.\u00bb Javier Verdugo<br \/>\n&#8211; 17:40 Pausa<br \/>\n&#8211; 18:00 \u00abAndanzas, tropiezos y hallazgos de un editor amateur: la Piedra Lunar y sus amistades lun\u00e1ticas.\u00bb Alberto Marina Castillo<br \/>\n&#8211; 18:40 Coloquio<\/p>\n<p>\u27a1\ufe0f 25 FEBRERO<br \/>\n&#8211; 16:00 \u00abUn revista de arte, para una tierra con arte: El Patio Colorao.\u00bb Juan L\u00f3pez iglesias y Roc\u00edo Ortiz Blanquero<br \/>\n&#8211; 16:15 \u00abIconos musicales urbanos de Sevilla.\u00bb Laura Mond\u00e9jar Mu\u00f1oz<br \/>\n&#8211; 17:00 \u00abDe Rutas e Itinerarios Culturales\u2026 recorridos para el desarrollo territorial.\u00bb Manuel Peregrina<br \/>\n&#8211; 17:40 Pausa<br \/>\n&#8211; 18:00 \u00abCartograf\u00eda del paisaje de la colonizaci\u00f3n agr\u00edcola musulmana en la Sierra de Segura (Ja\u00e9n) entre los siglos VIII y XII.\u00bb Santiago Quesada Grac\u00eda<br \/>\n&#8211; 18:40 \u00abTeor\u00eda de los crinales: un m\u00e9todo de an\u00e1lisis territorial desde una tipolog\u00eda de los recorridos.\u00bb Guillermo Pav\u00f3n Torrej\u00f3n<br \/>\n&#8211; 19:20 Coloquio<\/p>\n<p>&#8212;&#8212;<br \/>\n?DIRIGE: Fernando Quiles Garc\u00eda<\/p>\n<p>?COORDINA: Daniela Kaplan Stein (autora del cartel)<\/p>\n<p>?COLABORA: \u00c1rea de Historia del Arte de la Universidad Pablo de Olavide; El Patio Colorao; Casa de la Provincia de la Diputaci\u00f3n de Sevilla<\/p>\n<p><a href=\"https:\/\/www.upo.es\/patio-colorado\/2025\/02\/18\/os-esperamos-en-caminamos-luego-avanzamos-los-dias-24-y-25-de-febrero\/congreso-caminamos-luego-avanzamos\/\" rel=\"attachment wp-att-9201\"><img loading=\"lazy\" decoding=\"async\" class=\"aligncenter size-large wp-image-9201\" src=\"https:\/\/www.upo.es\/patio-colorado\/wp-content\/uploads\/2025\/02\/Congreso-caminamos-luego-avanzamos-1024x576.jpg\" alt=\"\" width=\"1024\" height=\"576\" srcset=\"https:\/\/www.upo.es\/patio-colorado\/wp-content\/uploads\/2025\/02\/Congreso-caminamos-luego-avanzamos-1024x576.jpg 1024w, https:\/\/www.upo.es\/patio-colorado\/wp-content\/uploads\/2025\/02\/Congreso-caminamos-luego-avanzamos-300x169.jpg 300w, https:\/\/www.upo.es\/patio-colorado\/wp-content\/uploads\/2025\/02\/Congreso-caminamos-luego-avanzamos-768x432.jpg 768w, https:\/\/www.upo.es\/patio-colorado\/wp-content\/uploads\/2025\/02\/Congreso-caminamos-luego-avanzamos-1536x864.jpg 1536w, https:\/\/www.upo.es\/patio-colorado\/wp-content\/uploads\/2025\/02\/Congreso-caminamos-luego-avanzamos.jpg 1599w\" sizes=\"auto, (max-width: 1024px) 100vw, 1024px\" \/><\/a><\/p>\n","protected":false},"excerpt":{"rendered":"<p>\u00a1Hola, color\u00e1s y coloraos! Aqu\u00ed ten\u00e9is el programa del \u00abXV Seminario de gesti\u00f3n y difusi\u00f3n del patrimonio cultural local\u00bb que organiza nuestro M\u00e1ster en Arte, Museos y Gesti\u00f3n del Patrimonio Hist\u00f3rico: ?\ufe0f 24 y 25 de febrero de 2025 ? Casa de la Provincia, Sevilla ? INSCRIPCIONES: danielakaplan96@gmail.com \u27a1\ufe0f 24 FEBRERO &#8211; 16:00 Presentaci\u00f3n. Fernando [&hellip;]<\/p>\n","protected":false},"author":1,"featured_media":9201,"comment_status":"open","ping_status":"open","sticky":false,"template":"","format":"standard","meta":{"_acf_changed":false,"_monsterinsights_skip_tracking":false,"_monsterinsights_sitenote_active":false,"_monsterinsights_sitenote_note":"","_monsterinsights_sitenote_category":0,"footnotes":""},"categories":[12,1110],"tags":[80,1112,6],"class_list":["post-9200","post","type-post","status-publish","format-standard","has-post-thumbnail","hentry","category-eventos","category-noticias","tag-actualidad","tag-casadelaprovincia","tag-sevilla"],"blocksy_meta":[],"acf":[],"jetpack_featured_media_url":"https:\/\/www.upo.es\/patio-colorado\/wp-content\/uploads\/2025\/02\/Congreso-caminamos-luego-avanzamos.jpg","_links":{"self":[{"href":"https:\/\/www.upo.es\/patio-colorado\/wp-json\/wp\/v2\/posts\/9200","targetHints":{"allow":["GET"]}}],"collection":[{"href":"https:\/\/www.upo.es\/patio-colorado\/wp-json\/wp\/v2\/posts"}],"about":[{"href":"https:\/\/www.upo.es\/patio-colorado\/wp-json\/wp\/v2\/types\/post"}],"author":[{"embeddable":true,"href":"https:\/\/www.upo.es\/patio-colorado\/wp-json\/wp\/v2\/users\/1"}],"replies":[{"embeddable":true,"href":"https:\/\/www.upo.es\/patio-colorado\/wp-json\/wp\/v2\/comments?post=9200"}],"version-history":[{"count":3,"href":"https:\/\/www.upo.es\/patio-colorado\/wp-json\/wp\/v2\/posts\/9200\/revisions"}],"predecessor-version":[{"id":9204,"href":"https:\/\/www.upo.es\/patio-colorado\/wp-json\/wp\/v2\/posts\/9200\/revisions\/9204"}],"wp:featuredmedia":[{"embeddable":true,"href":"https:\/\/www.upo.es\/patio-colorado\/wp-json\/wp\/v2\/media\/9201"}],"wp:attachment":[{"href":"https:\/\/www.upo.es\/patio-colorado\/wp-json\/wp\/v2\/media?parent=9200"}],"wp:term":[{"taxonomy":"category","embeddable":true,"href":"https:\/\/www.upo.es\/patio-colorado\/wp-json\/wp\/v2\/categories?post=9200"},{"taxonomy":"post_tag","embeddable":true,"href":"https:\/\/www.upo.es\/patio-colorado\/wp-json\/wp\/v2\/tags?post=9200"}],"curies":[{"name":"wp","href":"https:\/\/api.w.org\/{rel}","templated":true}]}}