{"id":921,"date":"2020-04-15T14:17:00","date_gmt":"2020-04-15T14:17:00","guid":{"rendered":"https:\/\/www.upo.es\/patio-colorado\/?p=921"},"modified":"2020-04-19T09:12:24","modified_gmt":"2020-04-19T09:12:24","slug":"serial-patrimonio-bollullos-de-la-mitacion-4","status":"publish","type":"post","link":"https:\/\/www.upo.es\/patio-colorado\/2020\/04\/15\/serial-patrimonio-bollullos-de-la-mitacion-4\/","title":{"rendered":"Serial patrimonio Bollullos de la Mitaci\u00f3n (4)"},"content":{"rendered":"<h3 class=\"sppb-addon-title\">Alminar Almohade<\/h3>\n<div class=\"sppb-addon-content\">\n<div>El Alminar destaca por su planta cuadrada, siendo construido en ladrillo con mach\u00f3n central en torno al que asciende la escalera, mientras que a\u00a0 escala menor se repite el esquema estructural de la Giralda de Sevilla. En el exterior se puede abrir una serie de vanos escalonados con dobles arcos de herraduras y polilobulados, siguiendo el esquema del arte Almohade. La mezquita se encuentra enclavada entre cuatro poblados \u00e1rabes que desaparecer\u00edan durante la Reconquista, quedando como \u00fanico vestigio, la Mezquita y el Alminar, siendo finalmente una versi\u00f3n en tono menor y popular de la gran Mezquita Almohade de Sevilla, teniendo tambi\u00e9n gran influencia en la arquitectura sagrada de las peque\u00f1as y medianas poblaciones andaluzas. La Ermita de Cuatrovitas y su Torre ser\u00edan declaradas Monumento Hist\u00f3rico Art\u00edstico el d\u00eda 3 de junio de 1.931 estando hoy considerado como un Bien de Inter\u00e9s Cultural.<\/div>\n<\/div>\n<div>Fuente: P\u00e1gina web del Ayuntamiento de Bollullos de la Mitaci\u00f3n.<\/div>\n","protected":false},"excerpt":{"rendered":"<p>Alminar Almohade El Alminar destaca por su planta cuadrada, siendo construido en ladrillo con mach\u00f3n central en torno al que asciende la escalera, mientras que a\u00a0 escala menor se repite el esquema estructural de la Giralda de Sevilla. En el exterior se puede abrir una serie de vanos escalonados con dobles arcos de herraduras y [&hellip;]<\/p>\n","protected":false},"author":7,"featured_media":922,"comment_status":"open","ping_status":"open","sticky":false,"template":"","format":"standard","meta":{"_acf_changed":false,"_monsterinsights_skip_tracking":false,"_monsterinsights_sitenote_active":false,"_monsterinsights_sitenote_note":"","_monsterinsights_sitenote_category":0,"footnotes":""},"categories":[24],"tags":[],"class_list":["post-921","post","type-post","status-publish","format-standard","has-post-thumbnail","hentry","category-conservacion-y-restauracion"],"blocksy_meta":[],"acf":[],"jetpack_featured_media_url":"https:\/\/www.upo.es\/patio-colorado\/wp-content\/uploads\/2020\/04\/ALMINAR-ALMOHADE.png","_links":{"self":[{"href":"https:\/\/www.upo.es\/patio-colorado\/wp-json\/wp\/v2\/posts\/921","targetHints":{"allow":["GET"]}}],"collection":[{"href":"https:\/\/www.upo.es\/patio-colorado\/wp-json\/wp\/v2\/posts"}],"about":[{"href":"https:\/\/www.upo.es\/patio-colorado\/wp-json\/wp\/v2\/types\/post"}],"author":[{"embeddable":true,"href":"https:\/\/www.upo.es\/patio-colorado\/wp-json\/wp\/v2\/users\/7"}],"replies":[{"embeddable":true,"href":"https:\/\/www.upo.es\/patio-colorado\/wp-json\/wp\/v2\/comments?post=921"}],"version-history":[{"count":1,"href":"https:\/\/www.upo.es\/patio-colorado\/wp-json\/wp\/v2\/posts\/921\/revisions"}],"predecessor-version":[{"id":923,"href":"https:\/\/www.upo.es\/patio-colorado\/wp-json\/wp\/v2\/posts\/921\/revisions\/923"}],"wp:featuredmedia":[{"embeddable":true,"href":"https:\/\/www.upo.es\/patio-colorado\/wp-json\/wp\/v2\/media\/922"}],"wp:attachment":[{"href":"https:\/\/www.upo.es\/patio-colorado\/wp-json\/wp\/v2\/media?parent=921"}],"wp:term":[{"taxonomy":"category","embeddable":true,"href":"https:\/\/www.upo.es\/patio-colorado\/wp-json\/wp\/v2\/categories?post=921"},{"taxonomy":"post_tag","embeddable":true,"href":"https:\/\/www.upo.es\/patio-colorado\/wp-json\/wp\/v2\/tags?post=921"}],"curies":[{"name":"wp","href":"https:\/\/api.w.org\/{rel}","templated":true}]}}