{"id":9214,"date":"2025-02-22T12:59:38","date_gmt":"2025-02-22T12:59:38","guid":{"rendered":"https:\/\/www.upo.es\/patio-colorado\/?p=9214"},"modified":"2025-02-22T12:59:38","modified_gmt":"2025-02-22T12:59:38","slug":"un-espacio-para-descubrir-y-compartir-la-historia-de-dos-hermanas","status":"publish","type":"post","link":"https:\/\/www.upo.es\/patio-colorado\/2025\/02\/22\/un-espacio-para-descubrir-y-compartir-la-historia-de-dos-hermanas\/","title":{"rendered":"Un espacio para descubrir y compartir la historia de Dos Hermanas"},"content":{"rendered":"<p>\u00a1Hola color\u00e1s y coloraos!<\/p>\n<p>Si por casualidad sois amantes de la historia, el patrimonio y las tradiciones locales, hoy os presentamos la iniciativa de Carlos Jim\u00e9nez, investigador y escritor sobre Dos Hermanas que est\u00e1 dando forma a un c\u00edrculo cultural dedicado a la preservaci\u00f3n y difusi\u00f3n del legado de esta localidad.<\/p>\n<p>Este espacio est\u00e1 abierto a historiadores, escritores, periodistas, artistas\u00a0 y cualquier persona interesada en compartir su conocimiento y vivencias sobre Dos Hermanas. Como parte de esta iniciativa, Carlos Jim\u00e9nez est\u00e1 preparando un volumen digital que se lanzar\u00e1 tras el verano de 2025. El enfoque abarcar\u00e1 desde las primeras referencias hist\u00f3ricas hasta la actualidad, y se orquestar\u00e1 en tres \u00e1reas: personas y personajes, sitios y lugares, y cr\u00f3nicas. Se excluir\u00e1n contenidos de denuncia, demanda o art\u00edculos de opini\u00f3n, ya que el objetivo es puramente cultural y divulgativo.<\/p>\n<p>Os invitamos a uniros a este colectivo de autores si resulta de vuestro inter\u00e9s, la extensi\u00f3n m\u00ednima ser\u00e1 de dos p\u00e1ginas y cada persona autora conservar\u00e1 todos los derechos sobre su obra, y la revista se distribuir\u00e1 sin fines lucrativos o publicitarios. El primer volumen ya cuenta con portada, contraportada y numerosos escritos y archivos multimedia, como v\u00eddeos y audios de artistas locales recitando poemas o comentando sus obras inspiradas en Dos Hermanas.<\/p>\n<h3><strong>C\u00f3mo enviar tu trabajo:<\/strong><\/h3>\n<p>Las personas interesadas pueden enviar sus textos al correo historiasdedoshermanas@gmail.com o hacer cualquier consulta a trav\u00e9s del mismo email o por WhatsApp al 676939393 (Carlos Jim\u00e9nez).<\/p>\n<h3><strong>Plataformas de difusi\u00f3n:<\/strong><\/h3>\n<p>Para quienes deseen explorar m\u00e1s sobre la historia local, Carlos Jim\u00e9nez administra los siguientes blogs y grupos de Facebook:<\/p>\n<p><strong>Blog sobre historia local:<\/strong> <a href=\"https:\/\/historiasdedoshermanas.blogspot.com\">https:\/\/historiasdedoshermanas.blogspot.com<\/a><\/p>\n<p><strong>Blog sobre la memoria hist\u00f3rica:<\/strong> <a href=\"https:\/\/memoriadedoshermanas.blogspot.com\">https:\/\/memoriadedoshermanas.blogspot.com<\/a><\/p>\n<p><strong>Grupo de Facebook<\/strong> <strong>\u00abDos Hermanas su gente y sus historias\u00bb<\/strong>: <a href=\"https:\/\/facebook.com\/groups\/doshermanassugenteysushistorias\/\">https:\/\/facebook.com\/groups\/doshermanassugenteysushistorias\/<\/a><\/p>\n<p><strong>Grupo de Facebook \u00abDos Hermanas en el recuerdo\u00bb<\/strong>: <a href=\"https:\/\/www.facebook.com\/groups\/611282685652984\">https:\/\/www.facebook.com\/groups\/611282685652984<\/a><\/p>\n<p>\u00a1An\u00edmate a participar y contribuye a preservar nuestra memoria colectiva!<\/p>\n<p>&nbsp;<\/p>\n","protected":false},"excerpt":{"rendered":"<p>\u00a1Hola color\u00e1s y coloraos! Si por casualidad sois amantes de la historia, el patrimonio y las tradiciones locales, hoy os presentamos la iniciativa de Carlos Jim\u00e9nez, investigador y escritor sobre Dos Hermanas que est\u00e1 dando forma a un c\u00edrculo cultural dedicado a la preservaci\u00f3n y difusi\u00f3n del legado de esta localidad. Este espacio est\u00e1 abierto [&hellip;]<\/p>\n","protected":false},"author":1,"featured_media":9215,"comment_status":"open","ping_status":"open","sticky":false,"template":"","format":"standard","meta":{"_acf_changed":false,"_monsterinsights_skip_tracking":false,"_monsterinsights_sitenote_active":false,"_monsterinsights_sitenote_note":"","_monsterinsights_sitenote_category":0,"footnotes":""},"categories":[1113,1110],"tags":[80,91,1114],"class_list":["post-9214","post","type-post","status-publish","format-standard","has-post-thumbnail","hentry","category-participa","category-noticias","tag-actualidad","tag-doshermanas","tag-participa"],"blocksy_meta":[],"acf":[],"jetpack_featured_media_url":"https:\/\/www.upo.es\/patio-colorado\/wp-content\/uploads\/2025\/02\/cogiendo-aceitunas.jpg","_links":{"self":[{"href":"https:\/\/www.upo.es\/patio-colorado\/wp-json\/wp\/v2\/posts\/9214","targetHints":{"allow":["GET"]}}],"collection":[{"href":"https:\/\/www.upo.es\/patio-colorado\/wp-json\/wp\/v2\/posts"}],"about":[{"href":"https:\/\/www.upo.es\/patio-colorado\/wp-json\/wp\/v2\/types\/post"}],"author":[{"embeddable":true,"href":"https:\/\/www.upo.es\/patio-colorado\/wp-json\/wp\/v2\/users\/1"}],"replies":[{"embeddable":true,"href":"https:\/\/www.upo.es\/patio-colorado\/wp-json\/wp\/v2\/comments?post=9214"}],"version-history":[{"count":2,"href":"https:\/\/www.upo.es\/patio-colorado\/wp-json\/wp\/v2\/posts\/9214\/revisions"}],"predecessor-version":[{"id":9217,"href":"https:\/\/www.upo.es\/patio-colorado\/wp-json\/wp\/v2\/posts\/9214\/revisions\/9217"}],"wp:featuredmedia":[{"embeddable":true,"href":"https:\/\/www.upo.es\/patio-colorado\/wp-json\/wp\/v2\/media\/9215"}],"wp:attachment":[{"href":"https:\/\/www.upo.es\/patio-colorado\/wp-json\/wp\/v2\/media?parent=9214"}],"wp:term":[{"taxonomy":"category","embeddable":true,"href":"https:\/\/www.upo.es\/patio-colorado\/wp-json\/wp\/v2\/categories?post=9214"},{"taxonomy":"post_tag","embeddable":true,"href":"https:\/\/www.upo.es\/patio-colorado\/wp-json\/wp\/v2\/tags?post=9214"}],"curies":[{"name":"wp","href":"https:\/\/api.w.org\/{rel}","templated":true}]}}