{"id":9381,"date":"2025-03-13T10:41:12","date_gmt":"2025-03-13T10:41:12","guid":{"rendered":"https:\/\/www.upo.es\/patio-colorado\/?p=9381"},"modified":"2025-03-13T10:41:12","modified_gmt":"2025-03-13T10:41:12","slug":"visita-a-la-exposicion-temporal-del-greco-a-zuloaga","status":"publish","type":"post","link":"https:\/\/www.upo.es\/patio-colorado\/2025\/03\/13\/visita-a-la-exposicion-temporal-del-greco-a-zuloaga\/","title":{"rendered":"Visita a la exposici\u00f3n temporal Del Greco a Zuloaga"},"content":{"rendered":"<p style=\"text-align: left\"><span style=\"font-weight: 400\">\u00a1Hola color\u00e1s y coloraos! Desde mi experiencia personal, os invito a visitar la exposici\u00f3n temporal <\/span><i><span style=\"font-weight: 400\">Del Greco a Zuloaga <\/span><\/i><span style=\"font-weight: 400\">que se presenta hasta este 16 de marzo de 2025 en el Museo de Bellas Artes de Sevilla. La muestra re\u00fane 28 pinturas y 2 esculturas que, en total, permiten recorrer gran parte del arte espa\u00f1ol desde finales del siglo XVI hasta principios del XX.\u00a0<\/span><\/p>\n<p style=\"text-align: left\"><span style=\"font-weight: 400\">En un primer plano, las tres obras principales que os podr\u00e9is encontrar son: <\/span><i><span style=\"font-weight: 400\">La Anunciaci\u00f3n <\/span><\/i><span style=\"font-weight: 400\">del Greco, <\/span><i><span style=\"font-weight: 400\">Santa Catalina de Alejandr\u00eda <\/span><\/i><span style=\"font-weight: 400\">de Zurbar\u00e1n y <\/span><i><span style=\"font-weight: 400\">Retrato de Mart\u00edn Zapater <\/span><\/i><span style=\"font-weight: 400\">de Francisco de Goya. Un dato curioso que os quiero compartir es que la primera aparici\u00f3n en el Museo de Bilbao se ha producido recientemente, justo antes de Navidad, con la exposici\u00f3n de <\/span><i><span style=\"font-weight: 400\">La Plaza de Toros de Sevilla <\/span><\/i><span style=\"font-weight: 400\">de Mariano Fortuny.\u00a0<\/span><\/p>\n<p style=\"text-align: left\"><span style=\"font-weight: 400\">Seg\u00fan el museo de Bellas Artes de Sevilla, <\/span><span style=\"font-weight: 400\">\u00ab el rec<\/span><span style=\"font-weight: 400\">orrido expositivo incluye pintores tan<\/span> <span style=\"font-weight: 400\">notables como el Greco, Francisco de Zurbar\u00e1n, Bartolom\u00e9 Esteban Murillo, Luis Paret,<\/span> <span style=\"font-weight: 400\">Francisco de Goya o Ignacio Zuloaga, y presenta principalmente pinturas, aunque tambi\u00e9n<\/span> <span style=\"font-weight: 400\">dos tallas en madera de tema religioso y peque\u00f1o formato: <\/span><i><span style=\"font-weight: 400\">Calvario <\/span><\/i><span style=\"font-weight: 400\">(c. 1576-1580) de Juan<\/span> <span style=\"font-weight: 400\">de Anchieta y <\/span><i><span style=\"font-weight: 400\">Dolorosa <\/span><\/i><span style=\"font-weight: 400\">(c. 1754-1756) de Juan Pascual de Mena. Ocupan un lugar se\u00f1alado<\/span> <span style=\"font-weight: 400\">los pintores que desarrollaron su carrera en Sevilla, desde Ignacio de Iriarte, nacido en<\/span> <span style=\"font-weight: 400\">Azkoita (Gipuzkoa) pero que lleg\u00f3 a la ciudad hacia 1642, hasta Juan de Roelas, Francisco de<\/span> <span style=\"font-weight: 400\">Herrera el Viejo, Francisco de Zurbar\u00e1n o Bartolom\u00e9 Esteban Muril<\/span><span style=\"font-weight: 400\">lo\u00bb.\u00a0<\/span><\/p>\n<p style=\"text-align: left\"><span style=\"font-weight: 400\">Por motivos acad\u00e9micos, concretamente para una asignatura de Historia del Arte, tuve que asistir a esta exposici\u00f3n temporal pero, finalmente, fue una experiencia enriquecedora que me gustar\u00eda compartir con vosotros. Esta es una magn\u00edfica oportunidad de contemplar grandes piezas para quienes se\u00e1is amantes del arte y para aprender y conocer un poquito m\u00e1s sobre el recorrido art\u00edstico espa\u00f1ol, as\u00ed como apreciar a su vez su arte. Como he mencionado antes, esta exposici\u00f3n tristemente se acaba este 16 de marzo de 2025. \u00a1No desaprovech\u00e9is esta oportunidad de enriquecer vuestro conocimiento art\u00edstico espa\u00f1ol!<\/span><\/p>\n<p><b>Referencias\u00a0<\/b><\/p>\n<ul>\n<li><span style=\"font-weight: 400\">El Correo de Andaluc\u00eda. (2024, 23 de diciembre). <\/span><i><span style=\"font-weight: 400\">Del Greco a Zuloaga en el Bellas Artes de Sevilla<\/span><\/i><span style=\"font-weight: 400\">. <\/span><span style=\"font-weight: 400\">https:\/\/www.elcorreoweb.es\/sevilla\/2024\/12\/23\/greco-zuloaga-bellas-artes-sevilla-112<\/span> <span style=\"font-weight: 400\">256415.html\u00a0<\/span><\/li>\n<li><span style=\"font-weight: 400\">Museos de Andaluc\u00eda. (2024). <\/span><i><span style=\"font-weight: 400\">Del Greco a Zuloaga. Obras maestras del arte espa\u00f1ol en el Museo de Bellas Artes de Bilbao<\/span><\/i><span style=\"font-weight: 400\">. <\/span><span style=\"font-weight: 400\">https:\/\/www.museosdeandalucia.es\/web\/museodebellasartesdesevilla\/actualidad\/-\/asse<\/span> <span style=\"font-weight: 400\">t_publisher\/PRW5QMnQDhn2\/content\/del-greco-a-zuloaga\u00a0\u00a0<\/span><\/li>\n<\/ul>\n","protected":false},"excerpt":{"rendered":"<p>\u00a1Hola color\u00e1s y coloraos! Desde mi experiencia personal, os invito a visitar la exposici\u00f3n temporal Del Greco a Zuloaga que se presenta hasta este 16 de marzo de 2025 en el Museo de Bellas Artes de Sevilla. La muestra re\u00fane 28 pinturas y 2 esculturas que, en total, permiten recorrer gran parte del arte espa\u00f1ol [&hellip;]<\/p>\n","protected":false},"author":166,"featured_media":9384,"comment_status":"open","ping_status":"open","sticky":false,"template":"","format":"standard","meta":{"_acf_changed":false,"_monsterinsights_skip_tracking":false,"_monsterinsights_sitenote_active":false,"_monsterinsights_sitenote_note":"","_monsterinsights_sitenote_category":0,"footnotes":""},"categories":[167],"tags":[80,874,680],"class_list":["post-9381","post","type-post","status-publish","format-standard","has-post-thumbnail","hentry","category-pintura-escultura","tag-actualidad","tag-exposicion-temporal","tag-museo-bellas-artes-de-sevilla"],"blocksy_meta":[],"acf":[],"jetpack_featured_media_url":"https:\/\/www.upo.es\/patio-colorado\/wp-content\/uploads\/2025\/03\/article.jpeg","_links":{"self":[{"href":"https:\/\/www.upo.es\/patio-colorado\/wp-json\/wp\/v2\/posts\/9381","targetHints":{"allow":["GET"]}}],"collection":[{"href":"https:\/\/www.upo.es\/patio-colorado\/wp-json\/wp\/v2\/posts"}],"about":[{"href":"https:\/\/www.upo.es\/patio-colorado\/wp-json\/wp\/v2\/types\/post"}],"author":[{"embeddable":true,"href":"https:\/\/www.upo.es\/patio-colorado\/wp-json\/wp\/v2\/users\/166"}],"replies":[{"embeddable":true,"href":"https:\/\/www.upo.es\/patio-colorado\/wp-json\/wp\/v2\/comments?post=9381"}],"version-history":[{"count":1,"href":"https:\/\/www.upo.es\/patio-colorado\/wp-json\/wp\/v2\/posts\/9381\/revisions"}],"predecessor-version":[{"id":9385,"href":"https:\/\/www.upo.es\/patio-colorado\/wp-json\/wp\/v2\/posts\/9381\/revisions\/9385"}],"wp:featuredmedia":[{"embeddable":true,"href":"https:\/\/www.upo.es\/patio-colorado\/wp-json\/wp\/v2\/media\/9384"}],"wp:attachment":[{"href":"https:\/\/www.upo.es\/patio-colorado\/wp-json\/wp\/v2\/media?parent=9381"}],"wp:term":[{"taxonomy":"category","embeddable":true,"href":"https:\/\/www.upo.es\/patio-colorado\/wp-json\/wp\/v2\/categories?post=9381"},{"taxonomy":"post_tag","embeddable":true,"href":"https:\/\/www.upo.es\/patio-colorado\/wp-json\/wp\/v2\/tags?post=9381"}],"curies":[{"name":"wp","href":"https:\/\/api.w.org\/{rel}","templated":true}]}}