{"id":9383,"date":"2025-03-13T10:43:59","date_gmt":"2025-03-13T10:43:59","guid":{"rendered":"https:\/\/www.upo.es\/patio-colorado\/?p=9383"},"modified":"2025-03-17T12:03:50","modified_gmt":"2025-03-17T12:03:50","slug":"trazadas-que-suenan-y-bailan","status":"publish","type":"post","link":"https:\/\/www.upo.es\/patio-colorado\/2025\/03\/13\/trazadas-que-suenan-y-bailan\/","title":{"rendered":"Trazadas que suenan y bailan."},"content":{"rendered":"<p><span style=\"font-weight: 400\">\u00a1Hola color\u00e1s y coloraos! <\/span><span style=\"font-weight: 400\">La profunda pasi\u00f3n que transmite el flamenco ha inspirado a numerosos artistas de diferentes disciplinas creativas, entre ellas destacando las artes pl\u00e1sticas. Julio Romero de Torres ha transmitido con pinceladas la profundidad de las mujeres flamencas en sus obras, trazando expresiones intensas que llegan a postrarse. Ignacio Zuloaga cre\u00f3 con luces y sombras representaciones de la asombrosa grandeza de este arte. Por otro lado, Pablo Picasso acert\u00f3 en el cante y el baile flamencos con l\u00edneas sencillas pero brillantes en grabados o bocetos m\u00e1s simples pero repletos de energ\u00eda.<\/span><\/p>\n<p><span style=\"font-weight: 400\">Aunque, como podemos comprobar, esta pasi\u00f3n no solo se ha caracterizado en la pintura. Murales y <\/span><i><span style=\"font-weight: 400\">graffitis<\/span><\/i><span style=\"font-weight: 400\"> han sido creados por artistas urbanos captando la majestuosidad y la esencia del cante y baile. Estas piezas, ubicadas mayormente en ciudades como Sevilla y Granada, con sus colores vibrantes y marcados trazos, nos ense\u00f1an otra manera de conservar la cultura en espacios p\u00fablicos.<\/span><\/p>\n<p><span style=\"font-weight: 400\">El flamenco tambi\u00e9n ha llevado su encanto al dise\u00f1o gr\u00e1fico en algunos aspectos. Los carteles de conciertos flamencos son la piedra angular de su promoci\u00f3n, desde el modernismo hasta la vanguardia. Ya sea a trav\u00e9s de diferentes m\u00e9todos, cada cartel intenta dar su propia interpretaci\u00f3n del flamenco con muchos enfoques para mantenerlo vivo. Algunos siguen constituyendo referencias visuales populares, prueba suficiente de su elasticidad de dise\u00f1o.<\/span><\/p>\n<p><span style=\"font-weight: 400\">El poder del flamenco sigue sorprendiendo y abriendo cientos de posibilidades de creaci\u00f3n. Destacados artistas de diferentes campos investigan continuamente en su iconograf\u00eda desde lienzos, pegatinas hasta materiales de arte digital. La relaci\u00f3n entre la m\u00fasica y las artes visuales es siempre cambiante, siendo la mejor prueba de esto estas formas de expresi\u00f3n art\u00edstica , que ni cantan ni bailan, pero nos hacen sentir que s\u00ed.<\/span><\/p>\n<p><span style=\"font-weight: 400\">El flamenco se reinventa constantemente, adapt\u00e1ndose a las nuevas tendencias sin perder su esencia. Por ello, an\u00edmate a observar c\u00f3mo se despliega en cada pincelada y en cada cartel, y a sumergirte en su energ\u00eda transformada pero siempre aut\u00e9ntica. Puente entre el pasado y el futuro, el flamenco sigue cautivando con su pasi\u00f3n y profundidad.<\/span><\/p>\n<p>&nbsp;<\/p>\n<p><strong>Referencias:\u00a0<\/strong><\/p>\n<ul>\n<li style=\"font-weight: 400\"><span style=\"font-weight: 400\">\u00a0Villa, M.\u00a0(s.f.).\u00a0<em>El flamenco en el arte y la literatura<\/em>. MICAELAVILLA.\u00a0<a href=\"https:\/\/micaelavilla.com\/el-flamenco-en-el-arte-y-la-literatura\/\" target=\"_blank\" rel=\"noopener\" data-saferedirecturl=\"https:\/\/www.google.com\/url?q=https:\/\/micaelavilla.com\/el-flamenco-en-el-arte-y-la-literatura\/&amp;source=gmail&amp;ust=1742299273460000&amp;usg=AOvVaw3ltW7ETFZHX_TrpYi92g0f\">https:\/\/micaelavilla.com\/el-flamenco-en-el-arte-y-la-literatura\/<\/a>\u00a0<\/span><\/li>\n<li style=\"font-weight: 400\"><span style=\"font-weight: 400\">El Flamenco en Sevilla. (2019). El flamenco en la pintura. <\/span><i><span style=\"font-weight: 400\">El Flamenco en Sevilla<\/span><\/i><span style=\"font-weight: 400\">. <\/span><a href=\"https:\/\/elflamencoensevilla.com\/flamenco-en-la-pintura\/\"><span style=\"font-weight: 400\">https:\/\/elflamencoensevilla.com\/flamenco-en-la-pintura\/<\/span><\/a><span style=\"font-weight: 400\">\u00a0<\/span><\/li>\n<\/ul>\n","protected":false},"excerpt":{"rendered":"<p>\u00a1Hola color\u00e1s y coloraos! La profunda pasi\u00f3n que transmite el flamenco ha inspirado a numerosos artistas de diferentes disciplinas creativas, entre ellas destacando las artes pl\u00e1sticas. Julio Romero de Torres ha transmitido con pinceladas la profundidad de las mujeres flamencas en sus obras, trazando expresiones intensas que llegan a postrarse. Ignacio Zuloaga cre\u00f3 con luces [&hellip;]<\/p>\n","protected":false},"author":167,"featured_media":9386,"comment_status":"open","ping_status":"open","sticky":false,"template":"","format":"standard","meta":{"_acf_changed":false,"_monsterinsights_skip_tracking":false,"_monsterinsights_sitenote_active":false,"_monsterinsights_sitenote_note":"","_monsterinsights_sitenote_category":0,"footnotes":""},"categories":[45,305,44,167,301],"tags":[80,55,128,99,89,160],"class_list":["post-9383","post","type-post","status-publish","format-standard","has-post-thumbnail","hentry","category-boletin-colorao","category-granada","category-patrimonio","category-pintura-escultura","category-sevilla","tag-actualidad","tag-andalucia","tag-artistas","tag-cultura","tag-flamenco","tag-pintura"],"blocksy_meta":[],"acf":[],"jetpack_featured_media_url":"https:\/\/www.upo.es\/patio-colorado\/wp-content\/uploads\/2025\/03\/trazados-q-suenan-y-bailan.jpg","_links":{"self":[{"href":"https:\/\/www.upo.es\/patio-colorado\/wp-json\/wp\/v2\/posts\/9383","targetHints":{"allow":["GET"]}}],"collection":[{"href":"https:\/\/www.upo.es\/patio-colorado\/wp-json\/wp\/v2\/posts"}],"about":[{"href":"https:\/\/www.upo.es\/patio-colorado\/wp-json\/wp\/v2\/types\/post"}],"author":[{"embeddable":true,"href":"https:\/\/www.upo.es\/patio-colorado\/wp-json\/wp\/v2\/users\/167"}],"replies":[{"embeddable":true,"href":"https:\/\/www.upo.es\/patio-colorado\/wp-json\/wp\/v2\/comments?post=9383"}],"version-history":[{"count":2,"href":"https:\/\/www.upo.es\/patio-colorado\/wp-json\/wp\/v2\/posts\/9383\/revisions"}],"predecessor-version":[{"id":9405,"href":"https:\/\/www.upo.es\/patio-colorado\/wp-json\/wp\/v2\/posts\/9383\/revisions\/9405"}],"wp:featuredmedia":[{"embeddable":true,"href":"https:\/\/www.upo.es\/patio-colorado\/wp-json\/wp\/v2\/media\/9386"}],"wp:attachment":[{"href":"https:\/\/www.upo.es\/patio-colorado\/wp-json\/wp\/v2\/media?parent=9383"}],"wp:term":[{"taxonomy":"category","embeddable":true,"href":"https:\/\/www.upo.es\/patio-colorado\/wp-json\/wp\/v2\/categories?post=9383"},{"taxonomy":"post_tag","embeddable":true,"href":"https:\/\/www.upo.es\/patio-colorado\/wp-json\/wp\/v2\/tags?post=9383"}],"curies":[{"name":"wp","href":"https:\/\/api.w.org\/{rel}","templated":true}]}}