{"id":9409,"date":"2025-03-17T15:44:34","date_gmt":"2025-03-17T15:44:34","guid":{"rendered":"https:\/\/www.upo.es\/patio-colorado\/?p=9409"},"modified":"2025-04-21T08:33:09","modified_gmt":"2025-04-21T08:33:09","slug":"el-femas-ofrece-una-experiencia-musical-unica-sobre-el-barroco-a-estudiantes-de-distintos-centros-educativos-sevillanos","status":"publish","type":"post","link":"https:\/\/www.upo.es\/patio-colorado\/2025\/03\/17\/el-femas-ofrece-una-experiencia-musical-unica-sobre-el-barroco-a-estudiantes-de-distintos-centros-educativos-sevillanos\/","title":{"rendered":"El FeM\u00c0S ofrece una experiencia musical \u00fanica sobre el Barroco a estudiantes de distintos centros educativos sevillanos"},"content":{"rendered":"<p><span style=\"font-weight: 400\">\u00a1Hola color\u00e1s y coloraos!\u00a0<\/span><\/p>\n<p><span style=\"font-weight: 400\">El Festival de M\u00fasica Antigua de Sevilla (FeM\u00c0S) ofrece una experiencia musical \u00fanica a mil estudiantes de seis colegios de Sevilla, llevando la m\u00fasica barroca a las aulas en colaboraci\u00f3n con la Delegaci\u00f3n de Educaci\u00f3n y Juventud.<\/span><\/p>\n<p><span style=\"font-weight: 400\">Los ni\u00f1os y j\u00f3venes de primaria y secundaria podr\u00e1n disfrutar de la propuesta de Valent\u00edn S\u00e1nchez entre el 24 y el 28 de marzo. Adem\u00e1s de ser m\u00fasico y profesor, Valent\u00edn S\u00e1nchez es el fundador de la Joven Orquesta Barroca de Sevilla. Esta actividad, titulada <\/span><i><span style=\"font-weight: 400\">Viajando con Gulliver<\/span><\/i><span style=\"font-weight: 400\">, tiene como objetivo acercar la m\u00fasica antigua al p\u00fablico m\u00e1s joven de una manera divertida e innovadora, tal y como destaca Angie Moreno, delegada de Turismo y Cultura.<\/span><\/p>\n<p><span style=\"font-weight: 400\">Esta actividad se llevar\u00e1 a cabo de forma paralela al FeM\u00c0S, que tendr\u00e1 lugar entre el 21 de marzo y el 13 de abril, y que contar\u00e1 con 26 conciertos de gran nivel. Valent\u00edn S\u00e1nchez estar\u00e1 acompa\u00f1ado por su hijo en esta experiencia did\u00e1ctica, en la que se explorar\u00e1n el legado, los m\u00fasicos y compositores y las obras m\u00e1s relevantes del Barroco.<\/span><\/p>\n<p><span style=\"font-weight: 400\">La actividad tiene un enfoque did\u00e1ctico y colaborativo, por lo que los estudiantes tendr\u00e1n la oportunidad de \u00abganar recompensas\u00bb al prestar atenci\u00f3n. Adem\u00e1s, S\u00e1nchez destacar\u00e1 la importancia del viol\u00edn en el Barroco, subrayando las obras de Georg Philipp Telemann, quien adapt\u00f3 de manera muy creativa <\/span><i><span style=\"font-weight: 400\">Los viajes de Gulliver<\/span><\/i><span style=\"font-weight: 400\"> de Jonathan Swift.<\/span><\/p>\n<p><span style=\"font-weight: 400\">Esta experiencia comienza en el Colegio Nuestra Se\u00f1ora de las Mercedes de Heli\u00f3polis el 24 de marzo, con la participaci\u00f3n de 120 alumnos de 1\u00ba y 2\u00ba de ESO. El segundo evento tendr\u00e1 lugar en el Colegio Salesianos de San Pedro (Triana) el martes 25 de marzo, donde se contar\u00e1 con la presencia de 370 alumnos. El mi\u00e9rcoles 26 de marzo, la actividad se llevar\u00e1 a cabo en el IES Vel\u00e1zquez (Centro), con 120 alumnos de 2\u00ba de ESO. El jueves 27 de marzo, ser\u00e1 el turno del Colegio de las Irlandesas de Bami, que contar\u00e1 con 320 alumnos. Finalmente, el \u00faltimo evento se celebrar\u00e1 en el IES Ram\u00f3n Carande (Distrito Sur) con 70 alumnos.<\/span><\/p>\n<p><span style=\"font-weight: 400\">Para m\u00e1s informaci\u00f3n, acceder al sitio web:<\/span><a href=\"http:\/\/www.femas.es\/\"> <span style=\"font-weight: 400\">www.femas.es<\/span><\/a><span style=\"font-weight: 400\">.<\/span><\/p>\n<p><span style=\"font-weight: 400\">\u00a0BIBLIOGRAF\u00cdA\u00a0<\/span><\/p>\n<p><span style=\"font-weight: 400\">Ayuntamiento de Sevilla (2025). El FeM\u00c0S ofrece un Viaje Musical al Barroco a un total de mil escolares de seis Centros Educativos Sevillanos. <\/span><i><span style=\"font-weight: 400\">XLII Festival de M\u00fasica Antigua. Sevilla 2025. <\/span><\/i><a href=\"https:\/\/www.femas.es\/noticias\/femas-viaje-musical-al-barroco-centros-educativos-sevillanos\"><span style=\"font-weight: 400\">https:\/\/www.femas.es\/noticias\/femas-viaje-musical-al-barroco-centros-educativos-sevillanos<\/span><\/a><\/p>\n","protected":false},"excerpt":{"rendered":"<p>\u00a1Hola color\u00e1s y coloraos!\u00a0 El Festival de M\u00fasica Antigua de Sevilla (FeM\u00c0S) ofrece una experiencia musical \u00fanica a mil estudiantes de seis colegios de Sevilla, llevando la m\u00fasica barroca a las aulas en colaboraci\u00f3n con la Delegaci\u00f3n de Educaci\u00f3n y Juventud. Los ni\u00f1os y j\u00f3venes de primaria y secundaria podr\u00e1n disfrutar de la propuesta de [&hellip;]<\/p>\n","protected":false},"author":162,"featured_media":9410,"comment_status":"open","ping_status":"open","sticky":false,"template":"","format":"standard","meta":{"_acf_changed":false,"_monsterinsights_skip_tracking":false,"_monsterinsights_sitenote_active":false,"_monsterinsights_sitenote_note":"","_monsterinsights_sitenote_category":0,"footnotes":""},"categories":[1,12],"tags":[53,346,332,28],"class_list":["post-9409","post","type-post","status-publish","format-standard","has-post-thumbnail","hentry","category-sin-categoria","category-eventos","tag-musica","tag-patrimoniocultural","tag-sevilla-cultura","tag-arte"],"blocksy_meta":[],"acf":[],"jetpack_featured_media_url":"https:\/\/www.upo.es\/patio-colorado\/wp-content\/uploads\/2025\/03\/48c77f66-b4f7-4636-a973-91af13616be3.jpeg","_links":{"self":[{"href":"https:\/\/www.upo.es\/patio-colorado\/wp-json\/wp\/v2\/posts\/9409","targetHints":{"allow":["GET"]}}],"collection":[{"href":"https:\/\/www.upo.es\/patio-colorado\/wp-json\/wp\/v2\/posts"}],"about":[{"href":"https:\/\/www.upo.es\/patio-colorado\/wp-json\/wp\/v2\/types\/post"}],"author":[{"embeddable":true,"href":"https:\/\/www.upo.es\/patio-colorado\/wp-json\/wp\/v2\/users\/162"}],"replies":[{"embeddable":true,"href":"https:\/\/www.upo.es\/patio-colorado\/wp-json\/wp\/v2\/comments?post=9409"}],"version-history":[{"count":2,"href":"https:\/\/www.upo.es\/patio-colorado\/wp-json\/wp\/v2\/posts\/9409\/revisions"}],"predecessor-version":[{"id":9426,"href":"https:\/\/www.upo.es\/patio-colorado\/wp-json\/wp\/v2\/posts\/9409\/revisions\/9426"}],"wp:featuredmedia":[{"embeddable":true,"href":"https:\/\/www.upo.es\/patio-colorado\/wp-json\/wp\/v2\/media\/9410"}],"wp:attachment":[{"href":"https:\/\/www.upo.es\/patio-colorado\/wp-json\/wp\/v2\/media?parent=9409"}],"wp:term":[{"taxonomy":"category","embeddable":true,"href":"https:\/\/www.upo.es\/patio-colorado\/wp-json\/wp\/v2\/categories?post=9409"},{"taxonomy":"post_tag","embeddable":true,"href":"https:\/\/www.upo.es\/patio-colorado\/wp-json\/wp\/v2\/tags?post=9409"}],"curies":[{"name":"wp","href":"https:\/\/api.w.org\/{rel}","templated":true}]}}