{"id":9412,"date":"2025-03-17T17:23:48","date_gmt":"2025-03-17T17:23:48","guid":{"rendered":"https:\/\/www.upo.es\/patio-colorado\/?p=9412"},"modified":"2025-04-20T14:37:14","modified_gmt":"2025-04-20T14:37:14","slug":"ayudas-de-la-junta-de-andalucia-para-conservacion-y-restauracion-de-patrimonio-de-arte-sacro","status":"publish","type":"post","link":"https:\/\/www.upo.es\/patio-colorado\/2025\/03\/17\/ayudas-de-la-junta-de-andalucia-para-conservacion-y-restauracion-de-patrimonio-de-arte-sacro\/","title":{"rendered":"Ayudas de la Junta de Andaluc\u00eda para conservaci\u00f3n y restauraci\u00f3n de patrimonio de arte sacro"},"content":{"rendered":"<p><span style=\"font-weight: 400\">\u00a1Hola color\u00e1s y coloraos! Patricia del Pozo, consejera de Cultura, ha anunciado que las subvenciones pueden alcanzar hasta el 100% de la financiaci\u00f3n. Adem\u00e1s se agiliza el proceso al simplificar la tramitaci\u00f3n de estas, y priorizando proyectos en poblaciones de menos de 5000 habitantes. La Consejer\u00eda de Cultura y Deporte ha publicado la orden en la que se aprueban las bases reguladoras de estas ayudas para la restauraci\u00f3n y conservaci\u00f3n de diferentes bienes de car\u00e1cter religioso del patrimonio cultural. Estas subvenciones son la continuaci\u00f3n de las llevadas a cabo durante la pasada legislatura. Tambi\u00e9n, estas se suman a los m\u00e1s de seis millones de euros que se destinan mediante las ayudas de la Junta de Andaluc\u00eda para conservaci\u00f3n, protecci\u00f3n e inventario del patrimonio sacro andaluz.<\/span><\/p>\n<p><span style=\"font-weight: 400\">Entre las novedades de esta convocatoria podemos destacar como objetivo principal la agilizaci\u00f3n del proceso y disminuir las cargas administrativas. Estas est\u00e1n destinadas para personal t\u00e9cnico cualificado, as\u00ed tambi\u00e9n se promueve la generaci\u00f3n de empleo en el sector, y que los trabajos realizados dentro de este campo, que son tan importantes, sean realizados con un m\u00ednimo de calidad.<\/span><\/p>\n<p><span style=\"font-weight: 400\">En la convocatoria de este a\u00f1o, la cuant\u00eda aumentar\u00e1 hasta los 40.000 euros, y a diferencia de a\u00f1os anteriores, podr\u00e1n financiar la totalidad del presupuesto necesario. As\u00ed se evita que las entidades y los interesados tengan que buscar otras financiaciones ajenas para poder llevar a cabo sus trabajos de restauraci\u00f3n de los bienes patrimoniales. Asimismo, los peque\u00f1os y medianos municipios tendr\u00e1n prioridad frente a los proyectos presentados por entidades de grandes ciudades, pues estos \u00faltimos tienen m\u00e1s posibilidades de poder llevar a cabo sus trabajos por otros medios, a los que los primeros no pueden acceder tan f\u00e1cilmente.\u00a0<\/span><\/p>\n<p><span style=\"font-weight: 400\">En las solicitudes deber\u00e1n adjuntar, independientemente del tipo de protecci\u00f3n del bien a restaurar, un proyecto de conservaci\u00f3n. Del mismo modo, se actualizar\u00e1n los perfiles de los diferentes profesionales que llevan a cabo los trabajos. Se abre as\u00ed, la posibilidad de que los equipos t\u00e9cnicos incluyan a personas inscritas en el Registro de Artesanos de Andaluc\u00eda. Estos trabajos tendr\u00e1n un plazo m\u00e1ximo de ejecuci\u00f3n de 12 meses, salvo aquellos proyectos que superen los 40.000 euros, que contar\u00e1n con un plazo m\u00e1ximo de 18 meses. Una vez presentada la solicitud, se estima un plazo de 6 meses para adoptar y publicar la resoluci\u00f3n de este procedimiento. Esto se debe a que se espera una alta demanda y la gesti\u00f3n de estas es compleja.\u00a0<\/span><\/p>\n<p><b>Referencias<\/b><\/p>\n<p><span style=\"font-weight: 400\">Redacci\u00f3n Sevilla (11 de marzo de 2025). La Junta de Andaluc\u00eda aumentar\u00e1 hasta un m\u00e1ximo de 40.000 euros las ayudas para la conservaci\u00f3n y restauraci\u00f3n del arte sacro. <\/span><i><span style=\"font-weight: 400\">Diario de Sevilla<\/span><\/i><span style=\"font-weight: 400\">. https:\/\/www.diariodesevilla.es\/semana_santa\/junta-andalucia-aumentara-maximo-40_0_2003497572.html<\/span><\/p>\n","protected":false},"excerpt":{"rendered":"<p>\u00a1Hola color\u00e1s y coloraos! Patricia del Pozo, consejera de Cultura, ha anunciado que las subvenciones pueden alcanzar hasta el 100% de la financiaci\u00f3n. Adem\u00e1s se agiliza el proceso al simplificar la tramitaci\u00f3n de estas, y priorizando proyectos en poblaciones de menos de 5000 habitantes. La Consejer\u00eda de Cultura y Deporte ha publicado la orden en [&hellip;]<\/p>\n","protected":false},"author":152,"featured_media":9413,"comment_status":"open","ping_status":"open","sticky":false,"template":"","format":"standard","meta":{"_acf_changed":false,"_monsterinsights_skip_tracking":false,"_monsterinsights_sitenote_active":false,"_monsterinsights_sitenote_note":"","_monsterinsights_sitenote_category":0,"footnotes":""},"categories":[24],"tags":[80,55,64,346],"class_list":["post-9412","post","type-post","status-publish","format-standard","has-post-thumbnail","hentry","category-conservacion-y-restauracion","tag-actualidad","tag-andalucia","tag-patrimonio","tag-patrimoniocultural"],"blocksy_meta":[],"acf":[],"jetpack_featured_media_url":"https:\/\/www.upo.es\/patio-colorado\/wp-content\/uploads\/2025\/03\/7b85c9ea-6375-468b-9af0-c33b1dcf152b_16-9-aspect-ratio_1600w_0.webp","_links":{"self":[{"href":"https:\/\/www.upo.es\/patio-colorado\/wp-json\/wp\/v2\/posts\/9412","targetHints":{"allow":["GET"]}}],"collection":[{"href":"https:\/\/www.upo.es\/patio-colorado\/wp-json\/wp\/v2\/posts"}],"about":[{"href":"https:\/\/www.upo.es\/patio-colorado\/wp-json\/wp\/v2\/types\/post"}],"author":[{"embeddable":true,"href":"https:\/\/www.upo.es\/patio-colorado\/wp-json\/wp\/v2\/users\/152"}],"replies":[{"embeddable":true,"href":"https:\/\/www.upo.es\/patio-colorado\/wp-json\/wp\/v2\/comments?post=9412"}],"version-history":[{"count":2,"href":"https:\/\/www.upo.es\/patio-colorado\/wp-json\/wp\/v2\/posts\/9412\/revisions"}],"predecessor-version":[{"id":9432,"href":"https:\/\/www.upo.es\/patio-colorado\/wp-json\/wp\/v2\/posts\/9412\/revisions\/9432"}],"wp:featuredmedia":[{"embeddable":true,"href":"https:\/\/www.upo.es\/patio-colorado\/wp-json\/wp\/v2\/media\/9413"}],"wp:attachment":[{"href":"https:\/\/www.upo.es\/patio-colorado\/wp-json\/wp\/v2\/media?parent=9412"}],"wp:term":[{"taxonomy":"category","embeddable":true,"href":"https:\/\/www.upo.es\/patio-colorado\/wp-json\/wp\/v2\/categories?post=9412"},{"taxonomy":"post_tag","embeddable":true,"href":"https:\/\/www.upo.es\/patio-colorado\/wp-json\/wp\/v2\/tags?post=9412"}],"curies":[{"name":"wp","href":"https:\/\/api.w.org\/{rel}","templated":true}]}}